{"id":113210,"date":"2019-12-02T11:23:58","date_gmt":"2019-12-02T14:23:58","guid":{"rendered":"http:\/\/www.24baires.com\/?p=113210"},"modified":"2019-12-02T11:23:58","modified_gmt":"2019-12-02T14:23:58","slug":"las-ventas-minoristas-cayeron-71-interanual-en-noviembre","status":"publish","type":"post","link":"https:\/\/www.24baires.com\/?p=113210","title":{"rendered":"Las ventas minoristas cayeron 7,1% interanual en noviembre"},"content":{"rendered":"<p><img data-recalc-dims=\"1\" loading=\"lazy\" decoding=\"async\" src=\"https:\/\/i0.wp.com\/www.24baires.com\/wp-content\/uploads\/2016\/12\/supermercado.jpg?resize=560%2C311\" alt=\"\" width=\"560\" height=\"311\" class=\"aligncenter size-full wp-image-90967\" srcset=\"https:\/\/i0.wp.com\/www.24baires.com\/wp-content\/uploads\/2016\/12\/supermercado.jpg?w=560&amp;ssl=1 560w, https:\/\/i0.wp.com\/www.24baires.com\/wp-content\/uploads\/2016\/12\/supermercado.jpg?resize=300%2C167&amp;ssl=1 300w\" sizes=\"auto, (max-width: 560px) 100vw, 560px\" \/>Contin\u00faan los datos desalentadores. Un informe indic\u00f3 que las ventas acumulan en el a\u00f1o una baja de 12,3%.<!--more--><\/p>\n<p>La Confederaci\u00f3n Argentina de la Mediana Empresa (CAME) revel\u00f3 que los n\u00fameros que alcanzaron  las ventas minoristas del mes de noviembre, frente a igual mes del a\u00f1o pasado, son preocupantes, dado que  marcaron una baja de 7,1% interanual.<\/p>\n<p>Los resultados surgieron de la medici\u00f3n que CAME hizo en 1100 comercios de todo el pa\u00eds, entre  el mi\u00e9rcoles 27 y el s\u00e1bado 30 de noviembre. El estudio estuvo a cargo de un equipo de 27 encuestadores, localizados en todas las capitales del pa\u00eds, GBA y CABA.<\/p>\n<p>Tras el an\u00e1lisis, la Confederaci\u00f3n exhibi\u00f3 que las ventas acumulan en el a\u00f1o una baja de 12,3%, cuando se compara enero-noviembre de 2019 con iguales meses de 2018. Las ventas en locales al p\u00fablico cayeron 8,4 por ciento anual y en la modalidad online subieron 2,1%.<\/p>\n<p>Respecto a la venta por internet, revelaron que aumentaron 8 de los 12 sectores relevados en la comparaci\u00f3n anual. Si bien el peso de ese sector en la venta total a\u00fan es baja, sigue acrecent\u00e1ndose el desplazamiento hacia esos canales de consumo.<\/p>\n<p>En ese sentido, explicaron que en la comparaci\u00f3n mensual, sin desestacionalizar, las ventas en noviembre cayeron 18,7%, que se explica porque la actividad ese mes suele ser menor, adem\u00e1s de tener un d\u00eda menos.<\/p>\n","protected":false},"excerpt":{"rendered":"<p>Contin\u00faan los datos desalentadores. Un informe indic\u00f3 que las ventas acumulan en el a\u00f1o una baja de 12,3%.<\/p>\n","protected":false},"author":8,"featured_media":0,"comment_status":"open","ping_status":"open","sticky":false,"template":"","format":"standard","meta":{"_jetpack_newsletter_access":"","_jetpack_dont_email_post_to_subs":false,"_jetpack_newsletter_tier_id":0,"_jetpack_memberships_contains_paywalled_content":false,"_jetpack_memberships_contains_paid_content":false,"footnotes":""},"categories":[45],"tags":[],"class_list":["post-113210","post","type-post","status-publish","format-standard","hentry","category-economia"],"jetpack_featured_media_url":"","jetpack_shortlink":"https:\/\/wp.me\/p2JWE0-trY","jetpack-related-posts":[{"id":121065,"url":"https:\/\/www.24baires.com\/?p=121065","url_meta":{"origin":113210,"position":0},"title":"Los comercios sufren el ajuste: las ventas minoristas cayeron 25,5%","author":"GB","date":"04\/03\/2024","format":false,"excerpt":"Comparadas con el mismo per\u00edodo del a\u00f1o pasado, el primer bimestre registr\u00f3 una ca\u00edda acumulada del 27%. Las ventas en los comercios minoristas pymes registraron en febrero en promedio una ca\u00edda de 25,5% interanual a precios constantes, mientras que frente a enero pasado retrocedieron 7,4%, seg\u00fan un relevamiento realizado por\u2026","rel":"","context":"En \u00abConsumidores\u00bb","block_context":{"text":"Consumidores","link":"https:\/\/www.24baires.com\/?cat=78"},"img":{"alt_text":"","src":"https:\/\/i0.wp.com\/www.24baires.com\/wp-content\/uploads\/2018\/12\/compras-navidad.jpg?resize=350%2C200","width":350,"height":200,"srcset":"https:\/\/i0.wp.com\/www.24baires.com\/wp-content\/uploads\/2018\/12\/compras-navidad.jpg?resize=350%2C200 1x, https:\/\/i0.wp.com\/www.24baires.com\/wp-content\/uploads\/2018\/12\/compras-navidad.jpg?resize=525%2C300 1.5x, https:\/\/i0.wp.com\/www.24baires.com\/wp-content\/uploads\/2018\/12\/compras-navidad.jpg?resize=700%2C400 2x"},"classes":[]},{"id":97174,"url":"https:\/\/www.24baires.com\/?p=97174","url_meta":{"origin":113210,"position":1},"title":"Agosto registr\u00f3 una fuerte ca\u00edda en las ventas minoristas","author":"GB","date":"04\/09\/2017","format":false,"excerpt":"Las ventas cayeron 0,3 por ciento en relaci\u00f3n a igual mes del a\u00f1o anterior y acumularon en ocho meses una baja de 2,6 por ciento interanual, seg\u00fan un estudio de CAME. Adem\u00e1s, el informe sostiene que loa comerciantes debieron aplicar \u201cdescuentos muy agresivos para salir a la caza de compradores\u201d.\u2026","rel":"","context":"En \u00abEconom\u00eda\u00bb","block_context":{"text":"Econom\u00eda","link":"https:\/\/www.24baires.com\/?cat=45"},"img":{"alt_text":"","src":"https:\/\/i0.wp.com\/www.24baires.com\/wp-content\/uploads\/2017\/09\/disminuyen-las-ventas.jpg?resize=350%2C200","width":350,"height":200,"srcset":"https:\/\/i0.wp.com\/www.24baires.com\/wp-content\/uploads\/2017\/09\/disminuyen-las-ventas.jpg?resize=350%2C200 1x, https:\/\/i0.wp.com\/www.24baires.com\/wp-content\/uploads\/2017\/09\/disminuyen-las-ventas.jpg?resize=525%2C300 1.5x"},"classes":[]},{"id":93709,"url":"https:\/\/www.24baires.com\/?p=93709","url_meta":{"origin":113210,"position":2},"title":"Seg\u00fan la CAME, las ventas minoristas contin\u00faan a la baja","author":"AF","date":"10\/04\/2017","format":false,"excerpt":"Las ventas de comercios minoristas medidas en cantidades registraron en marzo una ca\u00edda de 4,4 por ciento en relaci\u00f3n a igual mes de 2016 y acumularon en el primer trimestre una baja de 3,7 por ciento interanual, seg\u00fan un sondeo de la Confederaci\u00f3n Argentina de la Mediana Empresa (CAME). \"Durante\u2026","rel":"","context":"En \u00abEconom\u00eda\u00bb","block_context":{"text":"Econom\u00eda","link":"https:\/\/www.24baires.com\/?cat=45"},"img":{"alt_text":"","src":"https:\/\/i0.wp.com\/www.24baires.com\/wp-content\/uploads\/2017\/04\/liquidaci%C3%B3n.jpg?resize=350%2C200","width":350,"height":200,"srcset":"https:\/\/i0.wp.com\/www.24baires.com\/wp-content\/uploads\/2017\/04\/liquidaci%C3%B3n.jpg?resize=350%2C200 1x, https:\/\/i0.wp.com\/www.24baires.com\/wp-content\/uploads\/2017\/04\/liquidaci%C3%B3n.jpg?resize=525%2C300 1.5x"},"classes":[]},{"id":106680,"url":"https:\/\/www.24baires.com\/?p=106680","url_meta":{"origin":113210,"position":3},"title":"Casi el 80% de los comercios informaron menos ventas en enero","author":"AF","date":"04\/02\/2019","format":false,"excerpt":"En la comparaci\u00f3n interanual en enero se registr\u00f3 un 11,6% menos de ventas. Los rubros que m\u00e1s cayeron fueron \"Bijouterie\", \"Calzado y Marroquiner\u00eda\" y Muebles. El gobierno de Mauricio Macri no logra encontrarle la vuelta a la recesi\u00f3n y el consumo sigue en ca\u00edda libre. De acuerdo con la Confederaci\u00f3n\u2026","rel":"","context":"En \u00abEconom\u00eda\u00bb","block_context":{"text":"Econom\u00eda","link":"https:\/\/www.24baires.com\/?cat=45"},"img":{"alt_text":"","src":"https:\/\/i0.wp.com\/www.24baires.com\/wp-content\/uploads\/2018\/10\/negocio.jpg?resize=350%2C200","width":350,"height":200,"srcset":"https:\/\/i0.wp.com\/www.24baires.com\/wp-content\/uploads\/2018\/10\/negocio.jpg?resize=350%2C200 1x, https:\/\/i0.wp.com\/www.24baires.com\/wp-content\/uploads\/2018\/10\/negocio.jpg?resize=525%2C300 1.5x"},"classes":[]},{"id":122752,"url":"https:\/\/www.24baires.com\/?p=122752","url_meta":{"origin":113210,"position":4},"title":"Las ventas minoristas PyME volvieron a caer en noviembre","author":"GB","date":"09\/12\/2025","format":false,"excerpt":"La entidad se\u00f1al\u00f3 que hubo retracci\u00f3n en seis de siete rubros. Las ventas minoristas PyMEs cayeron 4,1 por ciento en noviembre, seg\u00fan se desprende del \u00faltimo informe de la Confederaci\u00f3n Argentina de la Mediana Empresa (CAME). Las cifras, difundidas este lunes por la entidad, tambi\u00e9n informan que en la comparaci\u00f3n\u2026","rel":"","context":"En \u00abConsumidores\u00bb","block_context":{"text":"Consumidores","link":"https:\/\/www.24baires.com\/?cat=78"},"img":{"alt_text":"","src":"https:\/\/i0.wp.com\/www.24baires.com\/wp-content\/uploads\/2013\/10\/shopping.jpg?resize=350%2C200","width":350,"height":200,"srcset":"https:\/\/i0.wp.com\/www.24baires.com\/wp-content\/uploads\/2013\/10\/shopping.jpg?resize=350%2C200 1x, https:\/\/i0.wp.com\/www.24baires.com\/wp-content\/uploads\/2013\/10\/shopping.jpg?resize=525%2C300 1.5x, https:\/\/i0.wp.com\/www.24baires.com\/wp-content\/uploads\/2013\/10\/shopping.jpg?resize=700%2C400 2x"},"classes":[]},{"id":111466,"url":"https:\/\/www.24baires.com\/?p=111466","url_meta":{"origin":113210,"position":5},"title":"Las ventas de comercios minoristas cayeron 7,5% interanual en julio","author":"AF","date":"05\/08\/2019","format":false,"excerpt":"As\u00ed lo inform\u00f3 la Confederaci\u00f3n Argentina de la Mediana Empresa (CAME). La disminuci\u00f3n en las ventas interanuales alcanz\u00f3 al 66,4% de los comercios consultados. Las ventas de comercios minoristas cayeron 7,5% interanual en julio, pero \"mejoraron\" con relaci\u00f3n a junio, inform\u00f3 la Confederaci\u00f3n Argentina de la Mediana Empresa (CAME). La\u2026","rel":"","context":"En \u00abEconom\u00eda\u00bb","block_context":{"text":"Econom\u00eda","link":"https:\/\/www.24baires.com\/?cat=45"},"img":{"alt_text":"","src":"https:\/\/i0.wp.com\/www.24baires.com\/wp-content\/uploads\/2018\/12\/comercio.jpg?resize=350%2C200","width":350,"height":200,"srcset":"https:\/\/i0.wp.com\/www.24baires.com\/wp-content\/uploads\/2018\/12\/comercio.jpg?resize=350%2C200 1x, https:\/\/i0.wp.com\/www.24baires.com\/wp-content\/uploads\/2018\/12\/comercio.jpg?resize=525%2C300 1.5x"},"classes":[]}],"jetpack_sharing_enabled":true,"jetpack_likes_enabled":true,"_links":{"self":[{"href":"https:\/\/www.24baires.com\/index.php?rest_route=\/wp\/v2\/posts\/113210","targetHints":{"allow":["GET"]}}],"collection":[{"href":"https:\/\/www.24baires.com\/index.php?rest_route=\/wp\/v2\/posts"}],"about":[{"href":"https:\/\/www.24baires.com\/index.php?rest_route=\/wp\/v2\/types\/post"}],"author":[{"embeddable":true,"href":"https:\/\/www.24baires.com\/index.php?rest_route=\/wp\/v2\/users\/8"}],"replies":[{"embeddable":true,"href":"https:\/\/www.24baires.com\/index.php?rest_route=%2Fwp%2Fv2%2Fcomments&post=113210"}],"version-history":[{"count":1,"href":"https:\/\/www.24baires.com\/index.php?rest_route=\/wp\/v2\/posts\/113210\/revisions"}],"predecessor-version":[{"id":113211,"href":"https:\/\/www.24baires.com\/index.php?rest_route=\/wp\/v2\/posts\/113210\/revisions\/113211"}],"wp:attachment":[{"href":"https:\/\/www.24baires.com\/index.php?rest_route=%2Fwp%2Fv2%2Fmedia&parent=113210"}],"wp:term":[{"taxonomy":"category","embeddable":true,"href":"https:\/\/www.24baires.com\/index.php?rest_route=%2Fwp%2Fv2%2Fcategories&post=113210"},{"taxonomy":"post_tag","embeddable":true,"href":"https:\/\/www.24baires.com\/index.php?rest_route=%2Fwp%2Fv2%2Ftags&post=113210"}],"curies":[{"name":"wp","href":"https:\/\/api.w.org\/{rel}","templated":true}]}}