{"id":113190,"date":"2019-11-29T11:15:46","date_gmt":"2019-11-29T14:15:46","guid":{"rendered":"http:\/\/www.24baires.com\/?p=113190"},"modified":"2019-11-29T10:24:59","modified_gmt":"2019-11-29T13:24:59","slug":"industriales-alertaron-que-2019-cerrara-con-un-pbi-inferior-al-de-2009","status":"publish","type":"post","link":"https:\/\/www.24baires.com\/?p=113190","title":{"rendered":"Industriales alertaron que 2019 cerrar\u00e1 con un PBI \u201cinferior al de 2009\u201d"},"content":{"rendered":"<p><img data-recalc-dims=\"1\" loading=\"lazy\" decoding=\"async\" src=\"https:\/\/i0.wp.com\/www.24baires.com\/wp-content\/uploads\/2019\/11\/industriales.jpg?resize=560%2C314\" alt=\"\" width=\"560\" height=\"314\" class=\"aligncenter size-full wp-image-113191\" srcset=\"https:\/\/i0.wp.com\/www.24baires.com\/wp-content\/uploads\/2019\/11\/industriales.jpg?w=560&amp;ssl=1 560w, https:\/\/i0.wp.com\/www.24baires.com\/wp-content\/uploads\/2019\/11\/industriales.jpg?resize=300%2C168&amp;ssl=1 300w\" sizes=\"auto, (max-width: 560px) 100vw, 560px\" \/>As\u00ed lo expres\u00f3 uno de los vicepresidentes de la UIA, Miguel Rodr\u00edguez, quien adem\u00e1s expres\u00f3 su preocupaci\u00f3n por las m\u00e1s de 4.000 empresas que cerraron<!--more--><\/p>\n<p>Miguel \u00c1ngel Rodr\u00edguez, uno de los vicepresidentes de la Uni\u00f3n Industrial Argentina (UIA), estim\u00f3 este jueves que el pa\u00eds necesita crecer durante diez a\u00f1os a una tasa del 4% anual para recuperar el nivel de productividad de 2011. Tambi\u00e9n sugiri\u00f3 que este a\u00f1o cerrar\u00e1 con un Producto Bruto Interno \u201cinferior al de 2009 y con el cierre de m\u00e1s de 4.000 empresas, de las cuales el 95% eran pymes\u201d.<\/p>\n<p>\u201cEl panorama es a\u00fan m\u00e1s complejo si tomamos en cuenta las asimetr\u00edas estructurales del territorio nacional. Debido a los costos log\u00edsticos, las empresas radicadas en el interior pierden competitividad\u201d, se\u00f1al\u00f3 Rodr\u00edguez en la 25\u00ba Conferencia Anual de la c\u00e1mara empresarial, que se lleva a cabo en Parque Norte.<\/p>\n<p>En esa l\u00ednea, desliz\u00f3 el primer paso es \u201creactivar el mercado interno. Tambi\u00e9n es clave terminar con el ahogo financiero y fiscal al que est\u00e1n sometidas las empresas, para que as\u00ed se recomponga el capital de trabajo\u201d. Por eso, asegur\u00f3 el dirigente, es fundamental \u201cponer en marcha un plan de desarrollo\u201d y explic\u00f3 que \u201ces imprescindible contar con una econom\u00eda estable y previsible que permita recuperar el capital de trabajo e invertir en nuevas tecnolog\u00edas\u201d.<\/p>\n<p>\u201cEs imprescindible contar con una econom\u00eda estable y previsible, que permita recuperar el capital de trabajo e invertir en nuevas tecnolog\u00edas\u201d, agreg\u00f3 Rodr\u00edguez y adelant\u00f3 que el desaf\u00edo del Gobierno entrante \u201centrelaza componentes sociales, econ\u00f3micos, pol\u00edticos\u201d.<\/p>\n<p>Esta misma ma\u00f1ana disert\u00f3 Alberto Fern\u00e1ndez y por la tarde lo har\u00e1 el presidente saliente Mauricio Macri.<\/p>\n","protected":false},"excerpt":{"rendered":"<p>As\u00ed lo expres\u00f3 uno de los vicepresidentes de la UIA, Miguel Rodr\u00edguez, quien adem\u00e1s expres\u00f3 su preocupaci\u00f3n por las m\u00e1s de 4.000 empresas que cerraron<\/p>\n","protected":false},"author":8,"featured_media":0,"comment_status":"open","ping_status":"open","sticky":false,"template":"","format":"standard","meta":{"_jetpack_newsletter_access":"","_jetpack_dont_email_post_to_subs":false,"_jetpack_newsletter_tier_id":0,"_jetpack_memberships_contains_paywalled_content":false,"_jetpack_memberships_contains_paid_content":false,"footnotes":""},"categories":[45],"tags":[],"class_list":["post-113190","post","type-post","status-publish","format-standard","hentry","category-economia"],"jetpack_featured_media_url":"","jetpack_shortlink":"https:\/\/wp.me\/p2JWE0-trE","jetpack-related-posts":[{"id":118717,"url":"https:\/\/www.24baires.com\/?p=118717","url_meta":{"origin":113190,"position":0},"title":"Gobierno, CGT y UIA se reencuentran para tratar la inflaci\u00f3n","author":"GB","date":"05\/04\/2022","format":false,"excerpt":"Autoridades del Gobierno, la CGT y la UIA se re\u00fanen tras acordar \"enfrentar de manera m\u00e1s efectiva el problema de la inflaci\u00f3n\". El \u00faltimo d\u00eda del mes pasado, tanto desde el Gobierno, como la Confederaci\u00f3n General del Trabajo (CGT) y la Uni\u00f3n Industrial Argentina (UIA) acordaron institucionalizar una mesa tripartita\u2026","rel":"","context":"En \u00abEconom\u00eda\u00bb","block_context":{"text":"Econom\u00eda","link":"https:\/\/www.24baires.com\/?cat=45"},"img":{"alt_text":"","src":"https:\/\/i0.wp.com\/www.24baires.com\/wp-content\/uploads\/2022\/04\/mg_acuerdo_tripartito-1jpeg.jpeg?resize=350%2C200","width":350,"height":200},"classes":[]},{"id":36168,"url":"https:\/\/www.24baires.com\/?p=36168","url_meta":{"origin":113190,"position":1},"title":"Capitanich llam\u00f3 a pensar en un modelo de pa\u00eds \u00abfederal, integrado y con inclusi\u00f3n\u00bb","author":"GB","date":"03\/12\/2013","format":false,"excerpt":"Lo afirm\u00f3 este mediod\u00eda el jefe de Gabinete, Jorge Capitanich, al cerrar la 19\u00ba Conferencia Industrial que organiza la UIA. Adem\u00e1s, exhort\u00f3 a \"integrar el campo y la industria a la cadena de valor agregado\". Capitanich destac\u00f3 que en la Argentina actual hay 1.500 convenios colectivos de trabajo y resalt\u00f3\u2026","rel":"","context":"En \u00abPol\u00edtica\u00bb","block_context":{"text":"Pol\u00edtica","link":"https:\/\/www.24baires.com\/?cat=51"},"img":{"alt_text":"capitanich1","src":"https:\/\/i0.wp.com\/www.24baires.com\/wp-content\/uploads\/2013\/12\/capitanich1.jpg?resize=350%2C200","width":350,"height":200,"srcset":"https:\/\/i0.wp.com\/www.24baires.com\/wp-content\/uploads\/2013\/12\/capitanich1.jpg?resize=350%2C200 1x, https:\/\/i0.wp.com\/www.24baires.com\/wp-content\/uploads\/2013\/12\/capitanich1.jpg?resize=525%2C300 1.5x"},"classes":[]},{"id":111312,"url":"https:\/\/www.24baires.com\/?p=111312","url_meta":{"origin":113190,"position":2},"title":"\u00abNo podemos ir contra los derechos de los trabajadores como en los \u201890\u00bb","author":"AF","date":"24\/07\/2019","format":false,"excerpt":"El referente industrial Jos\u00e9 Urtubey se desmarc\u00f3 de las declaraciones el vice de la entidad, Daniel Funes de Rioja, y apunt\u00f3 a la macroeconom\u00eda y explic\u00f3 que \"las mejoras que dice el Gobierno no se ven en la econom\u00eda real\". El dirigente de la Uni\u00f3n Industrial Argentina (UIA), Jos\u00e9 Urtubey,\u2026","rel":"","context":"En \u00abPol\u00edtica\u00bb","block_context":{"text":"Pol\u00edtica","link":"https:\/\/www.24baires.com\/?cat=51"},"img":{"alt_text":"","src":"https:\/\/i0.wp.com\/www.24baires.com\/wp-content\/uploads\/2019\/07\/urtubey.png?resize=350%2C200","width":350,"height":200,"srcset":"https:\/\/i0.wp.com\/www.24baires.com\/wp-content\/uploads\/2019\/07\/urtubey.png?resize=350%2C200 1x, https:\/\/i0.wp.com\/www.24baires.com\/wp-content\/uploads\/2019\/07\/urtubey.png?resize=525%2C300 1.5x"},"classes":[]},{"id":26031,"url":"https:\/\/www.24baires.com\/?p=26031","url_meta":{"origin":113190,"position":3},"title":"La UIA muy conforme con la \u00abr\u00e1pida respuesta del Gobierno\u00bb a los reclamos","author":"AF","date":"15\/06\/2013","format":false,"excerpt":"El vicepresidente de la Uni\u00f3n Industrial Argentina, Juan Carlos Sacco, manifest\u00f3 hoy la satisfacci\u00f3n de la entidad en particular por \"prorrogar la l\u00ednea de cr\u00e9ditos para inversiones productivas y la posibilidad de destinar parte de ese dinero a capital de trabajo\". Juan Carlos Sacco destac\u00f3 \u201cla buena receptividad\u201d que tuvo\u2026","rel":"","context":"En \u00abEconom\u00eda\u00bb","block_context":{"text":"Econom\u00eda","link":"https:\/\/www.24baires.com\/?cat=45"},"img":{"alt_text":"sacco uia","src":"https:\/\/i0.wp.com\/www.24baires.com\/wp-content\/uploads\/2013\/06\/sacco-uia-257x300.jpg?resize=350%2C200","width":350,"height":200},"classes":[]},{"id":95225,"url":"https:\/\/www.24baires.com\/?p=95225","url_meta":{"origin":113190,"position":4},"title":"Empresarios industriales denuncian \u00abmafias\u00bb en juicios laborales","author":"AF","date":"15\/06\/2017","format":false,"excerpt":"Peque\u00f1os y medianos empresarios denunciaron hoy ser objeto de demandas laborales millonarias de personas que nunca trabajaron en sus empresas o de ex empleados que reclaman \"4,5 millones de pesos por una lumbalgia\". As\u00ed lo aseguraron, el vicepresidente de la Uni\u00f3n Industrial de la Provincia de Buenos Aires (UIPBA), Daniel\u2026","rel":"","context":"En \u00abSociedad\u00bb","block_context":{"text":"Sociedad","link":"https:\/\/www.24baires.com\/?cat=1"},"img":{"alt_text":"","src":"https:\/\/i0.wp.com\/www.24baires.com\/wp-content\/uploads\/2014\/05\/juicio.jpg?resize=350%2C200","width":350,"height":200,"srcset":"https:\/\/i0.wp.com\/www.24baires.com\/wp-content\/uploads\/2014\/05\/juicio.jpg?resize=350%2C200 1x, https:\/\/i0.wp.com\/www.24baires.com\/wp-content\/uploads\/2014\/05\/juicio.jpg?resize=525%2C300 1.5x"},"classes":[]},{"id":105815,"url":"https:\/\/www.24baires.com\/?p=105815","url_meta":{"origin":113190,"position":5},"title":"\u00abEl a\u00f1o es muy malo y la perspectiva para el siguiente nos tiene m\u00e1s que preocupados\u00bb","author":"AF","date":"07\/12\/2018","format":false,"excerpt":"As\u00ed lo dijo el presidente de la Uni\u00f3n Industrial Argentina (UIA), Miguel Acevedo. Explic\u00f3 que \"hay una baja generalizada de la industria en el \u00faltimo semestre, no hay sector que se haya salvado del parate\". El presidente de la Uni\u00f3n Industrial Argentina (UIA), Miguel Acevedo, sostuvo que \"hay una baja\u2026","rel":"","context":"En \u00abEconom\u00eda\u00bb","block_context":{"text":"Econom\u00eda","link":"https:\/\/www.24baires.com\/?cat=45"},"img":{"alt_text":"","src":"https:\/\/i0.wp.com\/www.24baires.com\/wp-content\/uploads\/2018\/11\/industria.jpg?resize=350%2C200","width":350,"height":200,"srcset":"https:\/\/i0.wp.com\/www.24baires.com\/wp-content\/uploads\/2018\/11\/industria.jpg?resize=350%2C200 1x, https:\/\/i0.wp.com\/www.24baires.com\/wp-content\/uploads\/2018\/11\/industria.jpg?resize=525%2C300 1.5x"},"classes":[]}],"jetpack_sharing_enabled":true,"jetpack_likes_enabled":true,"_links":{"self":[{"href":"https:\/\/www.24baires.com\/index.php?rest_route=\/wp\/v2\/posts\/113190","targetHints":{"allow":["GET"]}}],"collection":[{"href":"https:\/\/www.24baires.com\/index.php?rest_route=\/wp\/v2\/posts"}],"about":[{"href":"https:\/\/www.24baires.com\/index.php?rest_route=\/wp\/v2\/types\/post"}],"author":[{"embeddable":true,"href":"https:\/\/www.24baires.com\/index.php?rest_route=\/wp\/v2\/users\/8"}],"replies":[{"embeddable":true,"href":"https:\/\/www.24baires.com\/index.php?rest_route=%2Fwp%2Fv2%2Fcomments&post=113190"}],"version-history":[{"count":1,"href":"https:\/\/www.24baires.com\/index.php?rest_route=\/wp\/v2\/posts\/113190\/revisions"}],"predecessor-version":[{"id":113192,"href":"https:\/\/www.24baires.com\/index.php?rest_route=\/wp\/v2\/posts\/113190\/revisions\/113192"}],"wp:attachment":[{"href":"https:\/\/www.24baires.com\/index.php?rest_route=%2Fwp%2Fv2%2Fmedia&parent=113190"}],"wp:term":[{"taxonomy":"category","embeddable":true,"href":"https:\/\/www.24baires.com\/index.php?rest_route=%2Fwp%2Fv2%2Fcategories&post=113190"},{"taxonomy":"post_tag","embeddable":true,"href":"https:\/\/www.24baires.com\/index.php?rest_route=%2Fwp%2Fv2%2Ftags&post=113190"}],"curies":[{"name":"wp","href":"https:\/\/api.w.org\/{rel}","templated":true}]}}