{"id":113172,"date":"2019-11-27T20:52:02","date_gmt":"2019-11-27T23:52:02","guid":{"rendered":"http:\/\/www.24baires.com\/?p=113172"},"modified":"2019-11-27T20:52:02","modified_gmt":"2019-11-27T23:52:02","slug":"entonces-hablar-amor","status":"publish","type":"post","link":"https:\/\/www.24baires.com\/?p=113172","title":{"rendered":"Entonces, hablar amor"},"content":{"rendered":"<p><img data-recalc-dims=\"1\" loading=\"lazy\" decoding=\"async\" src=\"https:\/\/i0.wp.com\/www.24baires.com\/wp-content\/uploads\/2019\/11\/cfk-alberto.jpg?resize=560%2C312\" alt=\"\" width=\"560\" height=\"312\" class=\"aligncenter size-full wp-image-113173\" srcset=\"https:\/\/i0.wp.com\/www.24baires.com\/wp-content\/uploads\/2019\/11\/cfk-alberto.jpg?w=560&amp;ssl=1 560w, https:\/\/i0.wp.com\/www.24baires.com\/wp-content\/uploads\/2019\/11\/cfk-alberto.jpg?resize=300%2C167&amp;ssl=1 300w\" sizes=\"auto, (max-width: 560px) 100vw, 560px\" \/>La derecha ha construido un lenguaje com\u00fan que pueden hablar con fluidez en cualquier rinc\u00f3n del mundo. La derecha, -y digo el poder real, el econ\u00f3mico, f\u00e1ctico y transnacional- ha logrado que el odio sea la lengua unificadora que se impone sin restricciones de banderas, geograf\u00edas o pasados recientes. Es el odio el hilo conductor que hace temblar la democracia en tantos pa\u00edses latinoamericanos. Es el odio el sendero minado que va explotando, sistem\u00e1tico, con el paso de las nuevas tiran\u00edas de traidores a la patria. Porque resulta fundamental, en la receta neoliberal, que nacidos en estas tierras elijan desangrarlas. El Imperio tiene sucursales m\u00e1s all\u00e1 de sus Embajadas: en cada rinc\u00f3n de Latinoam\u00e9rica pululan quienes entregar\u00edan a su madre o su patria, que es lo mismo, por cosas tan absurdas como el dinero. <!--more--><\/p>\n<p>Porque hay muchas formas de darle la llave a la derecha internacional que todo lo descompone, que todo corrompe, que todo lo mata, menos su hambre de pobres. En Argentina, por ejemplo, Macri entreg\u00f3 nuestra soberan\u00eda econ\u00f3mica para poder fugar millonadas de d\u00f3lares junto a su secta de chetos ladrones. Llegar a la Presidencia fue parte de esa estrategia, un medio para otros fines. <\/p>\n<p>Pero el plan es grande. Porque las casualidades no existen cuando Latinoam\u00e9rica toda es un pu\u00f1o en alto, pateando el tablero de lo instaurado, desafiando, desde el subsuelo de la historia, el sitio que un pu\u00f1ado de poderosos ha decidido que ocupemos. <\/p>\n<p>Y es el odio el palo lazarillo de quienes tienen los ojos ciegos para lo esencial, es el odio el gran combustible de la desigualdad. Es la clave, es el idioma en que hablan tanto pobres como ricos, porque el odio destruye el sentido com\u00fan y erige en su lugar una mentira que dice que es el m\u00e9rito lo que nos ubica, de alguna manera, en nuestro lugar. Esa mentira que trata de oscurecer una realidad constitutiva: no es lo mismo nacer rodeado de oportunidades que nacer sin ellas, como no es lo mismo nadar en agua que nadar en mierda. <\/p>\n<p>En Chile, Hait\u00ed, Colombia, Brasil, el pueblo oprimido y postergado se vuelca a las calles y resiste los embates del Estado, las torturas, las violaciones y todos los abusos conocidos y los que las fuerzas represivas se aprestan a inventar. Porque las fuerzas represivas se parecen en todas partes, porque los derechos que nos roban se parecen, en todas partes. Como podemos ver ahora en Bolivia: polic\u00edas y militares haciendo sonar todos los compases de una dictadura hecha y derecha. Sobre todo derecha, porque est\u00e1n matando ind\u00edgenas con la biblia en alto, proclamando reivindicaciones sangrientas y prometiendo, s\u00e1dicos, fuegos y castigos para quienes piensen distinto, y les aplican el infierno aqu\u00ed en la tierra. Porque ese es el plan que siempre han tenido para nuestra regi\u00f3n: saquearla y exterminar a quienes se interpongan. <\/p>\n<p>Porque la derecha boliviana, es la derecha chilena, es la derecha brasile\u00f1a. Tambi\u00e9n est\u00e1 en Colombia y, de hecho, gobierna por unos d\u00edas m\u00e1s en Argentina y se asoma al Uruguay. Es la mano de hierro del Imperio, de los poderosos de todas las \u00e9pocas, del pu\u00f1ado de due\u00f1os del mundo. Es la mano de hierro que oprime a los pueblos y enfrenta pobres contra pobres, como primera estrategia. Siembra el miedo al otro, a la otra. Siembra la desconfianza y la envidia.<\/p>\n<p>En estas tierras empe\u00f1adas en ser libres y soberanas, regadas de neoliberales y conservadores que solo piensan en nosotros como esclavos de sus empresas para pocos, es el odio lo que se parece en toda partes, es el odio lo que le clava el pu\u00f1al en las tripas a la igualdad, a la diversidad. Es el odio que vuelve invisible al enemigo y enfrenta hermanos. <\/p>\n<p>Entonces, \u00bfqu\u00e9 estamos esperando para construir nuestro lenguaje com\u00fan? Ese lenguaje es la empat\u00eda, el amor. Todos, todas, todes podemos hablar amor. Deber\u00edamos. Es la tarea, aprender los gestos, los signos, los significados de este idioma que nos contenga, nos nombre, nos enlace y nos sostenga frente a las arremetidas del odio que grita tan fuerte en todas partes. Porque esa debe ser la conformaci\u00f3n de un sentido com\u00fan diverso, de una identidad que nos represente y nos una frente a gobernantes que le declaran la guerra a sus pueblos, frente a inescrupulosos que traicionan su casa. Porque ese sentido com\u00fan ha de ser la empat\u00eda, la solidaridad sin banderas ni fronteras, porque es la solidaridad de las ideas.  <\/p>\n<p>Y aqu\u00ed en nuestro pa\u00eds, por ejemplo, se ha invertido la cuesti\u00f3n, porque Alberto y Cristina no s\u00f3lo ser\u00e1n la piedra en la bota del Imperio, adem\u00e1s ser\u00e1n basti\u00f3n de resistencia y reconstrucci\u00f3n. Porque la Patria Grande est\u00e1 golpeada, hambreada y saqueada, pero no arrodillada: est\u00e1 despierta, bien despabilada. Vamos a poner a Argentina de pie, porque volver mejores tambi\u00e9n es entender que debemos ayudar a poner de pie a Latinoam\u00e9rica. <\/p>\n","protected":false},"excerpt":{"rendered":"<p>La derecha ha construido un lenguaje com\u00fan que pueden hablar con fluidez en cualquier rinc\u00f3n del mundo. La derecha, -y digo el poder real, el econ\u00f3mico, f\u00e1ctico y transnacional- ha logrado que el odio sea la lengua unificadora que se impone sin restricciones de banderas, geograf\u00edas o pasados recientes. Es el odio el hilo conductor que hace temblar la democracia [&#8230;]<\/p>\n","protected":false},"author":4,"featured_media":0,"comment_status":"open","ping_status":"open","sticky":false,"template":"","format":"standard","meta":{"_jetpack_newsletter_access":"","_jetpack_dont_email_post_to_subs":false,"_jetpack_newsletter_tier_id":0,"_jetpack_memberships_contains_paywalled_content":false,"_jetpack_memberships_contains_paid_content":false,"footnotes":""},"categories":[64],"tags":[],"class_list":["post-113172","post","type-post","status-publish","format-standard","hentry","category-opinion"],"jetpack_featured_media_url":"","jetpack_shortlink":"https:\/\/wp.me\/p2JWE0-trm","jetpack-related-posts":[{"id":2639,"url":"https:\/\/www.24baires.com\/?p=2639","url_meta":{"origin":113172,"position":0},"title":"Sabbatella habl\u00f3 de \u00abanclar territorialmente en todos los rincones de la patria\u00bb la Ley de Medios","author":"Grupo Sierra","date":"19\/10\/2012","format":false,"excerpt":"El presidente de la Autoridad Federal de Servicios de Comunicaci\u00f3n Audiovisual (AFSCA), Mart\u00edn Sabbatella, afirm\u00f3 hoy que \"necesitamos terminar de anclar territorialmente el valor de esta ley en cada uno de los rincones de nuestra patria\". Sabbatella formul\u00f3 estas declaraciones al participar de la presentaci\u00f3n de un convenio firmado con\u2026","rel":"","context":"En \u00abMedios\u00bb","block_context":{"text":"Medios","link":"https:\/\/www.24baires.com\/?cat=54"},"img":{"alt_text":"","src":"https:\/\/i0.wp.com\/www.24baires.com\/wp-content\/uploads\/2012\/10\/Sabatella_1_Pascual_19102012_aa_83312.jpg?resize=350%2C200","width":350,"height":200,"srcset":"https:\/\/i0.wp.com\/www.24baires.com\/wp-content\/uploads\/2012\/10\/Sabatella_1_Pascual_19102012_aa_83312.jpg?resize=350%2C200 1x, https:\/\/i0.wp.com\/www.24baires.com\/wp-content\/uploads\/2012\/10\/Sabatella_1_Pascual_19102012_aa_83312.jpg?resize=525%2C300 1.5x"},"classes":[]},{"id":42699,"url":"https:\/\/www.24baires.com\/?p=42699","url_meta":{"origin":113172,"position":1},"title":"\u00abEl proyecto es claro: democracia o corporaciones\u00bb asegur\u00f3 Taty Almeida","author":"GB","date":"24\/03\/2014","format":false,"excerpt":"La dirigente de Madres de Plaza de Mayo-Linea Fundadora, Taty Almeida, afirm\u00f3 que \"el proyecto es claro, democracia o corporaciones\", al leer parte del documento que firmaron las organizaciones que participan del acto en Plaza de Mayo en conmemoraci\u00f3n del 38 aniversario del golpe c\u00edvico militar. \"Hay unos pocos que\u2026","rel":"","context":"En \u00abMemoria\u00bb","block_context":{"text":"Memoria","link":"https:\/\/www.24baires.com\/?cat=50"},"img":{"alt_text":"taty almeida","src":"https:\/\/i0.wp.com\/www.24baires.com\/wp-content\/uploads\/2014\/03\/taty-almeida.jpg?resize=350%2C200","width":350,"height":200,"srcset":"https:\/\/i0.wp.com\/www.24baires.com\/wp-content\/uploads\/2014\/03\/taty-almeida.jpg?resize=350%2C200 1x, https:\/\/i0.wp.com\/www.24baires.com\/wp-content\/uploads\/2014\/03\/taty-almeida.jpg?resize=525%2C300 1.5x"},"classes":[]},{"id":43211,"url":"https:\/\/www.24baires.com\/?p=43211","url_meta":{"origin":113172,"position":2},"title":"Los promotores del odio de ayer y de hoy, a 32 a\u00f1os de Malvinas","author":"GB","date":"02\/04\/2014","format":false,"excerpt":"Estamos atravesando \u00e9pocas donde algunos se esfuerzan por hacernos creer que hay vidas con m\u00e1s valor que otras. Que hay quienes creen tener, por alg\u00fan circunstancial hecho, potestades sobre las vidas de otros y que esos otros no tienen derechos, al menos no los mismos derechos que nosotros. Y hacen\u2026","rel":"","context":"En \u00abOpini\u00f3n\u00bb","block_context":{"text":"Opini\u00f3n","link":"https:\/\/www.24baires.com\/?cat=64"},"img":{"alt_text":"MALVINAS2","src":"https:\/\/i0.wp.com\/www.24baires.com\/wp-content\/uploads\/2014\/04\/MALVINAS2.jpg?resize=350%2C200","width":350,"height":200,"srcset":"https:\/\/i0.wp.com\/www.24baires.com\/wp-content\/uploads\/2014\/04\/MALVINAS2.jpg?resize=350%2C200 1x, https:\/\/i0.wp.com\/www.24baires.com\/wp-content\/uploads\/2014\/04\/MALVINAS2.jpg?resize=525%2C300 1.5x"},"classes":[]},{"id":120308,"url":"https:\/\/www.24baires.com\/?p=120308","url_meta":{"origin":113172,"position":3},"title":"Massa alert\u00f3 sobre \u00abel programa de ajuste\u00bb de la oposici\u00f3n","author":"AF","date":"25\/07\/2023","format":false,"excerpt":"El ministro y precandidato a presidente llam\u00f3 a \"recuperar la esperanza\" y no volver atr\u00e1s \"a la discriminaci\u00f3n, el odio, la violencia y la descalificaci\u00f3n\". \"Impulsan recortes de la plata en universidades, en hospitales, cloacas, agua, viviendas y becas, porque lo consideran un gasto\", precis\u00f3. El ministro de Econom\u00eda y\u2026","rel":"","context":"En \u00abPol\u00edtica\u00bb","block_context":{"text":"Pol\u00edtica","link":"https:\/\/www.24baires.com\/?cat=51"},"img":{"alt_text":"","src":"https:\/\/i0.wp.com\/www.24baires.com\/wp-content\/uploads\/2022\/09\/massa..jpg?resize=350%2C200","width":350,"height":200,"srcset":"https:\/\/i0.wp.com\/www.24baires.com\/wp-content\/uploads\/2022\/09\/massa..jpg?resize=350%2C200 1x, https:\/\/i0.wp.com\/www.24baires.com\/wp-content\/uploads\/2022\/09\/massa..jpg?resize=525%2C300 1.5x, https:\/\/i0.wp.com\/www.24baires.com\/wp-content\/uploads\/2022\/09\/massa..jpg?resize=700%2C400 2x"},"classes":[]},{"id":24363,"url":"https:\/\/www.24baires.com\/?p=24363","url_meta":{"origin":113172,"position":4},"title":"Cristina: \u00abPor mal que les pese a algunos, \u00e9sta fue una d\u00e9cada ganada por el pueblo\u00bb","author":"Grupo Sierra","date":"25\/05\/2013","format":false,"excerpt":"Cristina Fern\u00e1ndez de Kirchner encabez\u00f3 el acto popular en la Plaza de Mayo, al cumplirse diez a\u00f1os de la gesti\u00f3n iniciada por N\u00e9stor Kirchner. \"Es necesario empoderar a la sociedad de estas reformas y conquistas\"\u200b, dijo. \u201cYo no soy eterna y tampoco quiero serlo. Es necesario empoderar al pueblo, a\u2026","rel":"","context":"En \u00abPol\u00edtica\u00bb","block_context":{"text":"Pol\u00edtica","link":"https:\/\/www.24baires.com\/?cat=51"},"img":{"alt_text":"cristina decada ganada","src":"https:\/\/i0.wp.com\/www.24baires.com\/wp-content\/uploads\/2013\/05\/cristina-decada-ganada.jpg?resize=350%2C200","width":350,"height":200,"srcset":"https:\/\/i0.wp.com\/www.24baires.com\/wp-content\/uploads\/2013\/05\/cristina-decada-ganada.jpg?resize=350%2C200 1x, https:\/\/i0.wp.com\/www.24baires.com\/wp-content\/uploads\/2013\/05\/cristina-decada-ganada.jpg?resize=525%2C300 1.5x"},"classes":[]},{"id":108085,"url":"https:\/\/www.24baires.com\/?p=108085","url_meta":{"origin":113172,"position":5},"title":"Un amor como el nuestro","author":"AF","date":"10\/05\/2019","format":false,"excerpt":"OPINI\u00d3N: Mar\u00eda Jos\u00e9 S\u00e1nchez Supongo que as\u00ed ha de pasar con las personas que le cambian la vida a millones. Imagino, siguiendo un poco el intrincado entramado de nuestra historia, que as\u00ed debe suceder con quienes marcan un antes y un despu\u00e9s en todo, con su presencia, con su accionar\u2026","rel":"","context":"En \u00abOpini\u00f3n\u00bb","block_context":{"text":"Opini\u00f3n","link":"https:\/\/www.24baires.com\/?cat=64"},"img":{"alt_text":"","src":"https:\/\/i0.wp.com\/www.24baires.com\/wp-content\/uploads\/2019\/05\/cfk.jpg?resize=350%2C200","width":350,"height":200,"srcset":"https:\/\/i0.wp.com\/www.24baires.com\/wp-content\/uploads\/2019\/05\/cfk.jpg?resize=350%2C200 1x, https:\/\/i0.wp.com\/www.24baires.com\/wp-content\/uploads\/2019\/05\/cfk.jpg?resize=525%2C300 1.5x"},"classes":[]}],"jetpack_sharing_enabled":true,"jetpack_likes_enabled":true,"_links":{"self":[{"href":"https:\/\/www.24baires.com\/index.php?rest_route=\/wp\/v2\/posts\/113172","targetHints":{"allow":["GET"]}}],"collection":[{"href":"https:\/\/www.24baires.com\/index.php?rest_route=\/wp\/v2\/posts"}],"about":[{"href":"https:\/\/www.24baires.com\/index.php?rest_route=\/wp\/v2\/types\/post"}],"author":[{"embeddable":true,"href":"https:\/\/www.24baires.com\/index.php?rest_route=\/wp\/v2\/users\/4"}],"replies":[{"embeddable":true,"href":"https:\/\/www.24baires.com\/index.php?rest_route=%2Fwp%2Fv2%2Fcomments&post=113172"}],"version-history":[{"count":1,"href":"https:\/\/www.24baires.com\/index.php?rest_route=\/wp\/v2\/posts\/113172\/revisions"}],"predecessor-version":[{"id":113174,"href":"https:\/\/www.24baires.com\/index.php?rest_route=\/wp\/v2\/posts\/113172\/revisions\/113174"}],"wp:attachment":[{"href":"https:\/\/www.24baires.com\/index.php?rest_route=%2Fwp%2Fv2%2Fmedia&parent=113172"}],"wp:term":[{"taxonomy":"category","embeddable":true,"href":"https:\/\/www.24baires.com\/index.php?rest_route=%2Fwp%2Fv2%2Fcategories&post=113172"},{"taxonomy":"post_tag","embeddable":true,"href":"https:\/\/www.24baires.com\/index.php?rest_route=%2Fwp%2Fv2%2Ftags&post=113172"}],"curies":[{"name":"wp","href":"https:\/\/api.w.org\/{rel}","templated":true}]}}