{"id":113170,"date":"2019-11-27T19:36:34","date_gmt":"2019-11-27T22:36:34","guid":{"rendered":"http:\/\/www.24baires.com\/?p=113170"},"modified":"2019-11-27T20:37:37","modified_gmt":"2019-11-27T23:37:37","slug":"la-debacle-economica-de-este-ano-se-sentira-en-el-pbi-de-2020","status":"publish","type":"post","link":"https:\/\/www.24baires.com\/?p=113170","title":{"rendered":"La debacle econ\u00f3mica de este a\u00f1o se sentir\u00e1 en el PBI de 2020"},"content":{"rendered":"<p><img data-recalc-dims=\"1\" loading=\"lazy\" decoding=\"async\" src=\"https:\/\/i0.wp.com\/www.24baires.com\/wp-content\/uploads\/2018\/11\/industria.jpg?resize=560%2C315\" alt=\"\" width=\"560\" height=\"315\" class=\"aligncenter size-full wp-image-105585\" srcset=\"https:\/\/i0.wp.com\/www.24baires.com\/wp-content\/uploads\/2018\/11\/industria.jpg?w=560&amp;ssl=1 560w, https:\/\/i0.wp.com\/www.24baires.com\/wp-content\/uploads\/2018\/11\/industria.jpg?resize=300%2C169&amp;ssl=1 300w\" sizes=\"auto, (max-width: 560px) 100vw, 560px\" \/>Consultoras econ\u00f3micas de toda la regi\u00f3n coinciden en que mientras la mayor\u00eda de las econom\u00edas latinoamericanas se recuperar\u00e1n en 2020, las de Argentina y Venezuela seguir\u00e1n en ca\u00edda aunque a un ritmo menor que el actual.<!--more--><\/p>\n<p>La Alianza Latinoamericana de Consultoras Econ\u00f3micas (LAECO, por sus siglas en ingl\u00e9s) que re\u00fane a las principales firmas de consultor\u00eda econ\u00f3mica independiente de Argentina, Bolivia, Brasil, Chile, Colombia, Costa Rica, Ecuador, M\u00e9xico, Paraguay, Per\u00fa, Uruguay y Venezuela no tuvieron miramientos al analizar la herencia que dejar\u00e1 Mauricio Macri cuando deje el poder el pr\u00f3ximo 10 de diciembre.<\/p>\n<p>En su \u00faltimo informe sobre la situaci\u00f3n econ\u00f3mica en Am\u00e9rica latina la LAECO advierte que mientras el pr\u00f3ximo a\u00f1o se espera que la econom\u00eda conjunta de esos 12 pa\u00edses vuelva a crecer (+1,1%), Argentina y Venezuela seguir\u00e1n \u00aben terreno negativo aunque caer\u00e1n a un menor ritmo\u00bb.<\/p>\n<p>As\u00ed, la inercia de la profunda recesi\u00f3n en que dejar\u00e1 el pa\u00eds Macri se seguir\u00e1 sintiendo a lo largo de 2020 y se espera que la recuperaci\u00f3n sea lenta.<\/p>\n","protected":false},"excerpt":{"rendered":"<p>Consultoras econ\u00f3micas de toda la regi\u00f3n coinciden en que mientras la mayor\u00eda de las econom\u00edas latinoamericanas se recuperar\u00e1n en 2020, las de Argentina y Venezuela seguir\u00e1n en ca\u00edda aunque a un ritmo menor que el actual.<\/p>\n","protected":false},"author":4,"featured_media":0,"comment_status":"open","ping_status":"open","sticky":false,"template":"","format":"standard","meta":{"_jetpack_newsletter_access":"","_jetpack_dont_email_post_to_subs":false,"_jetpack_newsletter_tier_id":0,"_jetpack_memberships_contains_paywalled_content":false,"_jetpack_memberships_contains_paid_content":false,"footnotes":""},"categories":[45],"tags":[],"class_list":["post-113170","post","type-post","status-publish","format-standard","hentry","category-economia"],"jetpack_featured_media_url":"","jetpack_shortlink":"https:\/\/wp.me\/p2JWE0-trk","jetpack-related-posts":[{"id":112338,"url":"https:\/\/www.24baires.com\/?p=112338","url_meta":{"origin":113170,"position":0},"title":"Estiman que la inflaci\u00f3n de septiembre fue de 5,8%","author":"GB","date":"03\/10\/2019","format":false,"excerpt":"El Banco Central de la Rep\u00fablica Argentina realiz\u00f3 el Relevamiento de Expectativas de Mercado. El BCRA difundi\u00f3 el Relevamiento de Expectativas de Mercado (REM) que realiz\u00f3 entre los d\u00edas 26 y 30 de septiembre entre 45 participantes, entre los cuales se cuentan 27 consultoras y centros de investigaci\u00f3n locales, 13\u2026","rel":"","context":"En \u00abEconom\u00eda\u00bb","block_context":{"text":"Econom\u00eda","link":"https:\/\/www.24baires.com\/?cat=45"},"img":{"alt_text":"","src":"https:\/\/i0.wp.com\/www.24baires.com\/wp-content\/uploads\/2018\/08\/supermercado.jpg?resize=350%2C200","width":350,"height":200,"srcset":"https:\/\/i0.wp.com\/www.24baires.com\/wp-content\/uploads\/2018\/08\/supermercado.jpg?resize=350%2C200 1x, https:\/\/i0.wp.com\/www.24baires.com\/wp-content\/uploads\/2018\/08\/supermercado.jpg?resize=525%2C300 1.5x"},"classes":[]},{"id":116438,"url":"https:\/\/www.24baires.com\/?p=116438","url_meta":{"origin":113170,"position":1},"title":"El Banco Mundial prev\u00e9 para 2021 un repunte econ\u00f3mico del 5,5% para Argentina","author":"AF","date":"09\/10\/2020","format":false,"excerpt":"La entidad destac\u00f3 los \"paquetes de est\u00edmulo\" y las transferencias sociales de los gobiernos para combatir la crisis desatada por la pandemia. La econom\u00eda argentina caer\u00e1 este a\u00f1o 12,3%, pero se recuperar\u00eda 5,5% en el 2021, seg\u00fan las \u00faltimas proyecciones del Banco Mundial difundidas este viernes. Debido a la pandemia\u2026","rel":"","context":"En \u00abEconom\u00eda\u00bb","block_context":{"text":"Econom\u00eda","link":"https:\/\/www.24baires.com\/?cat=45"},"img":{"alt_text":"","src":"https:\/\/i0.wp.com\/www.24baires.com\/wp-content\/uploads\/2019\/02\/trabajador.jpg?resize=350%2C200","width":350,"height":200,"srcset":"https:\/\/i0.wp.com\/www.24baires.com\/wp-content\/uploads\/2019\/02\/trabajador.jpg?resize=350%2C200 1x, https:\/\/i0.wp.com\/www.24baires.com\/wp-content\/uploads\/2019\/02\/trabajador.jpg?resize=525%2C300 1.5x"},"classes":[]},{"id":102029,"url":"https:\/\/www.24baires.com\/?p=102029","url_meta":{"origin":113170,"position":2},"title":"La prensa mundial habl\u00f3 sobre el regreso de Argentina al FMI","author":"AF","date":"08\/05\/2018","format":false,"excerpt":"Tanto los medios europeos como los latinoamericanos destacaron la ca\u00edda del peso y la encrucijada del gobierno de Mauricio Macri, que no pudo frenar la corrida del d\u00f3lar. C\u00f3mo ve el mundo la reca\u00edda en el FMI, a 17 a\u00f1os de haber declarado el default y a 12 de haber\u2026","rel":"","context":"En \u00abPol\u00edtica\u00bb","block_context":{"text":"Pol\u00edtica","link":"https:\/\/www.24baires.com\/?cat=51"},"img":{"alt_text":"","src":"https:\/\/i0.wp.com\/www.24baires.com\/wp-content\/uploads\/2015\/04\/fmi.jpg?resize=350%2C200","width":350,"height":200,"srcset":"https:\/\/i0.wp.com\/www.24baires.com\/wp-content\/uploads\/2015\/04\/fmi.jpg?resize=350%2C200 1x, https:\/\/i0.wp.com\/www.24baires.com\/wp-content\/uploads\/2015\/04\/fmi.jpg?resize=525%2C300 1.5x"},"classes":[]},{"id":111291,"url":"https:\/\/www.24baires.com\/?p=111291","url_meta":{"origin":113170,"position":3},"title":"El FMI anticipa menos consumo y menos inversi\u00f3n","author":"AF","date":"23\/07\/2019","format":false,"excerpt":"En una actualizaci\u00f3n del Panorama Econ\u00f3mico Mundial, el Fondo ratific\u00f3 que la econom\u00eda argentina caer\u00e1 1,3 por ciento este a\u00f1o. El consumo bajar\u00e1 4,8 y la inversi\u00f3n, 17,5 por ciento. El Fondo Monetario Internacional espera que la econom\u00eda argentina se contraiga 1,3 por ciento este a\u00f1o. Las estimaciones actualizadas del\u2026","rel":"","context":"En \u00abEconom\u00eda\u00bb","block_context":{"text":"Econom\u00eda","link":"https:\/\/www.24baires.com\/?cat=45"},"img":{"alt_text":"","src":"https:\/\/i0.wp.com\/www.24baires.com\/wp-content\/uploads\/2016\/04\/fmi.jpg?resize=350%2C200","width":350,"height":200,"srcset":"https:\/\/i0.wp.com\/www.24baires.com\/wp-content\/uploads\/2016\/04\/fmi.jpg?resize=350%2C200 1x, https:\/\/i0.wp.com\/www.24baires.com\/wp-content\/uploads\/2016\/04\/fmi.jpg?resize=525%2C300 1.5x"},"classes":[]},{"id":108338,"url":"https:\/\/www.24baires.com\/?p=108338","url_meta":{"origin":113170,"position":4},"title":"La ONU consider\u00f3 que la econom\u00eda macrista est\u00e1 entre las peores del mundo","author":"AF","date":"22\/05\/2019","format":false,"excerpt":"La ONU consider\u00f3 que, en un contexto econ\u00f3mico adverso a nivel global, la Argentina se destac\u00f3 negativamente y contribuy\u00f3 a profundizar los desequilibrios mundiales. Advierten que en el pa\u00eds \"el horizonte es altamente incierto\" y se\u00f1alan \"la falta de capacidad del Gobierno para domesticar a la inflaci\u00f3n\". Como pretend\u00eda Mauricio\u2026","rel":"","context":"En \u00abPol\u00edtica\u00bb","block_context":{"text":"Pol\u00edtica","link":"https:\/\/www.24baires.com\/?cat=51"},"img":{"alt_text":"","src":"https:\/\/i0.wp.com\/www.24baires.com\/wp-content\/uploads\/2019\/03\/macri-deuda.jpg?resize=350%2C200","width":350,"height":200,"srcset":"https:\/\/i0.wp.com\/www.24baires.com\/wp-content\/uploads\/2019\/03\/macri-deuda.jpg?resize=350%2C200 1x, https:\/\/i0.wp.com\/www.24baires.com\/wp-content\/uploads\/2019\/03\/macri-deuda.jpg?resize=525%2C300 1.5x"},"classes":[]},{"id":102530,"url":"https:\/\/www.24baires.com\/?p=102530","url_meta":{"origin":113170,"position":5},"title":"Aseguran que la expectativa de inflaci\u00f3n para este a\u00f1o es de 27,1%","author":"AF","date":"04\/06\/2018","format":false,"excerpt":"As\u00ed lo advirtieron consultoras y bancos privados al Banco Central. Adem\u00e1s, fijaron en 19% la previsi\u00f3n inflacionaria para el pr\u00f3ximo a\u00f1o. Tambi\u00e9n redujeron las expectativas de crecimiento para 2018 al 1,3%. No hay caso, el gobierno de Mauricio Macri no logra encontrarle la vuelta a la inflaci\u00f3n y mientras insiste\u2026","rel":"","context":"En \u00abEconom\u00eda\u00bb","block_context":{"text":"Econom\u00eda","link":"https:\/\/www.24baires.com\/?cat=45"},"img":{"alt_text":"","src":"https:\/\/i0.wp.com\/www.24baires.com\/wp-content\/uploads\/2013\/12\/super-chino.jpg?resize=350%2C200","width":350,"height":200,"srcset":"https:\/\/i0.wp.com\/www.24baires.com\/wp-content\/uploads\/2013\/12\/super-chino.jpg?resize=350%2C200 1x, https:\/\/i0.wp.com\/www.24baires.com\/wp-content\/uploads\/2013\/12\/super-chino.jpg?resize=525%2C300 1.5x"},"classes":[]}],"jetpack_sharing_enabled":true,"jetpack_likes_enabled":true,"_links":{"self":[{"href":"https:\/\/www.24baires.com\/index.php?rest_route=\/wp\/v2\/posts\/113170","targetHints":{"allow":["GET"]}}],"collection":[{"href":"https:\/\/www.24baires.com\/index.php?rest_route=\/wp\/v2\/posts"}],"about":[{"href":"https:\/\/www.24baires.com\/index.php?rest_route=\/wp\/v2\/types\/post"}],"author":[{"embeddable":true,"href":"https:\/\/www.24baires.com\/index.php?rest_route=\/wp\/v2\/users\/4"}],"replies":[{"embeddable":true,"href":"https:\/\/www.24baires.com\/index.php?rest_route=%2Fwp%2Fv2%2Fcomments&post=113170"}],"version-history":[{"count":1,"href":"https:\/\/www.24baires.com\/index.php?rest_route=\/wp\/v2\/posts\/113170\/revisions"}],"predecessor-version":[{"id":113171,"href":"https:\/\/www.24baires.com\/index.php?rest_route=\/wp\/v2\/posts\/113170\/revisions\/113171"}],"wp:attachment":[{"href":"https:\/\/www.24baires.com\/index.php?rest_route=%2Fwp%2Fv2%2Fmedia&parent=113170"}],"wp:term":[{"taxonomy":"category","embeddable":true,"href":"https:\/\/www.24baires.com\/index.php?rest_route=%2Fwp%2Fv2%2Fcategories&post=113170"},{"taxonomy":"post_tag","embeddable":true,"href":"https:\/\/www.24baires.com\/index.php?rest_route=%2Fwp%2Fv2%2Ftags&post=113170"}],"curies":[{"name":"wp","href":"https:\/\/api.w.org\/{rel}","templated":true}]}}