{"id":11317,"date":"2013-01-05T21:24:10","date_gmt":"2013-01-06T00:24:10","guid":{"rendered":"http:\/\/www.24baires.com\/?p=11317"},"modified":"2013-01-05T21:24:10","modified_gmt":"2013-01-06T00:24:10","slug":"llega-a-mas-del-60-por-ciento-la-ocupacion-hotelera-en-la-costa","status":"publish","type":"post","link":"https:\/\/www.24baires.com\/?p=11317","title":{"rendered":"Llega a m\u00e1s del 60 por ciento la ocupaci\u00f3n hotelera en la Costa"},"content":{"rendered":"<p>As\u00ed lo inform\u00f3 la secretar\u00eda de Turismo de la provincia de Buenos Aires, detallando que hubo un 64 por ciento turistas en distintos alberges y hoteles de la Costa Atl\u00e1ntica en la primera semana de enero.<!--more--><br \/>\nPara el primer fin de semana del mes \u00abel 55 por ciento de las plazas totales de los destinos costeros se encuentran reservadas\u00bb, agreg\u00f3 el organismo.<\/p>\n<p>El secretario de Turismo, Ignacio Crotto, consider\u00f3 que \u00abest\u00e1n todas las condiciones dadas para que sea una gran temporada\u00bb y pidi\u00f3 a los turistas y conductores \u201crespetar la velocidad en las rutas\u201d, al tiempo que reiter\u00f3 a los comerciantes el pedido del gobernador Daniel Scioli de \u201c contar con precios razonables\u201d.<\/p>\n<p>De acuerdo a un relevamiento de la Secretar\u00eda, en Mar Chiquita, Monte Hermoso, Necochea, Pinamar, Partido de la Costa y Miramar, la ocupaci\u00f3n y las reservas \u00abrondan el 60 por ciento para la primera quincena de enero\u00bb.<\/p>\n<p>Ese porcentaje \u00abse incrementa en destinos m\u00e1s tradicionales como Pinamar, Mar de Plata y Villa Gesell\u00bb, en tanto en Mar del Plata, \u00ablas reservas hoteleras para los primeros d\u00edas del a\u00f1o alcanzaban el 75 por ciento de las plazas\u00bb, seg\u00fan destac\u00f3 el Ente Municipal de Turismo (EMTUR).<\/p>\n<p>En Villa Gesell \u00abel promedio supera el 80 por ciento\u00bb, y \u00aben todos los casos, el n\u00famero aumenta los fines de semana\u00bb, confirm\u00f3 el organismo tur\u00edstico provincial.<\/p>\n<p>Tambi\u00e9n consider\u00f3 que \u00absi bien el panorama es variado, todos los destinos registran un buen promedio de reservas y la gran mayor\u00eda de los establecimientos relevados manifiestan haber recibido gran cantidad de consultas telef\u00f3nicas y por correo electr\u00f3nico\u00bb.<\/p>\n<p>&nbsp;<\/p>\n<p>&nbsp;<\/p>\n<p>&nbsp;<\/p>\n","protected":false},"excerpt":{"rendered":"<p>As\u00ed lo inform\u00f3 la secretar\u00eda de Turismo de la provincia de Buenos Aires, detallando que hubo un 64 por ciento turistas en distintos alberges y hoteles de la Costa Atl\u00e1ntica en la primera semana de enero.<\/p>\n","protected":false},"author":11,"featured_media":0,"comment_status":"open","ping_status":"open","sticky":false,"template":"","format":"standard","meta":{"_jetpack_newsletter_access":"","_jetpack_dont_email_post_to_subs":false,"_jetpack_newsletter_tier_id":0,"_jetpack_memberships_contains_paywalled_content":false,"_jetpack_memberships_contains_paid_content":false,"footnotes":""},"categories":[1],"tags":[],"class_list":["post-11317","post","type-post","status-publish","format-standard","hentry","category-sociedad"],"jetpack_featured_media_url":"","jetpack_shortlink":"https:\/\/wp.me\/p2JWE0-2Wx","jetpack-related-posts":[{"id":50481,"url":"https:\/\/www.24baires.com\/?p=50481","url_meta":{"origin":11317,"position":0},"title":"Vacaciones de invierno: destacan el \u00abbuen nivel\u00bb de turismo bonaerense","author":"Grupo Sierra","date":"24\/07\/2014","format":false,"excerpt":"Seg\u00fan la Secretaria de Turismo bonaerense, hay una importante ocupaci\u00f3n hotelera en destinos provinciales, a pocos d\u00edas del inicio del receso. En Tandil y las localidades del partido de Tornquist, Sierra de la Ventana y Villa Ventana, las plazas hoteleras reservadas superan el 55 por ciento. En estos destinos se\u2026","rel":"","context":"En \u00abTurismo\u00bb","block_context":{"text":"Turismo","link":"https:\/\/www.24baires.com\/?cat=69"},"img":{"alt_text":"mar del plata turismo","src":"https:\/\/i0.wp.com\/www.24baires.com\/wp-content\/uploads\/2014\/07\/mar-del-plata-turismo.jpg?resize=350%2C200","width":350,"height":200,"srcset":"https:\/\/i0.wp.com\/www.24baires.com\/wp-content\/uploads\/2014\/07\/mar-del-plata-turismo.jpg?resize=350%2C200 1x, https:\/\/i0.wp.com\/www.24baires.com\/wp-content\/uploads\/2014\/07\/mar-del-plata-turismo.jpg?resize=525%2C300 1.5x"},"classes":[]},{"id":37689,"url":"https:\/\/www.24baires.com\/?p=37689","url_meta":{"origin":11317,"position":1},"title":"Desde Turismo aseguraron que municipios de la Costa tuvieron 90% de ocupaci\u00f3n","author":"GB","date":"30\/12\/2013","format":false,"excerpt":"El secretario de Turismo de la provincia de Buenos Aires, Ignacio Crotto, asegur\u00f3 que, en v\u00edsperas del A\u00f1o Nuevo, \"hay varios municipios de la costa atl\u00e1ntica que tuvieron un 90% de ocupaci\u00f3n\". De acuerdo a datos que surgieron del Operativo Sol, entre el 28 y el 30 de diciembre, m\u00e1s\u2026","rel":"","context":"En \u00abTurismo\u00bb","block_context":{"text":"Turismo","link":"https:\/\/www.24baires.com\/?cat=69"},"img":{"alt_text":"turismo fin de a\u00f1o","src":"https:\/\/i0.wp.com\/www.24baires.com\/wp-content\/uploads\/2012\/12\/turismo-fin-de-a%C3%B1o.jpg?resize=350%2C200","width":350,"height":200,"srcset":"https:\/\/i0.wp.com\/www.24baires.com\/wp-content\/uploads\/2012\/12\/turismo-fin-de-a%C3%B1o.jpg?resize=350%2C200 1x, https:\/\/i0.wp.com\/www.24baires.com\/wp-content\/uploads\/2012\/12\/turismo-fin-de-a%C3%B1o.jpg?resize=525%2C300 1.5x"},"classes":[]},{"id":119559,"url":"https:\/\/www.24baires.com\/?p=119559","url_meta":{"origin":11317,"position":2},"title":"El fin de semana largo registr\u00f3 un 80% de ocupaci\u00f3n hotelera en la Provincia","author":"GB","date":"18\/11\/2022","format":false,"excerpt":"El aumento de la temperatura comienza a movilizar el turismo costero de la Provincia por lo que, este fin de semana largo, las reservas para hospedajes dispararon. Con el comienzo del calor veraniego en la Provincia de Buenos Aires, este fin de semana se registr\u00f3 un nivel de reservas de\u2026","rel":"","context":"En \u00abProvincia\u00bb","block_context":{"text":"Provincia","link":"https:\/\/www.24baires.com\/?cat=40"},"img":{"alt_text":"","src":"https:\/\/i0.wp.com\/www.24baires.com\/wp-content\/uploads\/2020\/05\/mar-del-plata.jpg?resize=350%2C200","width":350,"height":200,"srcset":"https:\/\/i0.wp.com\/www.24baires.com\/wp-content\/uploads\/2020\/05\/mar-del-plata.jpg?resize=350%2C200 1x, https:\/\/i0.wp.com\/www.24baires.com\/wp-content\/uploads\/2020\/05\/mar-del-plata.jpg?resize=525%2C300 1.5x, https:\/\/i0.wp.com\/www.24baires.com\/wp-content\/uploads\/2020\/05\/mar-del-plata.jpg?resize=700%2C400 2x"},"classes":[]},{"id":116835,"url":"https:\/\/www.24baires.com\/?p=116835","url_meta":{"origin":11317,"position":3},"title":"M\u00e1s de medio mill\u00f3n de argentinos de vacaciones por el fin de semana XXL","author":"GB","date":"07\/12\/2020","format":false,"excerpt":"La cifra la inform\u00f3 el Ministerio de Turismo y Deportes de la Naci\u00f3n. Entre los destinos m\u00e1s elegidos se destacan los de la Costa Atl\u00e1ntica. M\u00e1s de medio mill\u00f3n de argentinos se trasladaron a distintos puntos tur\u00edsticos del pa\u00eds, en el marco del primer fin de semana largo habilitado para\u2026","rel":"","context":"En \u00abSociedad\u00bb","block_context":{"text":"Sociedad","link":"https:\/\/www.24baires.com\/?cat=1"},"img":{"alt_text":"","src":"https:\/\/i0.wp.com\/www.24baires.com\/wp-content\/uploads\/2020\/12\/20201207094458_los-protocolos-seran-aplicados-la-costa-atlantica-bonaerense-y-la-patagonica.jpg?resize=350%2C200","width":350,"height":200,"srcset":"https:\/\/i0.wp.com\/www.24baires.com\/wp-content\/uploads\/2020\/12\/20201207094458_los-protocolos-seran-aplicados-la-costa-atlantica-bonaerense-y-la-patagonica.jpg?resize=350%2C200 1x, https:\/\/i0.wp.com\/www.24baires.com\/wp-content\/uploads\/2020\/12\/20201207094458_los-protocolos-seran-aplicados-la-costa-atlantica-bonaerense-y-la-patagonica.jpg?resize=525%2C300 1.5x"},"classes":[]},{"id":35551,"url":"https:\/\/www.24baires.com\/?p=35551","url_meta":{"origin":11317,"position":4},"title":"Con moderadas reservas, comienza otro fin de semana largo","author":"AF","date":"22\/11\/2013","format":false,"excerpt":"A horas del comienzo del \u00faltimo fin de semana largo del a\u00f1o y mientras los controles viales se acrecentar\u00e1n en las principales rutas, el nivel de reservas en la provincia es moderado y va del 60 al 75 por ciento en playas y sierras. Como suele pasar cada fin de\u2026","rel":"","context":"En \u00abSociedad\u00bb","block_context":{"text":"Sociedad","link":"https:\/\/www.24baires.com\/?cat=1"},"img":{"alt_text":"","src":"","width":0,"height":0},"classes":[]},{"id":12836,"url":"https:\/\/www.24baires.com\/?p=12836","url_meta":{"origin":11317,"position":5},"title":"Prev\u00e9n en un 70 por ciento la ocupaci\u00f3n hotelera en la segunda quincena de enero","author":"Grupo Sierra","date":"19\/01\/2013","format":false,"excerpt":"Seg\u00fan un relevamiento realizado por la Federaci\u00f3n Empresaria Hotelera Gastron\u00f3mica, durante la segunda mitad de enero, la ocupaci\u00f3n rondar\u00e1 esa cifra. En tanto, aseguraron que algunas localidades de la costa bonaerense, Cuyo y el Noreste registran niveles de reservas superiores a ese promedio. La Federaci\u00f3n Empresaria Hotelera Gastron\u00f3mica de la\u2026","rel":"","context":"En \u00abSociedad\u00bb","block_context":{"text":"Sociedad","link":"https:\/\/www.24baires.com\/?cat=1"},"img":{"alt_text":"playa mdp","src":"https:\/\/i0.wp.com\/www.24baires.com\/wp-content\/uploads\/2013\/01\/playa-mdp.jpg?resize=350%2C200","width":350,"height":200,"srcset":"https:\/\/i0.wp.com\/www.24baires.com\/wp-content\/uploads\/2013\/01\/playa-mdp.jpg?resize=350%2C200 1x, https:\/\/i0.wp.com\/www.24baires.com\/wp-content\/uploads\/2013\/01\/playa-mdp.jpg?resize=525%2C300 1.5x"},"classes":[]}],"jetpack_sharing_enabled":true,"jetpack_likes_enabled":true,"_links":{"self":[{"href":"https:\/\/www.24baires.com\/index.php?rest_route=\/wp\/v2\/posts\/11317","targetHints":{"allow":["GET"]}}],"collection":[{"href":"https:\/\/www.24baires.com\/index.php?rest_route=\/wp\/v2\/posts"}],"about":[{"href":"https:\/\/www.24baires.com\/index.php?rest_route=\/wp\/v2\/types\/post"}],"author":[{"embeddable":true,"href":"https:\/\/www.24baires.com\/index.php?rest_route=\/wp\/v2\/users\/11"}],"replies":[{"embeddable":true,"href":"https:\/\/www.24baires.com\/index.php?rest_route=%2Fwp%2Fv2%2Fcomments&post=11317"}],"version-history":[{"count":2,"href":"https:\/\/www.24baires.com\/index.php?rest_route=\/wp\/v2\/posts\/11317\/revisions"}],"predecessor-version":[{"id":11319,"href":"https:\/\/www.24baires.com\/index.php?rest_route=\/wp\/v2\/posts\/11317\/revisions\/11319"}],"wp:attachment":[{"href":"https:\/\/www.24baires.com\/index.php?rest_route=%2Fwp%2Fv2%2Fmedia&parent=11317"}],"wp:term":[{"taxonomy":"category","embeddable":true,"href":"https:\/\/www.24baires.com\/index.php?rest_route=%2Fwp%2Fv2%2Fcategories&post=11317"},{"taxonomy":"post_tag","embeddable":true,"href":"https:\/\/www.24baires.com\/index.php?rest_route=%2Fwp%2Fv2%2Ftags&post=11317"}],"curies":[{"name":"wp","href":"https:\/\/api.w.org\/{rel}","templated":true}]}}