{"id":113157,"date":"2019-11-27T11:00:21","date_gmt":"2019-11-27T14:00:21","guid":{"rendered":"http:\/\/www.24baires.com\/?p=113157"},"modified":"2019-11-27T09:49:56","modified_gmt":"2019-11-27T12:49:56","slug":"la-actividad-economica-cayo-21-interanual-en-septiembre","status":"publish","type":"post","link":"https:\/\/www.24baires.com\/?p=113157","title":{"rendered":"La actividad econ\u00f3mica cay\u00f3 2,1% interanual en septiembre"},"content":{"rendered":"<p><img data-recalc-dims=\"1\" loading=\"lazy\" decoding=\"async\" src=\"https:\/\/i0.wp.com\/www.24baires.com\/wp-content\/uploads\/2013\/02\/indec.jpg?resize=300%2C225\" alt=\"\" width=\"300\" height=\"225\" class=\"alignleft size-medium wp-image-15897\" srcset=\"https:\/\/i0.wp.com\/www.24baires.com\/wp-content\/uploads\/2013\/02\/indec.jpg?resize=300%2C225&amp;ssl=1 300w, https:\/\/i0.wp.com\/www.24baires.com\/wp-content\/uploads\/2013\/02\/indec.jpg?w=500&amp;ssl=1 500w\" sizes=\"auto, (max-width: 300px) 100vw, 300px\" \/>Entre los sectores m\u00e1s afectados encuentra la industria manufacturera, el comercio mayorista, minorista y reparaciones e intermediaci\u00f3n financiera.<!--more--><\/p>\n<p>El Instituto Nacional de Estad\u00edstica y Censo (Indec) revel\u00f3 que  la actividad econ\u00f3mica cay\u00f3 un 2,1% en septiembre pasado respecto al mismo mes de 2018.<\/p>\n<p>En ese escenario, detall\u00f3 que el acumulado de los primeros nueve meses del a\u00f1o frente al mismo per\u00edodo del a\u00f1o anterior mostr\u00f3 una ca\u00edda de 2,3%.<\/p>\n<p>\u00abEn septiembre de 2019, el estimador mensual de la actividad econ\u00f3mica (EMAE) registr\u00f3 una variaci\u00f3n de -2,1% respecto al mismo mes de 2018\u00bb, apunt\u00f3 el organismo.<\/p>\n<p>Y explic\u00f3: \u00abRespecto a agosto, la serie original con estacionalidad experiment\u00f3 un nivel 4,3% m\u00e1s bajo. El indicador desestacionalizado decreci\u00f3 1,6% y la tendencia ciclo se mantuvo sin variaci\u00f3n respecto al mes anterior\u00bb.<\/p>\n<p>El informe que present\u00f3 el INDEC se\u00f1al\u00f3 que los sectores que m\u00e1s se contrajeron y que mayor incidencia tienen en el total se encuentran industria manufacturera (-5%), comercio mayorista, minorista y reparaciones (-5,2%) e intermediaci\u00f3n financiera (-14,6).<\/p>\n<p>Al igual que \u00e9stos, la construcci\u00f3n, la pesca y el segmento de hoteles y restaurantes tambi\u00e9n registraron cifras negativas. En el caso de la primera, obtuvo un -6,5%, la segunda -1,1; mientras que la tercera y \u00faltima s\u00f3lo alcanz\u00f3 un -1,1 por ciento.<\/p>\n<p>A contraluz, el Instituto mostr\u00f3 los rubros con crecimiento:  agricultura, ganader\u00eda, caza y silvicultura (11,8%), explotaci\u00f3n de minas y canteras (2,2%); actividades inmobiliarias, empresariales y de alquiler (1,5%), transporte y comunicaciones (0,2%); ense\u00f1anza (0,9%), y servicios sociales y de salud (0,3%).<\/p>\n","protected":false},"excerpt":{"rendered":"<p>Entre los sectores m\u00e1s afectados encuentra la industria manufacturera, el comercio mayorista, minorista y reparaciones e intermediaci\u00f3n financiera.<\/p>\n","protected":false},"author":8,"featured_media":0,"comment_status":"open","ping_status":"open","sticky":false,"template":"","format":"standard","meta":{"_jetpack_newsletter_access":"","_jetpack_dont_email_post_to_subs":false,"_jetpack_newsletter_tier_id":0,"_jetpack_memberships_contains_paywalled_content":false,"_jetpack_memberships_contains_paid_content":false,"footnotes":""},"categories":[45],"tags":[],"class_list":["post-113157","post","type-post","status-publish","format-standard","hentry","category-economia"],"jetpack_featured_media_url":"","jetpack_shortlink":"https:\/\/wp.me\/p2JWE0-tr7","jetpack-related-posts":[{"id":114195,"url":"https:\/\/www.24baires.com\/?p=114195","url_meta":{"origin":113157,"position":0},"title":"En el \u00faltimo a\u00f1o de gesti\u00f3n de Macri la econom\u00eda cay\u00f3 un 2,1%","author":"AF","date":"21\/02\/2020","format":false,"excerpt":"El Indec confirm\u00f3 la fuerte contracci\u00f3n que experiment\u00f3 la econom\u00eda argentina a partir del modelo econ\u00f3mico impulsado por Mauricio Macri a lo largo de sus cuatro a\u00f1os de gesti\u00f3n. La actividad econ\u00f3mica cay\u00f3 2,1% en 2019 en tanto diciembre \u00faltimo registr\u00f3 una baja de 0,3% interanual, inform\u00f3 este viernes el\u2026","rel":"","context":"En \u00abSociedad\u00bb","block_context":{"text":"Sociedad","link":"https:\/\/www.24baires.com\/?cat=1"},"img":{"alt_text":"","src":"https:\/\/i0.wp.com\/www.24baires.com\/wp-content\/uploads\/2019\/08\/macri.png?resize=350%2C200","width":350,"height":200,"srcset":"https:\/\/i0.wp.com\/www.24baires.com\/wp-content\/uploads\/2019\/08\/macri.png?resize=350%2C200 1x, https:\/\/i0.wp.com\/www.24baires.com\/wp-content\/uploads\/2019\/08\/macri.png?resize=525%2C300 1.5x"},"classes":[]},{"id":105300,"url":"https:\/\/www.24baires.com\/?p=105300","url_meta":{"origin":113157,"position":1},"title":"Durante septiembre, la actividad industrial cay\u00f3 un 11,5%","author":"AF","date":"06\/11\/2018","format":false,"excerpt":"La actividad industrial se desplom\u00f3 en septiembre con una baja del 11,5% respecto a igual mes del a\u00f1o 2017, seg\u00fan detall\u00f3 hoy el Instituto Nacional de Estad\u00edstica y Censos (Indec) a trav\u00e9s de un informe t\u00e9cnico. Por la crisis econ\u00f3mica y una menor demanda interna en la mayor\u00eda de los\u2026","rel":"","context":"En \u00abEconom\u00eda\u00bb","block_context":{"text":"Econom\u00eda","link":"https:\/\/www.24baires.com\/?cat=45"},"img":{"alt_text":"","src":"https:\/\/i0.wp.com\/www.24baires.com\/wp-content\/uploads\/2018\/05\/industriales.jpg?resize=350%2C200","width":350,"height":200,"srcset":"https:\/\/i0.wp.com\/www.24baires.com\/wp-content\/uploads\/2018\/05\/industriales.jpg?resize=350%2C200 1x, https:\/\/i0.wp.com\/www.24baires.com\/wp-content\/uploads\/2018\/05\/industriales.jpg?resize=525%2C300 1.5x"},"classes":[]},{"id":113146,"url":"https:\/\/www.24baires.com\/?p=113146","url_meta":{"origin":113157,"position":2},"title":"La econom\u00eda volvi\u00f3 a caer","author":"AF","date":"26\/11\/2019","format":false,"excerpt":"El Indec inform\u00f3 adem\u00e1s que en el acumulado de los primeros 9 meses del a\u00f1o la actividad econ\u00f3mica se contrajo 2,3% en la comparaci\u00f3n interanual. El Instituto Nacional de Estad\u00edsticas y Censo (Indec) inform\u00f3 este martes que la actividad econ\u00f3mica cay\u00f3 otra vez en septiembre. El Estimador Mensual de Actividad\u2026","rel":"","context":"En \u00abLocales\u00bb","block_context":{"text":"Locales","link":"https:\/\/www.24baires.com\/?cat=38"},"img":{"alt_text":"","src":"https:\/\/i0.wp.com\/www.24baires.com\/wp-content\/uploads\/2016\/12\/supermercado.jpg?resize=350%2C200","width":350,"height":200,"srcset":"https:\/\/i0.wp.com\/www.24baires.com\/wp-content\/uploads\/2016\/12\/supermercado.jpg?resize=350%2C200 1x, https:\/\/i0.wp.com\/www.24baires.com\/wp-content\/uploads\/2016\/12\/supermercado.jpg?resize=525%2C300 1.5x"},"classes":[]},{"id":107027,"url":"https:\/\/www.24baires.com\/?p=107027","url_meta":{"origin":113157,"position":3},"title":"El Indec confirm\u00f3 que la econom\u00eda cay\u00f3 2,6% durante el a\u00f1o pasado","author":"GB","date":"28\/02\/2019","format":false,"excerpt":"Las bajas m\u00e1s significativas fueron la ca\u00edda del consumo en el comercio mayorista y minorista con una baja del 15,7%, seguido por la industria manufacturera del 14,2% y la construcci\u00f3n con 12,7%. La econom\u00eda se contrajo 2,6% el a\u00f1o pasado, tras sufrir una ca\u00edda en diciembre, por noveno mes consecutivo,\u2026","rel":"","context":"En \u00abEconom\u00eda\u00bb","block_context":{"text":"Econom\u00eda","link":"https:\/\/www.24baires.com\/?cat=45"},"img":{"alt_text":"","src":"https:\/\/i0.wp.com\/www.24baires.com\/wp-content\/uploads\/2013\/02\/indec-300x225.jpg?resize=350%2C200","width":350,"height":200},"classes":[]},{"id":94714,"url":"https:\/\/www.24baires.com\/?p=94714","url_meta":{"origin":113157,"position":4},"title":"Creci\u00f3 la econom\u00eda en el primer trimestre del a\u00f1o: 0,1 por ciento","author":"GB","date":"23\/05\/2017","format":false,"excerpt":"El Estimador Mensual de la Actividad Econ\u00f3mica del INDEC creci\u00f3 en marzo un 0,8% interanual impulsado por la construcci\u00f3n merced de la expansi\u00f3n de la obra p\u00fablica. La Industria sigue en ca\u00edda aunque a un ritmo menor. La actividad econ\u00f3mica creci\u00f3 0,8 por ciento CIENTO iento en marzo con respecto\u2026","rel":"","context":"En \u00abEconom\u00eda\u00bb","block_context":{"text":"Econom\u00eda","link":"https:\/\/www.24baires.com\/?cat=45"},"img":{"alt_text":"","src":"https:\/\/i0.wp.com\/www.24baires.com\/wp-content\/uploads\/2014\/02\/construccion-300x241.jpg?resize=350%2C200","width":350,"height":200},"classes":[]},{"id":110955,"url":"https:\/\/www.24baires.com\/?p=110955","url_meta":{"origin":113157,"position":5},"title":"La actividad econ\u00f3mica cay\u00f3 un 1,3% en abril","author":"AF","date":"26\/06\/2019","format":false,"excerpt":"De esta manera, la actividad econ\u00f3mica cay\u00f3 en el cuarto mes del a\u00f1o por duod\u00e9cima vez consecutiva, aunque la contracci\u00f3n fue la menos lesiva de todas las precedentes. La actividad econ\u00f3mica se redujo en abril un 1,3 por ciento respecto del mismo mes de 2018, aunque la agricultura y la\u2026","rel":"","context":"En \u00abEconom\u00eda\u00bb","block_context":{"text":"Econom\u00eda","link":"https:\/\/www.24baires.com\/?cat=45"},"img":{"alt_text":"","src":"https:\/\/i0.wp.com\/www.24baires.com\/wp-content\/uploads\/2018\/05\/industriales.jpg?resize=350%2C200","width":350,"height":200,"srcset":"https:\/\/i0.wp.com\/www.24baires.com\/wp-content\/uploads\/2018\/05\/industriales.jpg?resize=350%2C200 1x, https:\/\/i0.wp.com\/www.24baires.com\/wp-content\/uploads\/2018\/05\/industriales.jpg?resize=525%2C300 1.5x"},"classes":[]}],"jetpack_sharing_enabled":true,"jetpack_likes_enabled":true,"_links":{"self":[{"href":"https:\/\/www.24baires.com\/index.php?rest_route=\/wp\/v2\/posts\/113157","targetHints":{"allow":["GET"]}}],"collection":[{"href":"https:\/\/www.24baires.com\/index.php?rest_route=\/wp\/v2\/posts"}],"about":[{"href":"https:\/\/www.24baires.com\/index.php?rest_route=\/wp\/v2\/types\/post"}],"author":[{"embeddable":true,"href":"https:\/\/www.24baires.com\/index.php?rest_route=\/wp\/v2\/users\/8"}],"replies":[{"embeddable":true,"href":"https:\/\/www.24baires.com\/index.php?rest_route=%2Fwp%2Fv2%2Fcomments&post=113157"}],"version-history":[{"count":1,"href":"https:\/\/www.24baires.com\/index.php?rest_route=\/wp\/v2\/posts\/113157\/revisions"}],"predecessor-version":[{"id":113158,"href":"https:\/\/www.24baires.com\/index.php?rest_route=\/wp\/v2\/posts\/113157\/revisions\/113158"}],"wp:attachment":[{"href":"https:\/\/www.24baires.com\/index.php?rest_route=%2Fwp%2Fv2%2Fmedia&parent=113157"}],"wp:term":[{"taxonomy":"category","embeddable":true,"href":"https:\/\/www.24baires.com\/index.php?rest_route=%2Fwp%2Fv2%2Fcategories&post=113157"},{"taxonomy":"post_tag","embeddable":true,"href":"https:\/\/www.24baires.com\/index.php?rest_route=%2Fwp%2Fv2%2Ftags&post=113157"}],"curies":[{"name":"wp","href":"https:\/\/api.w.org\/{rel}","templated":true}]}}