{"id":113141,"date":"2019-11-26T12:30:54","date_gmt":"2019-11-26T15:30:54","guid":{"rendered":"http:\/\/www.24baires.com\/?p=113141"},"modified":"2019-11-26T11:33:33","modified_gmt":"2019-11-26T14:33:33","slug":"gobierno-reconocio-que-el-83-del-credito-del-fmi-se-uso-para-pagar-su-deuda","status":"publish","type":"post","link":"https:\/\/www.24baires.com\/?p=113141","title":{"rendered":"Gobierno reconoci\u00f3 que el 83% del cr\u00e9dito del FMI se us\u00f3 para pagar su deuda"},"content":{"rendered":"<p><img data-recalc-dims=\"1\" loading=\"lazy\" decoding=\"async\" src=\"https:\/\/i0.wp.com\/www.24baires.com\/wp-content\/uploads\/2019\/10\/lacunza.jpg?resize=560%2C349\" alt=\"\" width=\"560\" height=\"349\" class=\"aligncenter size-full wp-image-112711\" srcset=\"https:\/\/i0.wp.com\/www.24baires.com\/wp-content\/uploads\/2019\/10\/lacunza.jpg?w=560&amp;ssl=1 560w, https:\/\/i0.wp.com\/www.24baires.com\/wp-content\/uploads\/2019\/10\/lacunza.jpg?resize=300%2C187&amp;ssl=1 300w\" sizes=\"auto, (max-width: 560px) 100vw, 560px\" \/>El balance econ\u00f3mico realizado por la gesti\u00f3n Macri reconoce que en 4 a\u00f1os la deuda p\u00fablica creci\u00f3 unos 74 mil millones de d\u00f3lares y es un 31% mayor a la que dej\u00f3 el gobierno de Cristina Kirchner.<!--more--><\/p>\n<p>A dos semanas de la asunci\u00f3n de Alberto Fern\u00e1ndez, el ministro de Hacienda Hern\u00e1n Lacunza present\u00f3 este lunes un balance econ\u00f3mico de los cuatro a\u00f1os de gesti\u00f3n de Mauricio Macri.<\/p>\n<p>Junto a su equipo integrado por los secretarios de Pol\u00edtica Econ\u00f3mica, Sebasti\u00e1n Katz; de Finanzas, Santiago Bausili; Milagros Gismondi, subsecretaria de Hacienda y Rodrigo Pena, secretario de Hacienda, Lacunza present\u00f3 un informe de 15 p\u00e1ginas en las que abord\u00f3 la evoluci\u00f3n de la actividad econ\u00f3mica; inflaci\u00f3n y desempleo; pobreza y distribuci\u00f3n del ingreso; resultado fiscal; gasto p\u00fablico; presi\u00f3n impositiva, federalismo fiscal; deuda p\u00fablica; relaci\u00f3n con el FMI y organismos internacionales; equilibrio externo y sistema financiero.<\/p>\n<p>All\u00ed Lacunza admiti\u00f3, contra el discurso que pretende instalar el propi Macri antes de dejar el gobierno, que el 83% del cr\u00e9dito stand by otorgado por el Fondo Monetario Internacional (FMI), el mayor de su historia, se utiliz\u00f3 para pagar los compromisos de la deuda tomada por el propio gobierno de Cambiemos en sus primeros tres a\u00f1os de gesti\u00f3n.<\/p>\n<p>De esta manera Lacunza ech\u00f3 por tierra la versi\u00f3n que pretende instalar el macrismo seg\u00fan la cual el voraz endeudamiento de la gesti\u00f3n de Cambiemos se debi\u00f3 a la necesidad de hacer frente a los compromisos asumidos por el gobierno anterior.<\/p>\n<p>De los 42.382 millones de d\u00f3lares girados por el FMI a la Argentina, se usaron 35.344 millones (83% del total) para cancelar servicios de la deuda p\u00fablica en moneda extranjera. Adem\u00e1s, para servicios de deuda en moneda nacional fueron necesarios 6.072 millones de d\u00f3lares (14%).<\/p>\n<p>El balance tambi\u00e9n se\u00f1ala que entre diciembre de 2015 y 2019 la deuda p\u00fablica creci\u00f3 74 mil millones de d\u00f3lares<\/p>\n<p>Seg\u00fan consign\u00f3 Cecilia Camarano en \u00e1mbito.com la deuda p\u00fablica durante la era Macri se increment\u00f3 un 31% (por encima del 21% que hab\u00eda aumentado entre 2011 y 2015) y lleg\u00f3 a 240 mil millones de d\u00f3lares.<\/p>\n<p>De acuerdo con la explicaci\u00f3n oficial, la deuda actual \u00abes el resultado de la inercia del d\u00e9ficit del pasado\u00bb. Sin embargo, en Hacienda no se mostraron alarmados por estos niveles. Para Lacunza se trata de un problema \u00abde liquidez m\u00e1s que de solvencia\u00bb.<\/p>\n<p>\u00abLos resultados de la actividad econ\u00f3mica en este periodo han sido inferiores a los esperados\u00bb, reconoci\u00f3 Lacunza en el arranque de su presentaci\u00f3n. En la misma l\u00ednea, se\u00f1al\u00f3 que \u00abhubo contracci\u00f3n en tres de los cuatro a\u00f1os\u00bb de gobierno.<\/p>\n","protected":false},"excerpt":{"rendered":"<p>El balance econ\u00f3mico realizado por la gesti\u00f3n Macri reconoce que en 4 a\u00f1os la deuda p\u00fablica creci\u00f3 unos 74 mil millones de d\u00f3lares y es un 31% mayor a la que dej\u00f3 el gobierno de Cristina Kirchner.<\/p>\n","protected":false},"author":8,"featured_media":0,"comment_status":"open","ping_status":"open","sticky":false,"template":"","format":"standard","meta":{"_jetpack_newsletter_access":"","_jetpack_dont_email_post_to_subs":false,"_jetpack_newsletter_tier_id":0,"_jetpack_memberships_contains_paywalled_content":false,"_jetpack_memberships_contains_paid_content":false,"footnotes":""},"categories":[45],"tags":[],"class_list":["post-113141","post","type-post","status-publish","format-standard","hentry","category-economia"],"jetpack_featured_media_url":"","jetpack_shortlink":"https:\/\/wp.me\/p2JWE0-tqR","jetpack-related-posts":[{"id":111693,"url":"https:\/\/www.24baires.com\/?p=111693","url_meta":{"origin":113141,"position":0},"title":"Lacunza asumir\u00e1 este martes oficialmente como ministro de Hacienda","author":"AF","date":"19\/08\/2019","format":false,"excerpt":"Del acto de asunci\u00f3n participar\u00e1n adem\u00e1s el jefe de Gabinete, Marcos Pe\u00f1a, los ministros, y legisladores del oficialismo. El designado ministro de Hacienda, Hern\u00e1n Lacunza, asumir\u00e1 el martes por la ma\u00f1ana formalmente su cargo cuando preste juramento ante el presidente Mauricio Macri a las 8.30 en el Sal\u00f3n Blanco de\u2026","rel":"","context":"En \u00abPol\u00edtica\u00bb","block_context":{"text":"Pol\u00edtica","link":"https:\/\/www.24baires.com\/?cat=51"},"img":{"alt_text":"","src":"https:\/\/i0.wp.com\/www.24baires.com\/wp-content\/uploads\/2019\/08\/Lacunza.jpg?resize=350%2C200","width":350,"height":200,"srcset":"https:\/\/i0.wp.com\/www.24baires.com\/wp-content\/uploads\/2019\/08\/Lacunza.jpg?resize=350%2C200 1x, https:\/\/i0.wp.com\/www.24baires.com\/wp-content\/uploads\/2019\/08\/Lacunza.jpg?resize=525%2C300 1.5x"},"classes":[]},{"id":112107,"url":"https:\/\/www.24baires.com\/?p=112107","url_meta":{"origin":113141,"position":1},"title":"Lacunza reconoci\u00f3 \u00abinconsistencias en el programa econ\u00f3mico\u00bb","author":"AF","date":"16\/09\/2019","format":false,"excerpt":"El proyecto oficial prev\u00e9 un crecimiento de un punto para el Producto Bruto Interno, un d\u00f3lar de 67 pesos promedio y de 75 pesos para diciembre y una inflaci\u00f3n del 34 por ciento. El ministro de Hacienda, Hern\u00e1n Lacunza, present\u00f3 este lunes el proyecto de ley de Presupuesto para el\u2026","rel":"","context":"En \u00abEconom\u00eda\u00bb","block_context":{"text":"Econom\u00eda","link":"https:\/\/www.24baires.com\/?cat=45"},"img":{"alt_text":"","src":"https:\/\/i0.wp.com\/www.24baires.com\/wp-content\/uploads\/2019\/08\/Lacunza.jpg?resize=350%2C200","width":350,"height":200,"srcset":"https:\/\/i0.wp.com\/www.24baires.com\/wp-content\/uploads\/2019\/08\/Lacunza.jpg?resize=350%2C200 1x, https:\/\/i0.wp.com\/www.24baires.com\/wp-content\/uploads\/2019\/08\/Lacunza.jpg?resize=525%2C300 1.5x"},"classes":[]},{"id":111699,"url":"https:\/\/www.24baires.com\/?p=111699","url_meta":{"origin":113141,"position":2},"title":"Asumi\u00f3 Lacunza y habl\u00f3 a los mercados: \u00abNo necesitamos un tipo de cambio m\u00e1s alto\u00bb","author":"GB","date":"20\/08\/2019","format":false,"excerpt":"El nuevo Ministro de Econom\u00eda tom\u00f3 posesi\u00f3n del cargo esta ma\u00f1ana y posteriormente Lacunza brind\u00f3 una conferencia de prensa. Todo se dio antes de la apertura de los mercados.\"No necesitamos un tipo de cambio m\u00e1s alto\", dijo Lacunza, al cual Macri le pidi\u00f3 que se \"enfocara en cuidar a los\u2026","rel":"","context":"En \u00abPol\u00edtica\u00bb","block_context":{"text":"Pol\u00edtica","link":"https:\/\/www.24baires.com\/?cat=51"},"img":{"alt_text":"","src":"https:\/\/i0.wp.com\/www.24baires.com\/wp-content\/uploads\/2019\/08\/Lacunza.jpg?resize=350%2C200","width":350,"height":200,"srcset":"https:\/\/i0.wp.com\/www.24baires.com\/wp-content\/uploads\/2019\/08\/Lacunza.jpg?resize=350%2C200 1x, https:\/\/i0.wp.com\/www.24baires.com\/wp-content\/uploads\/2019\/08\/Lacunza.jpg?resize=525%2C300 1.5x"},"classes":[]},{"id":111859,"url":"https:\/\/www.24baires.com\/?p=111859","url_meta":{"origin":113141,"position":3},"title":"Lavagna pidi\u00f3 que se declare la emergencia alimentaria nacional","author":"AF","date":"29\/08\/2019","format":false,"excerpt":"El ex ministro de Econom\u00eda y candidato presidencial asegur\u00f3 adem\u00e1s que las medidas anunciadas por Lacunza es la respuesta a \"una pol\u00edtica econ\u00f3mica y social equivocada desde el principio\". El candidato presidencial de Consenso Federal, Robeto Lavagna, asegur\u00f3 este jueves que \"es impostergable dedicar todos los esfuerzos para lograr que\u2026","rel":"","context":"En \u00abSociedad\u00bb","block_context":{"text":"Sociedad","link":"https:\/\/www.24baires.com\/?cat=1"},"img":{"alt_text":"","src":"https:\/\/i0.wp.com\/www.24baires.com\/wp-content\/uploads\/2019\/06\/lavagna.jpg?resize=350%2C200","width":350,"height":200,"srcset":"https:\/\/i0.wp.com\/www.24baires.com\/wp-content\/uploads\/2019\/06\/lavagna.jpg?resize=350%2C200 1x, https:\/\/i0.wp.com\/www.24baires.com\/wp-content\/uploads\/2019\/06\/lavagna.jpg?resize=525%2C300 1.5x"},"classes":[]},{"id":112548,"url":"https:\/\/www.24baires.com\/?p=112548","url_meta":{"origin":113141,"position":4},"title":"Lacunza viaja a Washington para presionar al FMI para un nuevo desembolso","author":"GB","date":"18\/10\/2019","format":false,"excerpt":"En el encuentro de este viernes, el ministro de Hacienda intentar\u00e1 convencer a las autoridades del Fondo Monetario Internacional de que el pa\u00eds cumpli\u00f3 con las metas exigidas para un nuevo desembolso. Sin embargo, la nueva titular del FMI, Kristalina Georgieva, ya anticip\u00f3 que se esperar\u00e1 a las elecciones del\u2026","rel":"","context":"En \u00abLocales\u00bb","block_context":{"text":"Locales","link":"https:\/\/www.24baires.com\/?cat=38"},"img":{"alt_text":"","src":"","width":0,"height":0},"classes":[]},{"id":112003,"url":"https:\/\/www.24baires.com\/?p=112003","url_meta":{"origin":113141,"position":5},"title":"Lacunza viaja a Washington a rescatar el acuerdo con el FMI","author":"AF","date":"09\/09\/2019","format":false,"excerpt":"Pese a que el gobierno afirma que cumpli\u00f3 con las metas fiscales y monetarias para recibir el giro, en el FMI existen resistencias para concretarlo. El funcionario se reunir\u00e1 con miembros del Fondo para convencerlos. Ser\u00e1 clave la posici\u00f3n de Estados Unidos. El ministro de Hacienda, Hern\u00e1n Lacunza, viajar\u00e1 al\u2026","rel":"","context":"En \u00abEconom\u00eda\u00bb","block_context":{"text":"Econom\u00eda","link":"https:\/\/www.24baires.com\/?cat=45"},"img":{"alt_text":"","src":"https:\/\/i0.wp.com\/www.24baires.com\/wp-content\/uploads\/2019\/08\/Lacunza.jpg?resize=350%2C200","width":350,"height":200,"srcset":"https:\/\/i0.wp.com\/www.24baires.com\/wp-content\/uploads\/2019\/08\/Lacunza.jpg?resize=350%2C200 1x, https:\/\/i0.wp.com\/www.24baires.com\/wp-content\/uploads\/2019\/08\/Lacunza.jpg?resize=525%2C300 1.5x"},"classes":[]}],"jetpack_sharing_enabled":true,"jetpack_likes_enabled":true,"_links":{"self":[{"href":"https:\/\/www.24baires.com\/index.php?rest_route=\/wp\/v2\/posts\/113141","targetHints":{"allow":["GET"]}}],"collection":[{"href":"https:\/\/www.24baires.com\/index.php?rest_route=\/wp\/v2\/posts"}],"about":[{"href":"https:\/\/www.24baires.com\/index.php?rest_route=\/wp\/v2\/types\/post"}],"author":[{"embeddable":true,"href":"https:\/\/www.24baires.com\/index.php?rest_route=\/wp\/v2\/users\/8"}],"replies":[{"embeddable":true,"href":"https:\/\/www.24baires.com\/index.php?rest_route=%2Fwp%2Fv2%2Fcomments&post=113141"}],"version-history":[{"count":1,"href":"https:\/\/www.24baires.com\/index.php?rest_route=\/wp\/v2\/posts\/113141\/revisions"}],"predecessor-version":[{"id":113142,"href":"https:\/\/www.24baires.com\/index.php?rest_route=\/wp\/v2\/posts\/113141\/revisions\/113142"}],"wp:attachment":[{"href":"https:\/\/www.24baires.com\/index.php?rest_route=%2Fwp%2Fv2%2Fmedia&parent=113141"}],"wp:term":[{"taxonomy":"category","embeddable":true,"href":"https:\/\/www.24baires.com\/index.php?rest_route=%2Fwp%2Fv2%2Fcategories&post=113141"},{"taxonomy":"post_tag","embeddable":true,"href":"https:\/\/www.24baires.com\/index.php?rest_route=%2Fwp%2Fv2%2Ftags&post=113141"}],"curies":[{"name":"wp","href":"https:\/\/api.w.org\/{rel}","templated":true}]}}