{"id":113115,"date":"2019-11-25T10:30:26","date_gmt":"2019-11-25T13:30:26","guid":{"rendered":"http:\/\/www.24baires.com\/?p=113115"},"modified":"2019-11-25T11:59:25","modified_gmt":"2019-11-25T14:59:25","slug":"el-gobierno-postergo-hasta-febrero-el-aumento-en-las-tarifas-de-gas","status":"publish","type":"post","link":"https:\/\/www.24baires.com\/?p=113115","title":{"rendered":"El Gobierno posterg\u00f3 hasta febrero el aumento en las tarifas de gas"},"content":{"rendered":"<p><img data-recalc-dims=\"1\" loading=\"lazy\" decoding=\"async\" src=\"https:\/\/i0.wp.com\/www.24baires.com\/wp-content\/uploads\/2016\/08\/gas.jpg?resize=560%2C315\" alt=\"\" width=\"560\" height=\"315\" class=\"aligncenter size-full wp-image-86720\" srcset=\"https:\/\/i0.wp.com\/www.24baires.com\/wp-content\/uploads\/2016\/08\/gas.jpg?w=560&amp;ssl=1 560w, https:\/\/i0.wp.com\/www.24baires.com\/wp-content\/uploads\/2016\/08\/gas.jpg?resize=300%2C169&amp;ssl=1 300w\" sizes=\"auto, (max-width: 560px) 100vw, 560px\" \/>La suba estaba prevista para el primer mes de 2020, pero se aplicar\u00e1 en el segundo. As\u00ed lo estableci\u00f3 la Resoluci\u00f3n 751\/2019 de la Secretar\u00eda de Energ\u00eda publicada este lunes en el Bolet\u00edn Oficial.<!--more--><\/p>\n<p>La Secretar\u00eda de Energ\u00eda anunci\u00f3 que el aumento en la tarifa de gas que estaba previsto para enero de 2020 se postergar\u00e1 para febrero. As\u00ed lo estableci\u00f3 la Resoluci\u00f3n N\u00b0 751\/2019, que fue publicada este lunes en el Bolet\u00edn Oficial.<\/p>\n<p>As\u00ed vuelve a suspender la suba que originalmente iba a darse en octubre de este a\u00f1o, seg\u00fan el cronograma anunciado por el Gobierno a principios del 2019 en el que se establec\u00eda un crecimiento escalonado en el precio del fluido.<\/p>\n<p>El primer aumento este a\u00f1o fue en tres cuotas: un 10% en abril, 9 en mayo y 8 en junio. Estaba previsto un nuevo ajuste semestral para la segunda mitad del a\u00f1o, pero se decidi\u00f3 postergarlo por la crisis econ\u00f3mica.<\/p>\n<p>La Secretar\u00eda que dirige Gustavo Lopetegui, dependiente del ministerio de Hacienda, vuelve a demorar ahora la aplicaci\u00f3n de esta medida al entender que \u201cresulta a su vez oportuno extender\u00bb el plazo para hacer efectivo el aumento \u201ccon el fin del preservar el equilibrio econ\u00f3mico financiero de los contratos\u201d.<\/p>\n<p>La resoluci\u00f3n asegura que \u201cla v\u00eda m\u00e1s apta para ello consiste en la readecuaci\u00f3n de las obligaciones de las licenciatarias de transporte y distribuci\u00f3n de gas, esencialmente aquellas que impliquen inversiones obligatorias a su cargo, sin que ello afecte en modo alguno sus obligaciones frente a los usuarios abastecidos\u201d.<\/p>\n<p>De igual modo, aclara que \u201cla compensaci\u00f3n en favor de las prestadoras\u201d se determinar\u00e1 \u201crespetando la exacta incidencia entre los montos que se dejan de percibir en concepto de tarifa -incluyendo las bonificaciones a las subdistribuidoras de su \u00e1rea de licencia- y los montos de inversi\u00f3n comprometidos\u201d.<\/p>\n","protected":false},"excerpt":{"rendered":"<p>La suba estaba prevista para el primer mes de 2020, pero se aplicar\u00e1 en el segundo. As\u00ed lo estableci\u00f3 la Resoluci\u00f3n 751\/2019 de la Secretar\u00eda de Energ\u00eda publicada este lunes en el Bolet\u00edn Oficial.<\/p>\n","protected":false},"author":8,"featured_media":0,"comment_status":"open","ping_status":"open","sticky":false,"template":"","format":"standard","meta":{"_jetpack_newsletter_access":"","_jetpack_dont_email_post_to_subs":false,"_jetpack_newsletter_tier_id":0,"_jetpack_memberships_contains_paywalled_content":false,"_jetpack_memberships_contains_paid_content":false,"footnotes":""},"categories":[45],"tags":[],"class_list":["post-113115","post","type-post","status-publish","format-standard","hentry","category-economia"],"jetpack_featured_media_url":"","jetpack_shortlink":"https:\/\/wp.me\/p2JWE0-tqr","jetpack-related-posts":[{"id":111926,"url":"https:\/\/www.24baires.com\/?p=111926","url_meta":{"origin":113115,"position":0},"title":"El gobierno oficializ\u00f3 la postergaci\u00f3n del tarifazo del gas para enero de 2020","author":"GB","date":"04\/09\/2019","format":false,"excerpt":"El Poder Ejecutivo dispuso la medida a trav\u00e9s de una resoluci\u00f3n en el Bolet\u00edn Oficial. El gobierno nacional la postergaci\u00f3n de los aumentos en la tarifa de gas hasta enero de 2020, tal como lo anunci\u00f3 la Secretar\u00eda de Energ\u00eda. El cronograma definido a principios de a\u00f1o establec\u00eda ajustes en\u2026","rel":"","context":"En \u00abPol\u00edtica\u00bb","block_context":{"text":"Pol\u00edtica","link":"https:\/\/www.24baires.com\/?cat=51"},"img":{"alt_text":"","src":"https:\/\/i0.wp.com\/www.24baires.com\/wp-content\/uploads\/2016\/08\/gas.jpg?resize=350%2C200","width":350,"height":200,"srcset":"https:\/\/i0.wp.com\/www.24baires.com\/wp-content\/uploads\/2016\/08\/gas.jpg?resize=350%2C200 1x, https:\/\/i0.wp.com\/www.24baires.com\/wp-content\/uploads\/2016\/08\/gas.jpg?resize=525%2C300 1.5x"},"classes":[]},{"id":100024,"url":"https:\/\/www.24baires.com\/?p=100024","url_meta":{"origin":113115,"position":1},"title":"Autorizan un nuevo aumento en la tarifa de luz del 32% en la provincia","author":"GB","date":"18\/01\/2018","format":false,"excerpt":"La resoluci\u00f3n fue publicada en el bolet\u00edn oficial y consta de dos subas: una del 20% para lo que se consuma hasta el 31 de enero y otra de alrededor del 10% a partir de febrero. Tras la suba del precio mayorista dispuesto por la Secretaria de Energ\u00eda El\u00e9ctrica de\u2026","rel":"","context":"En \u00abProvincia\u00bb","block_context":{"text":"Provincia","link":"https:\/\/www.24baires.com\/?cat=40"},"img":{"alt_text":"","src":"https:\/\/i0.wp.com\/www.24baires.com\/wp-content\/uploads\/2016\/09\/boletas-de-luz.jpg?resize=350%2C200","width":350,"height":200,"srcset":"https:\/\/i0.wp.com\/www.24baires.com\/wp-content\/uploads\/2016\/09\/boletas-de-luz.jpg?resize=350%2C200 1x, https:\/\/i0.wp.com\/www.24baires.com\/wp-content\/uploads\/2016\/09\/boletas-de-luz.jpg?resize=525%2C300 1.5x"},"classes":[]},{"id":116900,"url":"https:\/\/www.24baires.com\/?p=116900","url_meta":{"origin":113115,"position":2},"title":"El Gobierno prorrog\u00f3 hasta marzo el congelamiento de las tarifas de luz y gas","author":"GB","date":"17\/12\/2020","format":false,"excerpt":"En los pr\u00f3ximos 3 meses, la Secretar\u00eda de Energ\u00eda deber\u00e1 deber\u00e1 negociar con las energ\u00e9ticas el nuevo esquema diferenciado de aumento de las tarifas, que se aplicar\u00e1 desde abril. A fin de poder renegociar los aumentos tarifarios de los servicios p\u00fablicos as\u00ed como definir la instrumentaci\u00f3n de un sistema que\u2026","rel":"","context":"En \u00abConsumidores\u00bb","block_context":{"text":"Consumidores","link":"https:\/\/www.24baires.com\/?cat=78"},"img":{"alt_text":"","src":"https:\/\/i0.wp.com\/www.24baires.com\/wp-content\/uploads\/2016\/09\/boletas-de-luz.jpg?resize=350%2C200","width":350,"height":200,"srcset":"https:\/\/i0.wp.com\/www.24baires.com\/wp-content\/uploads\/2016\/09\/boletas-de-luz.jpg?resize=350%2C200 1x, https:\/\/i0.wp.com\/www.24baires.com\/wp-content\/uploads\/2016\/09\/boletas-de-luz.jpg?resize=525%2C300 1.5x"},"classes":[]},{"id":98349,"url":"https:\/\/www.24baires.com\/?p=98349","url_meta":{"origin":113115,"position":3},"title":"Convocan a audiencia p\u00fablica para definir el monto del aumento de la luz","author":"GB","date":"26\/10\/2017","format":false,"excerpt":"Finalmente el viernes 17 de noviembre ser\u00e1 el d\u00eda en que se formalizar\u00e1 la suba del servicio de las empresas Edenor y Edesur. El incremento impactar\u00e1 en febrero de 2018. El Bolet\u00edn Oficial public\u00f3 una resoluci\u00f3n donde confirm\u00f3 que el viernes 17 de noviembre en el Palacio de las Aguas\u2026","rel":"","context":"En \u00abPol\u00edtica\u00bb","block_context":{"text":"Pol\u00edtica","link":"https:\/\/www.24baires.com\/?cat=51"},"img":{"alt_text":"","src":"https:\/\/i0.wp.com\/www.24baires.com\/wp-content\/uploads\/2016\/07\/luz.jpg?resize=350%2C200","width":350,"height":200,"srcset":"https:\/\/i0.wp.com\/www.24baires.com\/wp-content\/uploads\/2016\/07\/luz.jpg?resize=350%2C200 1x, https:\/\/i0.wp.com\/www.24baires.com\/wp-content\/uploads\/2016\/07\/luz.jpg?resize=525%2C300 1.5x"},"classes":[]},{"id":96754,"url":"https:\/\/www.24baires.com\/?p=96754","url_meta":{"origin":113115,"position":4},"title":"Entre octubre y noviembre subir\u00e1n gas y electricidad","author":"GB","date":"16\/08\/2017","format":false,"excerpt":"Hay ajustes ya pautados para octubre en el valor del gas, para diciembre en los m\u00e1rgenes de las gas\u00edferas que transportan y distribuyen el producto, y en noviembre para Edenor y Edesur. Tras el triunfo del oficialismo en las PASO, los analistas interpretan que se dan las condiciones pol\u00edticas para\u2026","rel":"","context":"En \u00abConsumidores\u00bb","block_context":{"text":"Consumidores","link":"https:\/\/www.24baires.com\/?cat=78"},"img":{"alt_text":"","src":"https:\/\/i0.wp.com\/www.24baires.com\/wp-content\/uploads\/2016\/08\/gas.jpg?resize=350%2C200","width":350,"height":200,"srcset":"https:\/\/i0.wp.com\/www.24baires.com\/wp-content\/uploads\/2016\/08\/gas.jpg?resize=350%2C200 1x, https:\/\/i0.wp.com\/www.24baires.com\/wp-content\/uploads\/2016\/08\/gas.jpg?resize=525%2C300 1.5x"},"classes":[]},{"id":98615,"url":"https:\/\/www.24baires.com\/?p=98615","url_meta":{"origin":113115,"position":5},"title":"Mar del Plata ser\u00e1 una de las sedes para realizar las audiencias p\u00fablicas por aumento de luz","author":"GB","date":"08\/11\/2017","format":false,"excerpt":"Las audiencias p\u00fablicas se desarrollar\u00e1n el viernes 17 de noviembre en simult\u00e1neo en la Ciudad Aut\u00f3noma de Buenos Aires, Mar del Plata, Mendoza, Neuqu\u00e9n, Salta, Formosa y Trelew. El Gobierno que dirige Mauricio Macri fij\u00f3 hoy seis lugares en provincias para la realizaci\u00f3n de las audiencias p\u00fablicas en las que\u2026","rel":"","context":"En \u00abProvincia\u00bb","block_context":{"text":"Provincia","link":"https:\/\/www.24baires.com\/?cat=40"},"img":{"alt_text":"","src":"https:\/\/i0.wp.com\/www.24baires.com\/wp-content\/uploads\/2014\/12\/robo-transformador-energ%C3%ADa-luz.jpg?resize=350%2C200","width":350,"height":200,"srcset":"https:\/\/i0.wp.com\/www.24baires.com\/wp-content\/uploads\/2014\/12\/robo-transformador-energ%C3%ADa-luz.jpg?resize=350%2C200 1x, https:\/\/i0.wp.com\/www.24baires.com\/wp-content\/uploads\/2014\/12\/robo-transformador-energ%C3%ADa-luz.jpg?resize=525%2C300 1.5x"},"classes":[]}],"jetpack_sharing_enabled":true,"jetpack_likes_enabled":true,"_links":{"self":[{"href":"https:\/\/www.24baires.com\/index.php?rest_route=\/wp\/v2\/posts\/113115","targetHints":{"allow":["GET"]}}],"collection":[{"href":"https:\/\/www.24baires.com\/index.php?rest_route=\/wp\/v2\/posts"}],"about":[{"href":"https:\/\/www.24baires.com\/index.php?rest_route=\/wp\/v2\/types\/post"}],"author":[{"embeddable":true,"href":"https:\/\/www.24baires.com\/index.php?rest_route=\/wp\/v2\/users\/8"}],"replies":[{"embeddable":true,"href":"https:\/\/www.24baires.com\/index.php?rest_route=%2Fwp%2Fv2%2Fcomments&post=113115"}],"version-history":[{"count":1,"href":"https:\/\/www.24baires.com\/index.php?rest_route=\/wp\/v2\/posts\/113115\/revisions"}],"predecessor-version":[{"id":113116,"href":"https:\/\/www.24baires.com\/index.php?rest_route=\/wp\/v2\/posts\/113115\/revisions\/113116"}],"wp:attachment":[{"href":"https:\/\/www.24baires.com\/index.php?rest_route=%2Fwp%2Fv2%2Fmedia&parent=113115"}],"wp:term":[{"taxonomy":"category","embeddable":true,"href":"https:\/\/www.24baires.com\/index.php?rest_route=%2Fwp%2Fv2%2Fcategories&post=113115"},{"taxonomy":"post_tag","embeddable":true,"href":"https:\/\/www.24baires.com\/index.php?rest_route=%2Fwp%2Fv2%2Ftags&post=113115"}],"curies":[{"name":"wp","href":"https:\/\/api.w.org\/{rel}","templated":true}]}}