{"id":11304,"date":"2013-01-05T20:57:34","date_gmt":"2013-01-05T23:57:34","guid":{"rendered":"http:\/\/www.24baires.com\/?p=11304"},"modified":"2013-01-05T20:57:40","modified_gmt":"2013-01-05T23:57:40","slug":"scioli-con-indira-la-primera-beba-nacida-por-fertilizacion-asistida-en-2013","status":"publish","type":"post","link":"https:\/\/www.24baires.com\/?p=11304","title":{"rendered":"Scioli con Indira, la primera beba nacida por fertilizaci\u00f3n asistida en 2013"},"content":{"rendered":"<p><a href=\"http:\/\/www.24baires.com\/provincia\/11304-scioli-con-indira-la-primera-beba-nacida-por-fertilizacion-asistida-en-2013\/attachment\/scioli-reyes\/\" rel=\"attachment wp-att-11305\"><img data-recalc-dims=\"1\" loading=\"lazy\" decoding=\"async\" class=\"aligncenter size-full wp-image-11305\" alt=\"SCIOLI REYES\" src=\"https:\/\/i0.wp.com\/www.24baires.com\/wp-content\/uploads\/2013\/01\/SCIOLI-REYES.jpg?resize=560%2C394\" width=\"560\" height=\"394\" srcset=\"https:\/\/i0.wp.com\/www.24baires.com\/wp-content\/uploads\/2013\/01\/SCIOLI-REYES.jpg?w=560&amp;ssl=1 560w, https:\/\/i0.wp.com\/www.24baires.com\/wp-content\/uploads\/2013\/01\/SCIOLI-REYES.jpg?resize=300%2C211&amp;ssl=1 300w\" sizes=\"auto, (max-width: 560px) 100vw, 560px\" \/><\/a><\/p>\n<p><strong>MAR DEL PLATA.-<\/strong> El gobernador Daniel Scioli salud\u00f3 hoy a Indira, la primera beba nacida por fertilizaci\u00f3n asistida de 2013, y recorri\u00f3 las nuevas salas del hospital materno infantil Victorio Tetamanti de Mar del Plata, donde entreg\u00f3 juguetes junto a su esposa Karina Rabolini, en la v\u00edspera del D\u00eda de Reyes.<!--more--><\/p>\n<p>\u201cEl mejor regalo de Dios es la llegada de Indira\u201d, transmiti\u00f3 el gobernador a Gabriela Veliz, la mam\u00e1 de la ni\u00f1a que naci\u00f3 este viernes por ces\u00e1rea con 3.700 kg,, con quien dialog\u00f3 sobre la ley provincial de Fertilizaci\u00f3n Asistida que ya permiti\u00f3 que m\u00e1s de 30 familias cumplieran el sue\u00f1o de tener un hijo.<\/p>\n<p>\u201cEsta ley es uno de los avances m\u00e1s significativos que hemos tenido en la provincia de Buenos Aires en materia de acceso a los derechos\u201d, remarc\u00f3 el mandatario.<\/p>\n<p>Junto al intendente Gustavo Pulti y el director del Hospital, Hugo Casarsa, Scioli particip\u00f3 tambi\u00e9n de una convocatoria de Canal 10 en la que se entregaron presentes a los ni\u00f1os internados en terapia intensiva y en neonatolog\u00eda.<\/p>\n<p>Recorrieron adem\u00e1s la sala de alta complejidad, que fue recientemente remodelada y aument\u00f3 su capacidad de 34 a 55 puestos de atenci\u00f3n, para recibir derivaciones de 16 municipios, con un \u00e1rea de influencia de 2 millones de habitantes; el \u00e1rea de docencia, donde se planifica toda la actividad de investigaci\u00f3n y la sala de residentes de pediatr\u00eda.<\/p>\n<p>Al respecto, Scioli destac\u00f3 la descentralizaci\u00f3n del sistema de salud p\u00fablica que lleva adelante su gesti\u00f3n y la importancia de invertir en tecnolog\u00eda e infraestructura: \u201cEstamos permanentemente buscando excelencia, eficiencia y agilizar los turnos de los hospitales\u201d, concluy\u00f3.<\/p>\n<p>&nbsp;<\/p>\n<p>&nbsp;<\/p>\n<p>&nbsp;<\/p>\n","protected":false},"excerpt":{"rendered":"<p>MAR DEL PLATA.- El gobernador Daniel Scioli salud\u00f3 hoy a Indira, la primera beba nacida por fertilizaci\u00f3n asistida de 2013, y recorri\u00f3 las nuevas salas del hospital materno infantil Victorio Tetamanti de Mar del Plata, donde entreg\u00f3 juguetes junto a su esposa Karina Rabolini, en la v\u00edspera del D\u00eda de Reyes.<\/p>\n","protected":false},"author":11,"featured_media":0,"comment_status":"open","ping_status":"open","sticky":false,"template":"","format":"standard","meta":{"_jetpack_newsletter_access":"","_jetpack_dont_email_post_to_subs":false,"_jetpack_newsletter_tier_id":0,"_jetpack_memberships_contains_paywalled_content":false,"_jetpack_memberships_contains_paid_content":false,"footnotes":""},"categories":[40],"tags":[],"class_list":["post-11304","post","type-post","status-publish","format-standard","hentry","category-provincia"],"jetpack_featured_media_url":"","jetpack_shortlink":"https:\/\/wp.me\/p2JWE0-2Wk","jetpack-related-posts":[{"id":28754,"url":"https:\/\/www.24baires.com\/?p=28754","url_meta":{"origin":11304,"position":0},"title":"El Ministro Collia celebr\u00f3 la reglamentaci\u00f3n de la Ley de Fertilizaci\u00f3n Asistida","author":"Grupo Sierra","date":"22\/07\/2013","format":false,"excerpt":"El Ministro de Salud de la provincia destac\u00f3 que esa ley nacional \"logr\u00f3 153 embarazos, 81 beb\u00e9s nacidos sin obra social y 72 a trav\u00e9s de IOMA\u201d. Adem\u00e1s, enfatiz\u00f3 que permite \"el derecho a ser padres\". El ministro de Salud bonaerense, Alejandro Collia, celebr\u00f3 hoy la reglamentaci\u00f3n de la ley\u2026","rel":"","context":"En \u00abProvincia\u00bb","block_context":{"text":"Provincia","link":"https:\/\/www.24baires.com\/?cat=40"},"img":{"alt_text":"","src":"","width":0,"height":0},"classes":[]},{"id":67313,"url":"https:\/\/www.24baires.com\/?p=67313","url_meta":{"origin":11304,"position":1},"title":"Scioli oficializa la adecuaci\u00f3n a la Ley de Fertilizaci\u00f3n Nacional","author":"GB","date":"10\/06\/2015","format":false,"excerpt":"El Gobernador, junto a Alejandro Collia, presentar\u00e1 el decreto reglamentario de la Ley 14.611 que ajusta la ley bonaerense a la nacional. Adem\u00e1s, celebrar\u00e1 el nacimiento de 800 beb\u00e9s gracias a los tratamientos gratuitos. Este mi\u00e9rcoles, a las 11.00, el Gobernador bonaerense presentar\u00e1 el decreto reglamentario de la Ley 14.611\u2026","rel":"","context":"En \u00abProvincia\u00bb","block_context":{"text":"Provincia","link":"https:\/\/www.24baires.com\/?cat=40"},"img":{"alt_text":"","src":"","width":0,"height":0},"classes":[]},{"id":42557,"url":"https:\/\/www.24baires.com\/?p=42557","url_meta":{"origin":11304,"position":2},"title":"Mar del Plata: nacieron los primeros gemelos gracias a la ley de fertilizaci\u00f3n asistida provincial","author":"Grupo Sierra","date":"21\/03\/2014","format":false,"excerpt":"Hac\u00eda 14 a\u00f1os que la pareja buscaba tener un hijo. Lo lograron por partida doble por tratamiento in Vitro. Nacieron prematuros el mi\u00e9rcoles. I\u00f1aki y Cloe son los primeros gemelos nacidos gracias a la ley de fertilizaci\u00f3n asistida de la Provincia de Buenos Aires. Salieron al mundo el mi\u00e9rcoles 19\u2026","rel":"","context":"En \u00abLocales\u00bb","block_context":{"text":"Locales","link":"https:\/\/www.24baires.com\/?cat=38"},"img":{"alt_text":"fertilizaci\u00f3n asistida","src":"https:\/\/i0.wp.com\/www.24baires.com\/wp-content\/uploads\/2013\/07\/fertilizaci%C3%B3n-asistida-300x176.jpg?resize=350%2C200","width":350,"height":200},"classes":[]},{"id":40052,"url":"https:\/\/www.24baires.com\/?p=40052","url_meta":{"origin":11304,"position":3},"title":"Scioli desde San Bernardo present\u00f3 \u00abVita\u00bb, un Programa de Fertilizaci\u00f3n Asistida","author":"GB","date":"08\/02\/2014","format":false,"excerpt":"SAN BERNARDO-El gobernador bonaerense destac\u00f3 la necesidad de \u201cseguir promoviendo la vida con pol\u00edticas p\u00fablicas activas\u201d desde el Estado, al presentar en San Bernardo el Programa de Fertilizaci\u00f3n Asistida \u201cVita\u201d. Scioli rubric\u00f3 un convenio entre el Ministerio de Salud y el Municipio para la derivaci\u00f3n de pacientes que requieran de\u2026","rel":"","context":"En \u00abPol\u00edtica\u00bb","block_context":{"text":"Pol\u00edtica","link":"https:\/\/www.24baires.com\/?cat=51"},"img":{"alt_text":"scioli operativo sol","src":"https:\/\/i0.wp.com\/www.24baires.com\/wp-content\/uploads\/2013\/12\/scioli-operativo-sol.jpg?resize=350%2C200","width":350,"height":200,"srcset":"https:\/\/i0.wp.com\/www.24baires.com\/wp-content\/uploads\/2013\/12\/scioli-operativo-sol.jpg?resize=350%2C200 1x, https:\/\/i0.wp.com\/www.24baires.com\/wp-content\/uploads\/2013\/12\/scioli-operativo-sol.jpg?resize=525%2C300 1.5x"},"classes":[]},{"id":15909,"url":"https:\/\/www.24baires.com\/?p=15909","url_meta":{"origin":11304,"position":4},"title":"Naci\u00f3 el primer var\u00f3n por fertilizaci\u00f3n asistida en el hospital de Azul","author":"Grupo Sierra","date":"17\/02\/2013","format":false,"excerpt":"Thiago Otero naci\u00f3 por parto natural en el hospital provincial \u201cArgentina Diego\u201d de Azul. Es el primer var\u00f3n de los cuatro beb\u00e9s concebidos en ese hospital a trav\u00e9s de la ley de Fertilizaci\u00f3n Asistida. Con el de Thiago se suman 34 nacimientos en toda la Provincia y 112 embarazos en\u2026","rel":"","context":"En \u00abSociedad\u00bb","block_context":{"text":"Sociedad","link":"https:\/\/www.24baires.com\/?cat=1"},"img":{"alt_text":"","src":"","width":0,"height":0},"classes":[]},{"id":74307,"url":"https:\/\/www.24baires.com\/?p=74307","url_meta":{"origin":11304,"position":5},"title":"\u00abPara Macri, la salud es una dificultad financiera\u00bb","author":"GB","date":"28\/10\/2015","format":false,"excerpt":"Lo consider\u00f3 el ministro de Salud bonaerense, Alejandro Collia, sobre el candidato presidencial de Cambiemos. Collia sostuvo hoy que para Daniel Scioli, postulante del Frente para la Victoria, \"es una inversi\u00f3n\", tras lo cual record\u00f3 que el macrismo se abstuvo de votar la ley que da tratamientos gratuitos para poder\u2026","rel":"","context":"En \u00abPol\u00edtica\u00bb","block_context":{"text":"Pol\u00edtica","link":"https:\/\/www.24baires.com\/?cat=51"},"img":{"alt_text":"collia","src":"https:\/\/i0.wp.com\/www.24baires.com\/wp-content\/uploads\/2014\/10\/collia.jpg?resize=350%2C200","width":350,"height":200},"classes":[]}],"jetpack_sharing_enabled":true,"jetpack_likes_enabled":true,"_links":{"self":[{"href":"https:\/\/www.24baires.com\/index.php?rest_route=\/wp\/v2\/posts\/11304","targetHints":{"allow":["GET"]}}],"collection":[{"href":"https:\/\/www.24baires.com\/index.php?rest_route=\/wp\/v2\/posts"}],"about":[{"href":"https:\/\/www.24baires.com\/index.php?rest_route=\/wp\/v2\/types\/post"}],"author":[{"embeddable":true,"href":"https:\/\/www.24baires.com\/index.php?rest_route=\/wp\/v2\/users\/11"}],"replies":[{"embeddable":true,"href":"https:\/\/www.24baires.com\/index.php?rest_route=%2Fwp%2Fv2%2Fcomments&post=11304"}],"version-history":[{"count":3,"href":"https:\/\/www.24baires.com\/index.php?rest_route=\/wp\/v2\/posts\/11304\/revisions"}],"predecessor-version":[{"id":11308,"href":"https:\/\/www.24baires.com\/index.php?rest_route=\/wp\/v2\/posts\/11304\/revisions\/11308"}],"wp:attachment":[{"href":"https:\/\/www.24baires.com\/index.php?rest_route=%2Fwp%2Fv2%2Fmedia&parent=11304"}],"wp:term":[{"taxonomy":"category","embeddable":true,"href":"https:\/\/www.24baires.com\/index.php?rest_route=%2Fwp%2Fv2%2Fcategories&post=11304"},{"taxonomy":"post_tag","embeddable":true,"href":"https:\/\/www.24baires.com\/index.php?rest_route=%2Fwp%2Fv2%2Ftags&post=11304"}],"curies":[{"name":"wp","href":"https:\/\/api.w.org\/{rel}","templated":true}]}}