{"id":113001,"date":"2019-11-14T18:01:47","date_gmt":"2019-11-14T21:01:47","guid":{"rendered":"http:\/\/www.24baires.com\/?p=113001"},"modified":"2019-11-14T18:01:47","modified_gmt":"2019-11-14T21:01:47","slug":"segun-el-indec-la-inflacion-de-octubre-fue-del-33","status":"publish","type":"post","link":"https:\/\/www.24baires.com\/?p=113001","title":{"rendered":"Seg\u00fan el Indec, la inflaci\u00f3n de octubre fue del 3,3%"},"content":{"rendered":"<p><img data-recalc-dims=\"1\" loading=\"lazy\" decoding=\"async\" src=\"https:\/\/i0.wp.com\/www.24baires.com\/wp-content\/uploads\/2018\/08\/supermercado.jpg?resize=560%2C313\" alt=\"\" width=\"560\" height=\"313\" class=\"aligncenter size-full wp-image-103910\" srcset=\"https:\/\/i0.wp.com\/www.24baires.com\/wp-content\/uploads\/2018\/08\/supermercado.jpg?w=560&amp;ssl=1 560w, https:\/\/i0.wp.com\/www.24baires.com\/wp-content\/uploads\/2018\/08\/supermercado.jpg?resize=300%2C168&amp;ssl=1 300w\" sizes=\"auto, (max-width: 560px) 100vw, 560px\" \/>El instituto de estad\u00edstica dio a conocer la suba de precios del \u00faltimo mes, que qued\u00f3 muy por debajo de las estimaciones de gremios y privados, que hab\u00edan calculado 4%.<!--more--><\/p>\n<p>La inflaci\u00f3n de octubre fue del 3,3% y acumul\u00f3 en lo que va del a\u00f1o un alza del 42,2%, inform\u00f3 este jueves por la tarde el Instituto Nacional de Estad\u00edstica y Censos (INDEC). En comparaci\u00f3n con octubre del a\u00f1o pasado, la suba de precios acumulada trep\u00f3 al 50,5%, seg\u00fan la estad\u00edstica oficial.<\/p>\n","protected":false},"excerpt":{"rendered":"<p>El instituto de estad\u00edstica dio a conocer la suba de precios del \u00faltimo mes, que qued\u00f3 muy por debajo de las estimaciones de gremios y privados, que hab\u00edan calculado 4%.<\/p>\n","protected":false},"author":4,"featured_media":0,"comment_status":"open","ping_status":"open","sticky":false,"template":"","format":"standard","meta":{"_jetpack_newsletter_access":"","_jetpack_dont_email_post_to_subs":false,"_jetpack_newsletter_tier_id":0,"_jetpack_memberships_contains_paywalled_content":false,"_jetpack_memberships_contains_paid_content":false,"footnotes":""},"categories":[45],"tags":[],"class_list":["post-113001","post","type-post","status-publish","format-standard","hentry","category-economia"],"jetpack_featured_media_url":"","jetpack_shortlink":"https:\/\/wp.me\/p2JWE0-toB","jetpack-related-posts":[{"id":118340,"url":"https:\/\/www.24baires.com\/?p=118340","url_meta":{"origin":113001,"position":0},"title":"El \u00cdndice de Precios Minoristas aument\u00f3 2,5%","author":"AF","date":"14\/12\/2021","format":false,"excerpt":"Representa una baja de 1 punto respecto a 3,5% registrado tanto en septiembre como en octubre, seg\u00fan inform\u00f3 el Instituto Nacional de Estad\u00edstica y Censos. El \u00edndice de Precios Minoristas aument\u00f3 durante noviembre 2,5%, por debajo del 3,5% que hab\u00eda registrado tanto en septiembre como en octubre, inform\u00f3 el Instituto\u2026","rel":"","context":"En \u00abEconom\u00eda\u00bb","block_context":{"text":"Econom\u00eda","link":"https:\/\/www.24baires.com\/?cat=45"},"img":{"alt_text":"","src":"https:\/\/i0.wp.com\/www.24baires.com\/wp-content\/uploads\/2021\/12\/61b916c66d030_900.jpg?resize=350%2C200","width":350,"height":200,"srcset":"https:\/\/i0.wp.com\/www.24baires.com\/wp-content\/uploads\/2021\/12\/61b916c66d030_900.jpg?resize=350%2C200 1x, https:\/\/i0.wp.com\/www.24baires.com\/wp-content\/uploads\/2021\/12\/61b916c66d030_900.jpg?resize=525%2C300 1.5x"},"classes":[]},{"id":81496,"url":"https:\/\/www.24baires.com\/?p=81496","url_meta":{"origin":113001,"position":1},"title":"Prat Gay anunci\u00f3 que hasta 2017 no habr\u00e1 n\u00fameros de inflaci\u00f3n","author":"GB","date":"15\/04\/2016","format":false,"excerpt":"As\u00ed los afirm\u00f3 el ministro de Hacienda y Finanzas Alfonso Prat-Gay en una reuni\u00f3n con el Fondo Monetario Internacional (FMI) y el Banco Mundial (BM) en Washington. \u201cNo hay una medida oficial nacional, y no habr\u00e1 un \u00edndice de precios al consumidor por lo menos hasta el pr\u00f3ximo a\u00f1o\u201d, expres\u00f3\u2026","rel":"","context":"En \u00abEconom\u00eda\u00bb","block_context":{"text":"Econom\u00eda","link":"https:\/\/www.24baires.com\/?cat=45"},"img":{"alt_text":"prat gay","src":"https:\/\/i0.wp.com\/www.24baires.com\/wp-content\/uploads\/2015\/12\/prat-gay.jpg?resize=350%2C200","width":350,"height":200,"srcset":"https:\/\/i0.wp.com\/www.24baires.com\/wp-content\/uploads\/2015\/12\/prat-gay.jpg?resize=350%2C200 1x, https:\/\/i0.wp.com\/www.24baires.com\/wp-content\/uploads\/2015\/12\/prat-gay.jpg?resize=525%2C300 1.5x"},"classes":[]},{"id":49954,"url":"https:\/\/www.24baires.com\/?p=49954","url_meta":{"origin":113001,"position":2},"title":"La inflaci\u00f3n de junio fue la m\u00e1s baja del a\u00f1o","author":"Grupo Sierra","date":"15\/07\/2014","format":false,"excerpt":"Seg\u00fan cifras del Indec, el \u00edndice de precios al consumidor subi\u00f3 1,3 con un alza acumulada del 15% en el primer semestre del a\u00f1o. El \u00cdndice de Precios al Consumidor Nacional Urbano (Ipcnu) estuvo impulsado por los rubros Equipamiento y Mantenimiento para el hogar, Atenci\u00f3n m\u00e9dica y Educaci\u00f3n, inform\u00f3 hoy\u2026","rel":"","context":"En \u00abEconom\u00eda\u00bb","block_context":{"text":"Econom\u00eda","link":"https:\/\/www.24baires.com\/?cat=45"},"img":{"alt_text":"supermercado2","src":"https:\/\/i0.wp.com\/www.24baires.com\/wp-content\/uploads\/2013\/03\/supermercado2.jpg?resize=350%2C200","width":350,"height":200,"srcset":"https:\/\/i0.wp.com\/www.24baires.com\/wp-content\/uploads\/2013\/03\/supermercado2.jpg?resize=350%2C200 1x, https:\/\/i0.wp.com\/www.24baires.com\/wp-content\/uploads\/2013\/03\/supermercado2.jpg?resize=525%2C300 1.5x"},"classes":[]},{"id":116686,"url":"https:\/\/www.24baires.com\/?p=116686","url_meta":{"origin":113001,"position":3},"title":"La inflaci\u00f3n de octubre fue de 3,8% y es la m\u00e1s alta de todo 2020","author":"AF","date":"12\/11\/2020","format":false,"excerpt":"El Indec inform\u00f3 una suba general de precios superior a lo que hab\u00edan estimado las consultoras, que la m\u00e1s alta proyectaba 3,5%. El IPC de marzo hab\u00eda sido 3,3% El \u00edndice de precios al consumidor (IPC) subi\u00f3 3,8% durante octubre en comparaci\u00f3n con septiembre y fue del 37,2% a nivel\u2026","rel":"","context":"En \u00abEconom\u00eda\u00bb","block_context":{"text":"Econom\u00eda","link":"https:\/\/www.24baires.com\/?cat=45"},"img":{"alt_text":"","src":"https:\/\/i0.wp.com\/www.24baires.com\/wp-content\/uploads\/2020\/04\/supermercado.jpg?resize=350%2C200","width":350,"height":200,"srcset":"https:\/\/i0.wp.com\/www.24baires.com\/wp-content\/uploads\/2020\/04\/supermercado.jpg?resize=350%2C200 1x, https:\/\/i0.wp.com\/www.24baires.com\/wp-content\/uploads\/2020\/04\/supermercado.jpg?resize=525%2C300 1.5x"},"classes":[]},{"id":116891,"url":"https:\/\/www.24baires.com\/?p=116891","url_meta":{"origin":113001,"position":4},"title":"La inflaci\u00f3n de noviembre fue de 3,2% y acumula 30,9%","author":"AF","date":"15\/12\/2020","format":false,"excerpt":"La inflaci\u00f3n de noviembre lleg\u00f3 al 3,2% y acumul\u00f3 en un a\u00f1o un alza del 35,8%, inform\u00f3 esta tarde el INDEC. Seg\u00fan la informaci\u00f3n oficial, entre enero y noviembre, el \u00cdndice de Precios al Consumidor (IPC) registr\u00f3 un incremento del 30,9%. La suba de precios de noviembre fue inferior al\u2026","rel":"","context":"En \u00abEconom\u00eda\u00bb","block_context":{"text":"Econom\u00eda","link":"https:\/\/www.24baires.com\/?cat=45"},"img":{"alt_text":"","src":"https:\/\/i0.wp.com\/www.24baires.com\/wp-content\/uploads\/2020\/05\/supermercado.jpg?resize=350%2C200","width":350,"height":200,"srcset":"https:\/\/i0.wp.com\/www.24baires.com\/wp-content\/uploads\/2020\/05\/supermercado.jpg?resize=350%2C200 1x, https:\/\/i0.wp.com\/www.24baires.com\/wp-content\/uploads\/2020\/05\/supermercado.jpg?resize=525%2C300 1.5x"},"classes":[]},{"id":115183,"url":"https:\/\/www.24baires.com\/?p=115183","url_meta":{"origin":113001,"position":5},"title":"Seg\u00fan el Indec, los salarios subieron 13,4% y le ganaron a la inflaci\u00f3n","author":"AF","date":"29\/05\/2020","format":false,"excerpt":"Se espera que los datos de abril comiencen a mostrar un retroceso y ca\u00edda frente al avance de los precios merced del impacto de la cuarentena en la econom\u00eda. El Instituto Nacional de Estad\u00edsticas y Censos (Indec) inform\u00f3 este viernes que durante el primer trimestre del a\u00f1o, justo antes del\u2026","rel":"","context":"En \u00abEconom\u00eda\u00bb","block_context":{"text":"Econom\u00eda","link":"https:\/\/www.24baires.com\/?cat=45"},"img":{"alt_text":"","src":"https:\/\/i0.wp.com\/www.24baires.com\/wp-content\/uploads\/2013\/02\/indec.jpg?resize=350%2C200","width":350,"height":200,"srcset":"https:\/\/i0.wp.com\/www.24baires.com\/wp-content\/uploads\/2013\/02\/indec.jpg?resize=350%2C200 1x, https:\/\/i0.wp.com\/www.24baires.com\/wp-content\/uploads\/2013\/02\/indec.jpg?resize=525%2C300 1.5x"},"classes":[]}],"jetpack_sharing_enabled":true,"jetpack_likes_enabled":true,"_links":{"self":[{"href":"https:\/\/www.24baires.com\/index.php?rest_route=\/wp\/v2\/posts\/113001","targetHints":{"allow":["GET"]}}],"collection":[{"href":"https:\/\/www.24baires.com\/index.php?rest_route=\/wp\/v2\/posts"}],"about":[{"href":"https:\/\/www.24baires.com\/index.php?rest_route=\/wp\/v2\/types\/post"}],"author":[{"embeddable":true,"href":"https:\/\/www.24baires.com\/index.php?rest_route=\/wp\/v2\/users\/4"}],"replies":[{"embeddable":true,"href":"https:\/\/www.24baires.com\/index.php?rest_route=%2Fwp%2Fv2%2Fcomments&post=113001"}],"version-history":[{"count":1,"href":"https:\/\/www.24baires.com\/index.php?rest_route=\/wp\/v2\/posts\/113001\/revisions"}],"predecessor-version":[{"id":113003,"href":"https:\/\/www.24baires.com\/index.php?rest_route=\/wp\/v2\/posts\/113001\/revisions\/113003"}],"wp:attachment":[{"href":"https:\/\/www.24baires.com\/index.php?rest_route=%2Fwp%2Fv2%2Fmedia&parent=113001"}],"wp:term":[{"taxonomy":"category","embeddable":true,"href":"https:\/\/www.24baires.com\/index.php?rest_route=%2Fwp%2Fv2%2Fcategories&post=113001"},{"taxonomy":"post_tag","embeddable":true,"href":"https:\/\/www.24baires.com\/index.php?rest_route=%2Fwp%2Fv2%2Ftags&post=113001"}],"curies":[{"name":"wp","href":"https:\/\/api.w.org\/{rel}","templated":true}]}}