{"id":112991,"date":"2019-11-14T10:00:17","date_gmt":"2019-11-14T13:00:17","guid":{"rendered":"http:\/\/www.24baires.com\/?p=112991"},"modified":"2019-11-14T09:17:42","modified_gmt":"2019-11-14T12:17:42","slug":"ya-rige-el-aumento-del-5-en-los-combustibles","status":"publish","type":"post","link":"https:\/\/www.24baires.com\/?p=112991","title":{"rendered":"Ya rige el aumento del 5% en los combustibles"},"content":{"rendered":"<p><img data-recalc-dims=\"1\" loading=\"lazy\" decoding=\"async\" src=\"https:\/\/i0.wp.com\/www.24baires.com\/wp-content\/uploads\/2019\/02\/shel-nafta.jpg?resize=560%2C315\" alt=\"\" width=\"560\" height=\"315\" class=\"aligncenter size-full wp-image-106663\" srcset=\"https:\/\/i0.wp.com\/www.24baires.com\/wp-content\/uploads\/2019\/02\/shel-nafta.jpg?w=560&amp;ssl=1 560w, https:\/\/i0.wp.com\/www.24baires.com\/wp-content\/uploads\/2019\/02\/shel-nafta.jpg?resize=300%2C169&amp;ssl=1 300w\" sizes=\"auto, (max-width: 560px) 100vw, 560px\" \/>Las petroleras hicieron efectiva una nueva suba en las naftas y di\u00e9sel mientras esperan un cambio de pol\u00edtica energ\u00e9tica con Alberto Fern\u00e1ndez.<!--more--><\/p>\n<p>Este jueves los combustibles aumentaron nuevamente tras el fin del congelamiento de los precios por 90 d\u00edas que el gobierno nacional hab\u00eda dispuesto. Ante esta situaci\u00f3n, las petroleras dispusieron una suba de 5% y se prev\u00e9 otro incremento en diciembre. El rebote en la inflaci\u00f3n preocupa a gran parte de la sociedad. <\/p>\n<p>La Confederaci\u00f3n de Entidades del Comercio de Hidrocarburos y Afines confirm\u00f3 dio a conocer que el aumento ser\u00e1 de 5% tanto para las naftas como para el di\u00e9sel. En esa l\u00ednea, estimaron que el 1 de diciembre tendr\u00e1n un nuevo ajuste en el valor con lo cual la escalada no prev\u00e9 un techo.<\/p>\n<p>El 15 de agosto, tras la elecci\u00f3n de las PASO, el presidente Mauricio Macri firm\u00f3 un decreto para regular el precio de los combustibles y estableci\u00f3 que las compa\u00f1\u00edas deb\u00edan mantener los valores del 9 de agosto y que se tomaba un d\u00f3lar de referencia de $45,19. Entonces, la Secretar\u00eda de Energ\u00eda ten\u00eda que autorizar incrementos en los precios en dos subas, de 5% cada una, en septiembre y a fines de octubre.<\/p>\n<p>Tras la derrota de Macri y la incertidumbre existente por la crisis econ\u00f3mica, las petroleras pusieron el grito en el cielo al considerar que existe un atraso en los valores debido al congelamiento y que ahora apuntan a recuperarlo de manera paulatina. En ese sentido, el objetivo es subir los precios hasta al 10 de diciembre y con la asunci\u00f3n de Alberto Fern\u00e1ndez, comenzar a dialogar para reorientar la pol\u00edtica energ\u00e9tica.<\/p>\n<p>\u201cLa idea es hacer aumentos progresivos hasta que la nafta cueste un d\u00f3lar, el precio estuvo muy retenido, pero lamentablemente desde hace meses en muchos \u00e1mbitos ya se aplicaron aumentos como si tuviera ese valor\u201d, afirm\u00f3 Julio Alonso, Presidente de la FEC.<\/p>\n<p>Adem\u00e1s asegur\u00f3 que no se cerraron estaciones de servicio en la Regi\u00f3n, aunque aclar\u00f3 que si se resinti\u00f3 la contrataci\u00f3n de empleados. \u201cLos empleados que por distintas razones se jubilan o cambian de empleo ya no se los reemplaza\u201d, apunt\u00f3 el dirigente.<\/p>\n","protected":false},"excerpt":{"rendered":"<p>Las petroleras hicieron efectiva una nueva suba en las naftas y di\u00e9sel mientras esperan un cambio de pol\u00edtica energ\u00e9tica con Alberto Fern\u00e1ndez.<\/p>\n","protected":false},"author":8,"featured_media":0,"comment_status":"open","ping_status":"open","sticky":false,"template":"","format":"standard","meta":{"_jetpack_newsletter_access":"","_jetpack_dont_email_post_to_subs":false,"_jetpack_newsletter_tier_id":0,"_jetpack_memberships_contains_paywalled_content":false,"_jetpack_memberships_contains_paid_content":false,"footnotes":""},"categories":[45],"tags":[],"class_list":["post-112991","post","type-post","status-publish","format-standard","hentry","category-economia"],"jetpack_featured_media_url":"","jetpack_shortlink":"https:\/\/wp.me\/p2JWE0-tor","jetpack-related-posts":[{"id":101539,"url":"https:\/\/www.24baires.com\/?p=101539","url_meta":{"origin":112991,"position":0},"title":"YPF tambi\u00e9n aument\u00f3 el precio de sus combustibles","author":"GB","date":"11\/04\/2018","format":false,"excerpt":"Luego de Axion y Shell incrementaran la tarifa de las naftas en un 4,5 por ciento, la petrolera con acciones del Estado hizo lo mismo en todo el pa\u00eds. Tras los aumentos en Axion y Shell de 4,5% en promedio en el precio de sus combustibles, ahora se sum\u00f3 YPF\u2026","rel":"","context":"En \u00abConsumidores\u00bb","block_context":{"text":"Consumidores","link":"https:\/\/www.24baires.com\/?cat=78"},"img":{"alt_text":"","src":"https:\/\/i0.wp.com\/www.24baires.com\/wp-content\/uploads\/2013\/02\/surtidor-nafta.jpg?resize=350%2C200","width":350,"height":200,"srcset":"https:\/\/i0.wp.com\/www.24baires.com\/wp-content\/uploads\/2013\/02\/surtidor-nafta.jpg?resize=350%2C200 1x, https:\/\/i0.wp.com\/www.24baires.com\/wp-content\/uploads\/2013\/02\/surtidor-nafta.jpg?resize=525%2C300 1.5x"},"classes":[]},{"id":115999,"url":"https:\/\/www.24baires.com\/?p=115999","url_meta":{"origin":112991,"position":1},"title":"Shell y Puma tambi\u00e9n subieron 4,5% sus precios","author":"AF","date":"19\/08\/2020","format":false,"excerpt":"Las compa\u00f1\u00edas minoristas de combustible ya aumentaron los precios para la nafta y el gasoil, y se espera que Axxion haga lo propio en las pr\u00f3ximas horas. YPF, Raizem -licenciataria de la marca Shell-, y Puma aumentaron un 4,5% en promedio sus precios de nafta y gasoil este mi\u00e9rcoles y\u2026","rel":"","context":"En \u00abSociedad\u00bb","block_context":{"text":"Sociedad","link":"https:\/\/www.24baires.com\/?cat=1"},"img":{"alt_text":"","src":"https:\/\/i0.wp.com\/www.24baires.com\/wp-content\/uploads\/2020\/08\/surtidor-shell.jpg?resize=350%2C200","width":350,"height":200,"srcset":"https:\/\/i0.wp.com\/www.24baires.com\/wp-content\/uploads\/2020\/08\/surtidor-shell.jpg?resize=350%2C200 1x, https:\/\/i0.wp.com\/www.24baires.com\/wp-content\/uploads\/2020\/08\/surtidor-shell.jpg?resize=525%2C300 1.5x"},"classes":[]},{"id":106657,"url":"https:\/\/www.24baires.com\/?p=106657","url_meta":{"origin":112991,"position":2},"title":"Shell volvi\u00f3 a aumentar el precio del combustible","author":"AF","date":"03\/02\/2019","format":false,"excerpt":"La petrolera increment\u00f3 el precio de sus combustibles luego de que hace un mes lo bajara un 1,5% junto a YPF. El segundo mes de 2019 contin\u00faa con aumentos. Despu\u00e9s de los incrementos en las tarifas de los servicios p\u00fablicos, ahora se suma el de la natfa. La petrolera Shell\u2026","rel":"","context":"En \u00abEconom\u00eda\u00bb","block_context":{"text":"Econom\u00eda","link":"https:\/\/www.24baires.com\/?cat=45"},"img":{"alt_text":"","src":"https:\/\/i0.wp.com\/www.24baires.com\/wp-content\/uploads\/2013\/02\/surtidor-nafta.jpg?resize=350%2C200","width":350,"height":200,"srcset":"https:\/\/i0.wp.com\/www.24baires.com\/wp-content\/uploads\/2013\/02\/surtidor-nafta.jpg?resize=350%2C200 1x, https:\/\/i0.wp.com\/www.24baires.com\/wp-content\/uploads\/2013\/02\/surtidor-nafta.jpg?resize=525%2C300 1.5x"},"classes":[]},{"id":119910,"url":"https:\/\/www.24baires.com\/?p=119910","url_meta":{"origin":112991,"position":3},"title":"Aumentan los combustibles un 3,8%","author":"GB","date":"16\/03\/2023","format":false,"excerpt":"Luego de que se conociera la inflaci\u00f3n de febrero, Shell fue la primera en actualizar los precios de la nafta y el gasoil. trata del \u00faltimo aumento que acordado con el gobierno nacional en el marco del programa Precios Justos. Desde hoy, la nafta y el gasoil son un 3,8%\u2026","rel":"","context":"En \u00abEconom\u00eda\u00bb","block_context":{"text":"Econom\u00eda","link":"https:\/\/www.24baires.com\/?cat=45"},"img":{"alt_text":"","src":"https:\/\/i0.wp.com\/www.24baires.com\/wp-content\/uploads\/2013\/02\/surtidor-nafta.jpg?resize=350%2C200","width":350,"height":200,"srcset":"https:\/\/i0.wp.com\/www.24baires.com\/wp-content\/uploads\/2013\/02\/surtidor-nafta.jpg?resize=350%2C200 1x, https:\/\/i0.wp.com\/www.24baires.com\/wp-content\/uploads\/2013\/02\/surtidor-nafta.jpg?resize=525%2C300 1.5x, https:\/\/i0.wp.com\/www.24baires.com\/wp-content\/uploads\/2013\/02\/surtidor-nafta.jpg?resize=700%2C400 2x"},"classes":[]},{"id":106662,"url":"https:\/\/www.24baires.com\/?p=106662","url_meta":{"origin":112991,"position":4},"title":"Shell aument\u00f3 el precio de sus combustibles","author":"GB","date":"04\/02\/2019","format":false,"excerpt":"Luego de la baja de 1,5% que se dio en diciembre, ahora en el segundo mes del a\u00f1o la petrolera Raizen resolvi\u00f3 subir el valor de las nafatas y gasoil. Raizen, la firma responsable de Shell en Argentina, desde el domingo aument\u00f3 sus combustibles en todo el pa\u00eds. En ese\u2026","rel":"","context":"En \u00abConsumidores\u00bb","block_context":{"text":"Consumidores","link":"https:\/\/www.24baires.com\/?cat=78"},"img":{"alt_text":"","src":"https:\/\/i0.wp.com\/www.24baires.com\/wp-content\/uploads\/2019\/02\/shel-nafta.jpg?resize=350%2C200","width":350,"height":200,"srcset":"https:\/\/i0.wp.com\/www.24baires.com\/wp-content\/uploads\/2019\/02\/shel-nafta.jpg?resize=350%2C200 1x, https:\/\/i0.wp.com\/www.24baires.com\/wp-content\/uploads\/2019\/02\/shel-nafta.jpg?resize=525%2C300 1.5x"},"classes":[]},{"id":106682,"url":"https:\/\/www.24baires.com\/?p=106682","url_meta":{"origin":112991,"position":5},"title":"YPF no se qued\u00f3 atr\u00e1s y aument\u00f3 sus combustibles","author":"GB","date":"05\/02\/2019","format":false,"excerpt":"Del mismo modo que lo hizo Shell, la petrolera que posee acciones del Estado resolvi\u00f3 incrementar el valor de sus naftas y gasoil desde este martes. Luego de que Shell anunciara el aumento de 2 por ciento en sus combustibles, YPF dio a conocer que tambi\u00e9n subi\u00f3 el valor de\u2026","rel":"","context":"En \u00abEconom\u00eda\u00bb","block_context":{"text":"Econom\u00eda","link":"https:\/\/www.24baires.com\/?cat=45"},"img":{"alt_text":"","src":"https:\/\/i0.wp.com\/www.24baires.com\/wp-content\/uploads\/2014\/03\/naftas-surtidores-300x180.jpg?resize=350%2C200","width":350,"height":200},"classes":[]}],"jetpack_sharing_enabled":true,"jetpack_likes_enabled":true,"_links":{"self":[{"href":"https:\/\/www.24baires.com\/index.php?rest_route=\/wp\/v2\/posts\/112991","targetHints":{"allow":["GET"]}}],"collection":[{"href":"https:\/\/www.24baires.com\/index.php?rest_route=\/wp\/v2\/posts"}],"about":[{"href":"https:\/\/www.24baires.com\/index.php?rest_route=\/wp\/v2\/types\/post"}],"author":[{"embeddable":true,"href":"https:\/\/www.24baires.com\/index.php?rest_route=\/wp\/v2\/users\/8"}],"replies":[{"embeddable":true,"href":"https:\/\/www.24baires.com\/index.php?rest_route=%2Fwp%2Fv2%2Fcomments&post=112991"}],"version-history":[{"count":1,"href":"https:\/\/www.24baires.com\/index.php?rest_route=\/wp\/v2\/posts\/112991\/revisions"}],"predecessor-version":[{"id":112992,"href":"https:\/\/www.24baires.com\/index.php?rest_route=\/wp\/v2\/posts\/112991\/revisions\/112992"}],"wp:attachment":[{"href":"https:\/\/www.24baires.com\/index.php?rest_route=%2Fwp%2Fv2%2Fmedia&parent=112991"}],"wp:term":[{"taxonomy":"category","embeddable":true,"href":"https:\/\/www.24baires.com\/index.php?rest_route=%2Fwp%2Fv2%2Fcategories&post=112991"},{"taxonomy":"post_tag","embeddable":true,"href":"https:\/\/www.24baires.com\/index.php?rest_route=%2Fwp%2Fv2%2Ftags&post=112991"}],"curies":[{"name":"wp","href":"https:\/\/api.w.org\/{rel}","templated":true}]}}