{"id":112902,"date":"2019-11-07T17:50:30","date_gmt":"2019-11-07T20:50:30","guid":{"rendered":"http:\/\/www.24baires.com\/?p=112902"},"modified":"2019-11-07T17:50:30","modified_gmt":"2019-11-07T20:50:30","slug":"los-nuevos-aumentos-autorizados-por-macri-llevaran-el-piso-de-la-inflacion-para-2019-al-54","status":"publish","type":"post","link":"https:\/\/www.24baires.com\/?p=112902","title":{"rendered":"Los nuevos aumentos autorizados por Macri llevar\u00e1n el piso de la inflaci\u00f3n para 2019 al 54%"},"content":{"rendered":"<p><img data-recalc-dims=\"1\" loading=\"lazy\" decoding=\"async\" src=\"https:\/\/i0.wp.com\/www.24baires.com\/wp-content\/uploads\/2018\/08\/supermercado.jpg?resize=560%2C313\" alt=\"\" width=\"560\" height=\"313\" class=\"aligncenter size-full wp-image-103910\" srcset=\"https:\/\/i0.wp.com\/www.24baires.com\/wp-content\/uploads\/2018\/08\/supermercado.jpg?w=560&amp;ssl=1 560w, https:\/\/i0.wp.com\/www.24baires.com\/wp-content\/uploads\/2018\/08\/supermercado.jpg?resize=300%2C168&amp;ssl=1 300w\" sizes=\"auto, (max-width: 560px) 100vw, 560px\" \/>As\u00ed lo adelant\u00f3 el Centro de Estudios Econ\u00f3micos y Sociales Scalabrini Ortiz (CESO) que anticip\u00f3 adem\u00e1s que en noviembre el aumento de precios se ubicar\u00eda en torno al 5%.<!--more--><\/p>\n<p>El informe \u00abOcho puntos sobre la econom\u00eda\u00bb elaborado por el jefe de Gabinete, Marcos Pe\u00f1a y el ministro de Hacienda, Hern\u00e1n Lacunza, y difundido d\u00edas atr\u00e1s intent\u00f3 revestir de un halo de \u00e9xito la m\u00e1s que paup\u00e9rrima gesti\u00f3n econ\u00f3mica del gobierno saliente de Mauricio Macri.<\/p>\n<p>\u00abNo se puede eliminar la inflaci\u00f3n de un d\u00eda para el otro, pero en estos cuatro a\u00f1os hemos dado los pasos necesarios para empezar a ver una reducci\u00f3n sostenida y sostenible de la inflaci\u00f3n\u00bb advierte el documento que realiza un muy ama\u00f1ado balance de la gesti\u00f3n de quien hab\u00eda asegurado que bajar la inflaci\u00f3n iba a ser lo m\u00e1s sencillo que tendr\u00eda que enfrentar en la Casa Rosada.<\/p>\n<p>Macri dejar\u00e1 el gobierno el pr\u00f3ximo 10 de diciembre luego de cuatro a\u00f1os y una inflaci\u00f3n acumulada de 285% y que podr\u00eda superar el 300% a fin de este a\u00f1o.<\/p>\n<p>Tampoco es cierto que se dieron \u00ablos pasos para empezar a ver una reducci\u00f3n sostenida y sostenible de la inflaci\u00f3n\u00bb. Por lo menos as\u00ed lo advierte el Centro de Estudios Econ\u00f3micos y Sociales Scalabrini Ortiz (CESO).<\/p>\n<p>De acuerdo con el \u00faltimo informe del CESO la inflaci\u00f3n de octubre se ubicar\u00e1 en torno al 4,4% mientras que en noviembre, merced de la nueva bater\u00eda de aumentos dispuesta por el gobierno nacional el avance de los precios se acelerar\u00e1 una vez m\u00e1s y llegar\u00e1 al 5%.<\/p>\n<p>Los incrementos mensuales m\u00e1s pronunciados se registraron en los rubros de Textiles para el hogar (23%), en Tecnolog\u00eda: Celulares y Telefon\u00eda (13%), en Alimentos secos: Az\u00facar y edulcorantes (10,9%) y Cereales (8%), en Limpieza: Detergentes (10,4%) y en el rubro Alimentos Frescos: Pescados y Mariscos (6,7%). Las bajas se registraron en el rubro Electrodom\u00e9sticos: Audio (-13%) y TV y Video (-6,9%).<\/p>\n<p>El \u00edndice de inflaci\u00f3n supermercados relevado por el CESO corresponde al seguimiento de m\u00e1s de 20 mil precios de productos online.<\/p>\n<p>En su informe el CESO advirti\u00f3 adem\u00e1s que \u00aben noviembre se anunciaron aumentos de celulares y naftas. Electricidad aumentar\u00e1 un 25%, los celulares un 22,5% (promedio compa\u00f1\u00edas), las naftas un 4%. Dado una inflaci\u00f3n en las categor\u00edas b\u00e1sicas de supermercados y los aumentos alcanza un 4,4%, en el proyectado de inflaci\u00f3n se esperan aumentos por encima del 5% para noviembre\u00bb.<\/p>\n<p>En diciembre se esperan adem\u00e1s aumentos en electricidad y prepagas, aunque no se conocen a\u00fan los montos. Esto sit\u00faa la proyecci\u00f3n de inflaci\u00f3n a diciembre en al menos 4%.<\/p>\n","protected":false},"excerpt":{"rendered":"<p>As\u00ed lo adelant\u00f3 el Centro de Estudios Econ\u00f3micos y Sociales Scalabrini Ortiz (CESO) que anticip\u00f3 adem\u00e1s que en noviembre el aumento de precios se ubicar\u00eda en torno al 5%.<\/p>\n","protected":false},"author":4,"featured_media":0,"comment_status":"open","ping_status":"open","sticky":false,"template":"","format":"standard","meta":{"_jetpack_newsletter_access":"","_jetpack_dont_email_post_to_subs":false,"_jetpack_newsletter_tier_id":0,"_jetpack_memberships_contains_paywalled_content":false,"_jetpack_memberships_contains_paid_content":false,"footnotes":""},"categories":[45],"tags":[],"class_list":["post-112902","post","type-post","status-publish","format-standard","hentry","category-economia"],"jetpack_featured_media_url":"","jetpack_shortlink":"https:\/\/wp.me\/p2JWE0-tn0","jetpack-related-posts":[{"id":113811,"url":"https:\/\/www.24baires.com\/?p=113811","url_meta":{"origin":112902,"position":0},"title":"Macri dej\u00f3 la peor inflaci\u00f3n de los \u00faltimos 28 a\u00f1os","author":"AF","date":"15\/01\/2020","format":false,"excerpt":"El descontrol de precios fue una caracter\u00edstica saliente del gobierno de Mauricio Macri. En sus cuatro a\u00f1os de gesti\u00f3n duplic\u00f3 la inflaci\u00f3n que hab\u00eda heredado en 2015. En 2019, a pesar del ajuste fiscal y la contracci\u00f3n monetaria, escal\u00f3 a su mayor nivel en casi tres d\u00e9cadas. La inflaci\u00f3n de\u2026","rel":"","context":"En \u00abSociedad\u00bb","block_context":{"text":"Sociedad","link":"https:\/\/www.24baires.com\/?cat=1"},"img":{"alt_text":"","src":"https:\/\/i0.wp.com\/www.24baires.com\/wp-content\/uploads\/2018\/08\/supermercado.jpg?resize=350%2C200","width":350,"height":200,"srcset":"https:\/\/i0.wp.com\/www.24baires.com\/wp-content\/uploads\/2018\/08\/supermercado.jpg?resize=350%2C200 1x, https:\/\/i0.wp.com\/www.24baires.com\/wp-content\/uploads\/2018\/08\/supermercado.jpg?resize=525%2C300 1.5x"},"classes":[]},{"id":111279,"url":"https:\/\/www.24baires.com\/?p=111279","url_meta":{"origin":112902,"position":1},"title":"Estiman que Macri finalizar\u00eda su gesti\u00f3n con los salarios 50 puntos debajo de la inflaci\u00f3n","author":"AF","date":"21\/07\/2019","format":false,"excerpt":"La inflaci\u00f3n acumular\u00eda alrededor de 250% entre 2016 y 2019, las tarifas subir\u00edan cerca de 550% y el d\u00f3lar escalar\u00eda m\u00e1s de 400%. As\u00ed lo indica un informe de la consultora Ecolatina. Durante la gesti\u00f3n del presidente Mauricio Macri habr\u00e1 tenido lugar un reacomodamiento de precios relativos, mientras que la\u2026","rel":"","context":"En \u00abEconom\u00eda\u00bb","block_context":{"text":"Econom\u00eda","link":"https:\/\/www.24baires.com\/?cat=45"},"img":{"alt_text":"","src":"https:\/\/i0.wp.com\/www.24baires.com\/wp-content\/uploads\/2018\/02\/desempleo.jpg?resize=350%2C200","width":350,"height":200,"srcset":"https:\/\/i0.wp.com\/www.24baires.com\/wp-content\/uploads\/2018\/02\/desempleo.jpg?resize=350%2C200 1x, https:\/\/i0.wp.com\/www.24baires.com\/wp-content\/uploads\/2018\/02\/desempleo.jpg?resize=525%2C300 1.5x"},"classes":[]},{"id":105728,"url":"https:\/\/www.24baires.com\/?p=105728","url_meta":{"origin":112902,"position":2},"title":"Macri reconoci\u00f3 el aumento de la pobreza","author":"AF","date":"03\/12\/2018","format":false,"excerpt":"Tal como sucedi\u00f3 con la promesa del famoso \"segundo semestre\" el Presidente volvi\u00f3 a anticipar una futuro venturoso en el mediano plazo. La felicidad, para Cambiemos, siempre est\u00e1 un poquito m\u00e1s adelante. Tras el fin de la Cumbre del G-20, durante la cual los medios brit\u00e1nicos se preguntaron por qu\u00e9\u2026","rel":"","context":"En \u00abSociedad\u00bb","block_context":{"text":"Sociedad","link":"https:\/\/www.24baires.com\/?cat=1"},"img":{"alt_text":"","src":"https:\/\/i0.wp.com\/www.24baires.com\/wp-content\/uploads\/2018\/09\/macri.jpg?resize=350%2C200","width":350,"height":200,"srcset":"https:\/\/i0.wp.com\/www.24baires.com\/wp-content\/uploads\/2018\/09\/macri.jpg?resize=350%2C200 1x, https:\/\/i0.wp.com\/www.24baires.com\/wp-content\/uploads\/2018\/09\/macri.jpg?resize=525%2C300 1.5x"},"classes":[]},{"id":94391,"url":"https:\/\/www.24baires.com\/?p=94391","url_meta":{"origin":112902,"position":3},"title":"Cavallo consider\u00f3 que el modelo econ\u00f3mico de Macri \u00abllevar\u00e1 a buen puerto\u00bb","author":"GB","date":"09\/05\/2017","format":false,"excerpt":"El ex ministro de Econom\u00eda asegur\u00f3 adem\u00e1s que, tras las elecciones, el gobierno de Macri deber\u00e1 avanzar en una mayor apertura importadora, privatizaciones, despidos en el sector p\u00fablico, una mayor desregulaci\u00f3n y la eliminaci\u00f3n de subsidios. El dos veces ministro de Econom\u00eda de la Naci\u00f3n y mentor del modelo econ\u00f3mico\u2026","rel":"","context":"En \u00abEconom\u00eda\u00bb","block_context":{"text":"Econom\u00eda","link":"https:\/\/www.24baires.com\/?cat=45"},"img":{"alt_text":"","src":"https:\/\/i0.wp.com\/www.24baires.com\/wp-content\/uploads\/2014\/08\/cavallo-1.jpg?resize=350%2C200","width":350,"height":200,"srcset":"https:\/\/i0.wp.com\/www.24baires.com\/wp-content\/uploads\/2014\/08\/cavallo-1.jpg?resize=350%2C200 1x, https:\/\/i0.wp.com\/www.24baires.com\/wp-content\/uploads\/2014\/08\/cavallo-1.jpg?resize=525%2C300 1.5x"},"classes":[]},{"id":108338,"url":"https:\/\/www.24baires.com\/?p=108338","url_meta":{"origin":112902,"position":4},"title":"La ONU consider\u00f3 que la econom\u00eda macrista est\u00e1 entre las peores del mundo","author":"AF","date":"22\/05\/2019","format":false,"excerpt":"La ONU consider\u00f3 que, en un contexto econ\u00f3mico adverso a nivel global, la Argentina se destac\u00f3 negativamente y contribuy\u00f3 a profundizar los desequilibrios mundiales. Advierten que en el pa\u00eds \"el horizonte es altamente incierto\" y se\u00f1alan \"la falta de capacidad del Gobierno para domesticar a la inflaci\u00f3n\". Como pretend\u00eda Mauricio\u2026","rel":"","context":"En \u00abPol\u00edtica\u00bb","block_context":{"text":"Pol\u00edtica","link":"https:\/\/www.24baires.com\/?cat=51"},"img":{"alt_text":"","src":"https:\/\/i0.wp.com\/www.24baires.com\/wp-content\/uploads\/2019\/03\/macri-deuda.jpg?resize=350%2C200","width":350,"height":200,"srcset":"https:\/\/i0.wp.com\/www.24baires.com\/wp-content\/uploads\/2019\/03\/macri-deuda.jpg?resize=350%2C200 1x, https:\/\/i0.wp.com\/www.24baires.com\/wp-content\/uploads\/2019\/03\/macri-deuda.jpg?resize=525%2C300 1.5x"},"classes":[]},{"id":89757,"url":"https:\/\/www.24baires.com\/?p=89757","url_meta":{"origin":112902,"position":5},"title":"El titular del Indec admiti\u00f3 que \u00abtodav\u00eda\u00bb hay \u00abun escenario de inflaci\u00f3n alto\u00bb","author":"GB","date":"11\/11\/2016","format":false,"excerpt":"A contramano del discurso de que \"la inflaci\u00f3n est\u00e1 bajando\" de la c\u00fapula del gobierno nacional encabezado por Mauricio Macri, Jorge Todesca reconoci\u00f3 que el 2,4% de suba de precios en octubre que inform\u00f3 el organismo que dirige \"obviamente es un n\u00famero alto\". Sin embargo, culp\u00f3 al tarifazo al gas\u2026","rel":"","context":"En \u00abEconom\u00eda\u00bb","block_context":{"text":"Econom\u00eda","link":"https:\/\/www.24baires.com\/?cat=45"},"img":{"alt_text":"indec","src":"https:\/\/i0.wp.com\/www.24baires.com\/wp-content\/uploads\/2013\/02\/indec-300x225.jpg?resize=350%2C200","width":350,"height":200},"classes":[]}],"jetpack_sharing_enabled":true,"jetpack_likes_enabled":true,"_links":{"self":[{"href":"https:\/\/www.24baires.com\/index.php?rest_route=\/wp\/v2\/posts\/112902","targetHints":{"allow":["GET"]}}],"collection":[{"href":"https:\/\/www.24baires.com\/index.php?rest_route=\/wp\/v2\/posts"}],"about":[{"href":"https:\/\/www.24baires.com\/index.php?rest_route=\/wp\/v2\/types\/post"}],"author":[{"embeddable":true,"href":"https:\/\/www.24baires.com\/index.php?rest_route=\/wp\/v2\/users\/4"}],"replies":[{"embeddable":true,"href":"https:\/\/www.24baires.com\/index.php?rest_route=%2Fwp%2Fv2%2Fcomments&post=112902"}],"version-history":[{"count":1,"href":"https:\/\/www.24baires.com\/index.php?rest_route=\/wp\/v2\/posts\/112902\/revisions"}],"predecessor-version":[{"id":112907,"href":"https:\/\/www.24baires.com\/index.php?rest_route=\/wp\/v2\/posts\/112902\/revisions\/112907"}],"wp:attachment":[{"href":"https:\/\/www.24baires.com\/index.php?rest_route=%2Fwp%2Fv2%2Fmedia&parent=112902"}],"wp:term":[{"taxonomy":"category","embeddable":true,"href":"https:\/\/www.24baires.com\/index.php?rest_route=%2Fwp%2Fv2%2Fcategories&post=112902"},{"taxonomy":"post_tag","embeddable":true,"href":"https:\/\/www.24baires.com\/index.php?rest_route=%2Fwp%2Fv2%2Ftags&post=112902"}],"curies":[{"name":"wp","href":"https:\/\/api.w.org\/{rel}","templated":true}]}}