{"id":112885,"date":"2019-11-06T19:30:59","date_gmt":"2019-11-06T22:30:59","guid":{"rendered":"http:\/\/www.24baires.com\/?p=112885"},"modified":"2019-11-06T20:47:39","modified_gmt":"2019-11-06T23:47:39","slug":"la-actividad-industrial-lleva-17-meses-en-caida","status":"publish","type":"post","link":"https:\/\/www.24baires.com\/?p=112885","title":{"rendered":"La actividad industrial lleva 17 meses en ca\u00edda"},"content":{"rendered":"<p><img data-recalc-dims=\"1\" loading=\"lazy\" decoding=\"async\" src=\"https:\/\/i0.wp.com\/www.24baires.com\/wp-content\/uploads\/2018\/11\/industria.jpg?resize=560%2C315\" alt=\"\" width=\"560\" height=\"315\" class=\"aligncenter size-full wp-image-105585\" srcset=\"https:\/\/i0.wp.com\/www.24baires.com\/wp-content\/uploads\/2018\/11\/industria.jpg?w=560&amp;ssl=1 560w, https:\/\/i0.wp.com\/www.24baires.com\/wp-content\/uploads\/2018\/11\/industria.jpg?resize=300%2C169&amp;ssl=1 300w\" sizes=\"auto, (max-width: 560px) 100vw, 560px\" \/>En septiembre la baja  fue de m\u00e1s del 5 por ciento en comparaci\u00f3n al a\u00f1o pasado seg\u00fan lo se\u00f1al\u00f3 el INDEC. El \u00faltimo dato positivo se dio en abril de 2018.<!--more--><\/p>\n<p>La producci\u00f3n industrial sufri\u00f3 en septiembre una ca\u00edda del 5,1% con relaci\u00f3n a igual mes de 2018 y cumpli\u00f3 un per\u00edodo de retroceso de casi un a\u00f1o y medio, inform\u00f3 el INDEC.<\/p>\n<p>El acumulado de los nueve meses de 2019 present\u00f3 un retroceso del 7,8% respecto al a\u00f1o pasado, seg\u00fan los datos que dio a conocer el INDEC.<\/p>\n<p>Con el resultado de septiembre, la actiidad alcanz\u00f3 una racha de 17 meses consecutivos de ca\u00eddas, ya que el \u00faltimo dato positivo se conoci\u00f3 en abril de 2018 cuando hubo una suba interanual del 4%.<\/p>\n<p>Salvo el sector de Alimentos y Bebidas, el resto de los rubros tuvo fuertes ca\u00eddas: la fabricaci\u00f3n de autos baj\u00f3 24,6%, las autopartes disminuyeron 12,8%, las industrian vinculadas al metal cayeron 8,3% y la industria vinculada a la ropa, cuero y calzado cay\u00f3 18,2%. <\/p>\n","protected":false},"excerpt":{"rendered":"<p>En septiembre la baja fue de m\u00e1s del 5 por ciento en comparaci\u00f3n al a\u00f1o pasado seg\u00fan lo se\u00f1al\u00f3 el INDEC. El \u00faltimo dato positivo se dio en abril de 2018.<\/p>\n","protected":false},"author":4,"featured_media":0,"comment_status":"open","ping_status":"open","sticky":false,"template":"","format":"standard","meta":{"_jetpack_newsletter_access":"","_jetpack_dont_email_post_to_subs":false,"_jetpack_newsletter_tier_id":0,"_jetpack_memberships_contains_paywalled_content":false,"_jetpack_memberships_contains_paid_content":false,"footnotes":""},"categories":[45],"tags":[],"class_list":["post-112885","post","type-post","status-publish","format-standard","hentry","category-economia"],"jetpack_featured_media_url":"","jetpack_shortlink":"https:\/\/wp.me\/p2JWE0-tmJ","jetpack-related-posts":[{"id":105748,"url":"https:\/\/www.24baires.com\/?p=105748","url_meta":{"origin":112885,"position":0},"title":"La actividad industrial cay\u00f3 6,8% en octubre","author":"AF","date":"04\/12\/2018","format":false,"excerpt":"El dato fue difundido esta tarde por el Indec. Es el sexto mes consecutivo de baja. La actividad manufacturera acumul\u00f3 una contracci\u00f3n del 2,5 por ciento en los primeros diez meses del a\u00f1o en comparaci\u00f3n con el mismo per\u00edodo de 2017. La caida de la construcci\u00f3n fue de 6,4 por\u2026","rel":"","context":"En \u00abEconom\u00eda\u00bb","block_context":{"text":"Econom\u00eda","link":"https:\/\/www.24baires.com\/?cat=45"},"img":{"alt_text":"","src":"https:\/\/i0.wp.com\/www.24baires.com\/wp-content\/uploads\/2018\/11\/industria.jpg?resize=350%2C200","width":350,"height":200,"srcset":"https:\/\/i0.wp.com\/www.24baires.com\/wp-content\/uploads\/2018\/11\/industria.jpg?resize=350%2C200 1x, https:\/\/i0.wp.com\/www.24baires.com\/wp-content\/uploads\/2018\/11\/industria.jpg?resize=525%2C300 1.5x"},"classes":[]},{"id":90209,"url":"https:\/\/www.24baires.com\/?p=90209","url_meta":{"origin":112885,"position":1},"title":"Seg\u00fan el Indec, la actividad econ\u00f3mica de septiembre cay\u00f3 3.7%","author":"GB","date":"24\/11\/2016","format":false,"excerpt":"Seg\u00fan inform\u00f3 el Instituto Nacional de Estad\u00edsticas y Censos, el nuevo desplome se debi\u00f3 a la ca\u00edda de la producci\u00f3n industrial y el menor consumo. La actividad econ\u00f3mica en su conjunto retrocedi\u00f3 durante septiembre el 3,7% en relaci\u00f3n a igual mes del a\u00f1o pasado, por la ca\u00edda de la producci\u00f3n\u2026","rel":"","context":"En \u00abEconom\u00eda\u00bb","block_context":{"text":"Econom\u00eda","link":"https:\/\/www.24baires.com\/?cat=45"},"img":{"alt_text":"indec","src":"https:\/\/i0.wp.com\/www.24baires.com\/wp-content\/uploads\/2013\/02\/indec-300x225.jpg?resize=350%2C200","width":350,"height":200},"classes":[]},{"id":106943,"url":"https:\/\/www.24baires.com\/?p=106943","url_meta":{"origin":112885,"position":2},"title":"Las importaciones se derrumbaron 26,5% en enero","author":"AF","date":"21\/02\/2019","format":false,"excerpt":"El intercambio comercial arroj\u00f3 un super\u00e1vit de 372 millones. Las exportaciones cayeron 4,7 por ciento interanual pero el dato igual fue positivo por el retroceso de las compras debido a la suba del d\u00f3lar y la crisis econ\u00f3mica. El intercambio comercial arroj\u00f3 en enero un super\u00e1vit de 372 millones de\u2026","rel":"","context":"En \u00abLocales\u00bb","block_context":{"text":"Locales","link":"https:\/\/www.24baires.com\/?cat=38"},"img":{"alt_text":"","src":"https:\/\/i0.wp.com\/www.24baires.com\/wp-content\/uploads\/2018\/04\/puerto-Bah%C3%ADaI.jpg?resize=350%2C200","width":350,"height":200,"srcset":"https:\/\/i0.wp.com\/www.24baires.com\/wp-content\/uploads\/2018\/04\/puerto-Bah%C3%ADaI.jpg?resize=350%2C200 1x, https:\/\/i0.wp.com\/www.24baires.com\/wp-content\/uploads\/2018\/04\/puerto-Bah%C3%ADaI.jpg?resize=525%2C300 1.5x"},"classes":[]},{"id":106533,"url":"https:\/\/www.24baires.com\/?p=106533","url_meta":{"origin":112885,"position":3},"title":"Durante noviembre, la actividad econ\u00f3mica sufri\u00f3 la peor ca\u00edda de 2018","author":"AF","date":"24\/01\/2019","format":false,"excerpt":"Seg\u00fan datos del INDEC, la actividad econ\u00f3mica cay\u00f3 un 7,5% en noviembre pasado en comparaci\u00f3n con la registrada en el mismo mes de 2017.Se trata de la contracci\u00f3n mensual m\u00e1s fuerte desde 2009. La actividad econ\u00f3mica baj\u00f3 7,5% durante noviembre pasado en relaci\u00f3n a igual mes de 2017, inform\u00f3 este\u2026","rel":"","context":"En \u00abEconom\u00eda\u00bb","block_context":{"text":"Econom\u00eda","link":"https:\/\/www.24baires.com\/?cat=45"},"img":{"alt_text":"","src":"https:\/\/i0.wp.com\/www.24baires.com\/wp-content\/uploads\/2018\/12\/comercio.jpg?resize=350%2C200","width":350,"height":200,"srcset":"https:\/\/i0.wp.com\/www.24baires.com\/wp-content\/uploads\/2018\/12\/comercio.jpg?resize=350%2C200 1x, https:\/\/i0.wp.com\/www.24baires.com\/wp-content\/uploads\/2018\/12\/comercio.jpg?resize=525%2C300 1.5x"},"classes":[]},{"id":105654,"url":"https:\/\/www.24baires.com\/?p=105654","url_meta":{"origin":112885,"position":4},"title":"En septiembre se perdieron 9300 puestos fabriles","author":"AF","date":"28\/11\/2018","format":false,"excerpt":"La cifra representa el 8,5 por ciento de la dotaci\u00f3n de trabajadores manufactureros que exist\u00eda a fines de 2015. Sobre 34 meses de gesti\u00f3n Cambiemos, en 33 cay\u00f3 la ocupaci\u00f3n industrial. En septiembre tambi\u00e9n baj\u00f3 el resto del empleo privado. El legado de Jorge Triaca al frente de la cartera\u2026","rel":"","context":"En \u00abSociedad\u00bb","block_context":{"text":"Sociedad","link":"https:\/\/www.24baires.com\/?cat=1"},"img":{"alt_text":"","src":"https:\/\/i0.wp.com\/www.24baires.com\/wp-content\/uploads\/2018\/11\/industria.jpg?resize=350%2C200","width":350,"height":200,"srcset":"https:\/\/i0.wp.com\/www.24baires.com\/wp-content\/uploads\/2018\/11\/industria.jpg?resize=350%2C200 1x, https:\/\/i0.wp.com\/www.24baires.com\/wp-content\/uploads\/2018\/11\/industria.jpg?resize=525%2C300 1.5x"},"classes":[]},{"id":107420,"url":"https:\/\/www.24baires.com\/?p=107420","url_meta":{"origin":112885,"position":5},"title":"La econom\u00eda cay\u00f3 por noveno mes consecutivo","author":"AF","date":"28\/03\/2019","format":false,"excerpt":"Los datos surgen de la comparaci\u00f3n internanual. La actividad mejor\u00f3 0,6% desde diciembre, inform\u00f3 el Indec. La actividad econ\u00f3mica cay\u00f3 un 5,7% en enero, con lo que acumul\u00f3 su novena baja consecutiva, seg\u00fan inform\u00f3 el Instituto Nacional de Estad\u00edsticas y Censos (INDEC). En tanto, el indicador desestacionalizado subi\u00f3 un 0,6%\u2026","rel":"","context":"En \u00abEconom\u00eda\u00bb","block_context":{"text":"Econom\u00eda","link":"https:\/\/www.24baires.com\/?cat=45"},"img":{"alt_text":"","src":"https:\/\/i0.wp.com\/www.24baires.com\/wp-content\/uploads\/2018\/05\/industriales.jpg?resize=350%2C200","width":350,"height":200,"srcset":"https:\/\/i0.wp.com\/www.24baires.com\/wp-content\/uploads\/2018\/05\/industriales.jpg?resize=350%2C200 1x, https:\/\/i0.wp.com\/www.24baires.com\/wp-content\/uploads\/2018\/05\/industriales.jpg?resize=525%2C300 1.5x"},"classes":[]}],"jetpack_sharing_enabled":true,"jetpack_likes_enabled":true,"_links":{"self":[{"href":"https:\/\/www.24baires.com\/index.php?rest_route=\/wp\/v2\/posts\/112885","targetHints":{"allow":["GET"]}}],"collection":[{"href":"https:\/\/www.24baires.com\/index.php?rest_route=\/wp\/v2\/posts"}],"about":[{"href":"https:\/\/www.24baires.com\/index.php?rest_route=\/wp\/v2\/types\/post"}],"author":[{"embeddable":true,"href":"https:\/\/www.24baires.com\/index.php?rest_route=\/wp\/v2\/users\/4"}],"replies":[{"embeddable":true,"href":"https:\/\/www.24baires.com\/index.php?rest_route=%2Fwp%2Fv2%2Fcomments&post=112885"}],"version-history":[{"count":1,"href":"https:\/\/www.24baires.com\/index.php?rest_route=\/wp\/v2\/posts\/112885\/revisions"}],"predecessor-version":[{"id":112886,"href":"https:\/\/www.24baires.com\/index.php?rest_route=\/wp\/v2\/posts\/112885\/revisions\/112886"}],"wp:attachment":[{"href":"https:\/\/www.24baires.com\/index.php?rest_route=%2Fwp%2Fv2%2Fmedia&parent=112885"}],"wp:term":[{"taxonomy":"category","embeddable":true,"href":"https:\/\/www.24baires.com\/index.php?rest_route=%2Fwp%2Fv2%2Fcategories&post=112885"},{"taxonomy":"post_tag","embeddable":true,"href":"https:\/\/www.24baires.com\/index.php?rest_route=%2Fwp%2Fv2%2Ftags&post=112885"}],"curies":[{"name":"wp","href":"https:\/\/api.w.org\/{rel}","templated":true}]}}