{"id":112872,"date":"2019-11-06T10:00:19","date_gmt":"2019-11-06T13:00:19","guid":{"rendered":"http:\/\/www.24baires.com\/?p=112872"},"modified":"2019-11-06T09:13:26","modified_gmt":"2019-11-06T12:13:26","slug":"estiman-que-las-negociaciones-paritarias-seran-complejas-y-con-montos-fijos","status":"publish","type":"post","link":"https:\/\/www.24baires.com\/?p=112872","title":{"rendered":"Estiman que las negociaciones paritarias ser\u00e1n \u201ccomplejas\u201d y con \u201cmontos fijos\u00bb"},"content":{"rendered":"<p>Las discusiones salariales para el 2020 comienzan a tomar protagonismo en medio de la crisis econ\u00f3mica que atraviesa el pa\u00eds.<!--more--><\/p>\n<p>Mientras se lleva a cabo la transici\u00f3n de gobierno en la provincia de Buenos Aires, los gremios estatales mayoritarios comenzaron a preparar la discusi\u00f3n paritaria para el 2020. Mientras el punto de referencia ser\u00e1 a nivel nacional, se estima que el gobierno entrante proponga como puntapi\u00e9 para la negociaci\u00f3n un 35% de aumento. Sin embargo, la p\u00e9rdida de poder adquisitivo de los sueldos contin\u00faa profundiz\u00e1ndose.<\/p>\n<p>En di\u00e1logo con DEMASIADO HUMO, Juan Manuel Morena, director del portal Mundo Gremial, se refiri\u00f3 al escenario con el cual se encontrar\u00e1 el pr\u00f3ximo gobierno en torno a las discusiones salariales. Ya varios gremios de peso como SUTEBA en la provincia de Buenos Aires y UPCN junto a la UOM y Camioneros a nivel nacional expresaron su acompa\u00f1amiento al Frente de Todos y este posicionamiento se estima que influir\u00e1 en las discusiones de aumento salarial.<\/p>\n<p>\u201cLa discusi\u00f3n que tiene Baradel y los estatales es de abrir la recomposici\u00f3n por p\u00e9rdida de inflaci\u00f3n\u201d, sostuvo el especialista. A su vez, expres\u00f3 que \u201clo que se viene es una negociaci\u00f3n por montos fijos para todos igual\u201d.<\/p>\n<p>Entonces, adelant\u00f3 que \u201cplantean un 35 por ciento para todos y va a ser en monto fijo no remunerativo\u201d.<\/p>\n<p>Asimismo, advirti\u00f3: \u201cSe viene una discusi\u00f3n con todos los sindicatos muy dif\u00edcil\u201d.<\/p>\n","protected":false},"excerpt":{"rendered":"<p>Las discusiones salariales para el 2020 comienzan a tomar protagonismo en medio de la crisis econ\u00f3mica que atraviesa el pa\u00eds.<\/p>\n","protected":false},"author":8,"featured_media":0,"comment_status":"open","ping_status":"open","sticky":false,"template":"","format":"standard","meta":{"_jetpack_newsletter_access":"","_jetpack_dont_email_post_to_subs":false,"_jetpack_newsletter_tier_id":0,"_jetpack_memberships_contains_paywalled_content":false,"_jetpack_memberships_contains_paid_content":false,"footnotes":""},"categories":[45],"tags":[],"class_list":["post-112872","post","type-post","status-publish","format-standard","hentry","category-economia"],"jetpack_featured_media_url":"","jetpack_shortlink":"https:\/\/wp.me\/p2JWE0-tmw","jetpack-related-posts":[{"id":107180,"url":"https:\/\/www.24baires.com\/?p=107180","url_meta":{"origin":112872,"position":0},"title":"Docentes insisten con ser convocados a retomar la paritaria","author":"GB","date":"12\/03\/2019","format":false,"excerpt":"Los gremios afirman no haber sido llamados a retomar la negociaci\u00f3n salarial. Adem\u00e1s, remarcaron que numerosas escuelas no pudieron empezar las clases por la cr\u00edtica situaci\u00f3n edilicia. Tal como ya lo hicieron el viernes, durante la \u00faltima jornada de paro de 72 horas, los docentes bonaerenses le reclamaron nuevamente al\u2026","rel":"","context":"En \u00abProvincia\u00bb","block_context":{"text":"Provincia","link":"https:\/\/www.24baires.com\/?cat=40"},"img":{"alt_text":"","src":"https:\/\/i0.wp.com\/www.24baires.com\/wp-content\/uploads\/2018\/02\/docentes.jpg?resize=350%2C200","width":350,"height":200,"srcset":"https:\/\/i0.wp.com\/www.24baires.com\/wp-content\/uploads\/2018\/02\/docentes.jpg?resize=350%2C200 1x, https:\/\/i0.wp.com\/www.24baires.com\/wp-content\/uploads\/2018\/02\/docentes.jpg?resize=525%2C300 1.5x"},"classes":[]},{"id":108178,"url":"https:\/\/www.24baires.com\/?p=108178","url_meta":{"origin":112872,"position":1},"title":"Comienza nuevo paro de empleados provinciales","author":"GB","date":"15\/05\/2019","format":false,"excerpt":"Los gremios estatales bonaerense empezaron la medida y marchan en CABA en reclamo al gobierno provincial. Los gremios estatales bonaerense unificaron sus reclamos salariales y hoy nuevamente llevar\u00e1n a cabo una medida de fuerza con movilizaci\u00f3n. Con huelgas de hasta 48 horas, marchar\u00e1n a la Casa de la Provincia de\u2026","rel":"","context":"En \u00abProvincia\u00bb","block_context":{"text":"Provincia","link":"https:\/\/www.24baires.com\/?cat=40"},"img":{"alt_text":"","src":"https:\/\/i0.wp.com\/www.24baires.com\/wp-content\/uploads\/2019\/04\/estatales-ate.jpg?resize=350%2C200","width":350,"height":200,"srcset":"https:\/\/i0.wp.com\/www.24baires.com\/wp-content\/uploads\/2019\/04\/estatales-ate.jpg?resize=350%2C200 1x, https:\/\/i0.wp.com\/www.24baires.com\/wp-content\/uploads\/2019\/04\/estatales-ate.jpg?resize=525%2C300 1.5x"},"classes":[]},{"id":121237,"url":"https:\/\/www.24baires.com\/?p=121237","url_meta":{"origin":112872,"position":2},"title":"Provincia les ofreci\u00f3 un 9.5% de aumento a los gremios estatales","author":"GB","date":"17\/04\/2024","format":false,"excerpt":"En el marco de la discusi\u00f3n paritarias, el gobierno de la Provincia, les ofreci\u00f3 a los gremios estatales un aumento salarial del 9.5%. Este martes, el gobierno de la provincia de Buenos Aires, a trav\u00e9s del Ministerio de Trabajo, les ofreci\u00f3 a los gremios estatales un 9.5 por ciento de\u2026","rel":"","context":"En \u00abProvincia\u00bb","block_context":{"text":"Provincia","link":"https:\/\/www.24baires.com\/?cat=40"},"img":{"alt_text":"","src":"https:\/\/i0.wp.com\/www.24baires.com\/wp-content\/uploads\/2022\/10\/estatalesjpg.jpg?resize=350%2C200","width":350,"height":200,"srcset":"https:\/\/i0.wp.com\/www.24baires.com\/wp-content\/uploads\/2022\/10\/estatalesjpg.jpg?resize=350%2C200 1x, https:\/\/i0.wp.com\/www.24baires.com\/wp-content\/uploads\/2022\/10\/estatalesjpg.jpg?resize=525%2C300 1.5x, https:\/\/i0.wp.com\/www.24baires.com\/wp-content\/uploads\/2022\/10\/estatalesjpg.jpg?resize=700%2C400 2x"},"classes":[]},{"id":110948,"url":"https:\/\/www.24baires.com\/?p=110948","url_meta":{"origin":112872,"position":3},"title":"Los gremios bonaerenses instalar\u00e1n una carpa frente al Congreso","author":"GB","date":"26\/06\/2019","format":false,"excerpt":"En el marco de nuevos paros, estatales, judiciales y m\u00e9dicos realizar\u00e1n este mi\u00e9rcoles una actividad conjunta para exigir la reapertura de las negociaciones salariales. La Asociaci\u00f3n de Trabajadores del Estado (ATE), la Asociaci\u00f3n Judicial Bonaerense (AJB) y la Asociaci\u00f3n Sindical de Profesionales de la Salud (Cicop) instalar\u00e1n este mi\u00e9rcoles 26\u2026","rel":"","context":"En \u00abProvincia\u00bb","block_context":{"text":"Provincia","link":"https:\/\/www.24baires.com\/?cat=40"},"img":{"alt_text":"","src":"https:\/\/i0.wp.com\/www.24baires.com\/wp-content\/uploads\/2019\/03\/ate-cicop.jpg?resize=350%2C200","width":350,"height":200,"srcset":"https:\/\/i0.wp.com\/www.24baires.com\/wp-content\/uploads\/2019\/03\/ate-cicop.jpg?resize=350%2C200 1x, https:\/\/i0.wp.com\/www.24baires.com\/wp-content\/uploads\/2019\/03\/ate-cicop.jpg?resize=525%2C300 1.5x"},"classes":[]},{"id":119835,"url":"https:\/\/www.24baires.com\/?p=119835","url_meta":{"origin":112872,"position":4},"title":"Paritarias: gremios docentes aceptaron la oferta de la Provincia","author":"GB","date":"27\/02\/2023","format":false,"excerpt":"Por \"ampl\u00edsima mayor\u00eda\", el Frente de Unidad Docente acept\u00f3 la propuesta de Axel Kicillof. Cierre de paritarias -por ahora- y un normal comienzo de clases. Frente de Unidad docente bonaerense acept\u00f3 por \u201campl\u00edsima mayor\u00eda\u201d la propuesta salarial del 40 por ciento para el primer semestre del a\u00f1o realizada por el\u2026","rel":"","context":"En \u00abProvincia\u00bb","block_context":{"text":"Provincia","link":"https:\/\/www.24baires.com\/?cat=40"},"img":{"alt_text":"","src":"https:\/\/i0.wp.com\/www.24baires.com\/wp-content\/uploads\/2023\/02\/paritariasjpg.jpg?resize=350%2C200","width":350,"height":200,"srcset":"https:\/\/i0.wp.com\/www.24baires.com\/wp-content\/uploads\/2023\/02\/paritariasjpg.jpg?resize=350%2C200 1x, https:\/\/i0.wp.com\/www.24baires.com\/wp-content\/uploads\/2023\/02\/paritariasjpg.jpg?resize=525%2C300 1.5x, https:\/\/i0.wp.com\/www.24baires.com\/wp-content\/uploads\/2023\/02\/paritariasjpg.jpg?resize=700%2C400 2x"},"classes":[]},{"id":114352,"url":"https:\/\/www.24baires.com\/?p=114352","url_meta":{"origin":112872,"position":5},"title":"Judiciales aceptaron la oferta del gobierno provincial","author":"GB","date":"11\/03\/2020","format":false,"excerpt":"Los trabajadores judiciales de la provincia de Buenos Aires aceptaron este martes la oferta salarial del gobierno de Axel Kicillof, que incluye un 9 por ciento de aumento del salario b\u00e1sico que se empezar\u00e1 a percibir a partir del mes de abril. Adem\u00e1s los trabajadores y los jubilados de las\u2026","rel":"","context":"En \u00abProvincia\u00bb","block_context":{"text":"Provincia","link":"https:\/\/www.24baires.com\/?cat=40"},"img":{"alt_text":"","src":"","width":0,"height":0},"classes":[]}],"jetpack_sharing_enabled":true,"jetpack_likes_enabled":true,"_links":{"self":[{"href":"https:\/\/www.24baires.com\/index.php?rest_route=\/wp\/v2\/posts\/112872","targetHints":{"allow":["GET"]}}],"collection":[{"href":"https:\/\/www.24baires.com\/index.php?rest_route=\/wp\/v2\/posts"}],"about":[{"href":"https:\/\/www.24baires.com\/index.php?rest_route=\/wp\/v2\/types\/post"}],"author":[{"embeddable":true,"href":"https:\/\/www.24baires.com\/index.php?rest_route=\/wp\/v2\/users\/8"}],"replies":[{"embeddable":true,"href":"https:\/\/www.24baires.com\/index.php?rest_route=%2Fwp%2Fv2%2Fcomments&post=112872"}],"version-history":[{"count":1,"href":"https:\/\/www.24baires.com\/index.php?rest_route=\/wp\/v2\/posts\/112872\/revisions"}],"predecessor-version":[{"id":112873,"href":"https:\/\/www.24baires.com\/index.php?rest_route=\/wp\/v2\/posts\/112872\/revisions\/112873"}],"wp:attachment":[{"href":"https:\/\/www.24baires.com\/index.php?rest_route=%2Fwp%2Fv2%2Fmedia&parent=112872"}],"wp:term":[{"taxonomy":"category","embeddable":true,"href":"https:\/\/www.24baires.com\/index.php?rest_route=%2Fwp%2Fv2%2Fcategories&post=112872"},{"taxonomy":"post_tag","embeddable":true,"href":"https:\/\/www.24baires.com\/index.php?rest_route=%2Fwp%2Fv2%2Ftags&post=112872"}],"curies":[{"name":"wp","href":"https:\/\/api.w.org\/{rel}","templated":true}]}}