{"id":11284,"date":"2013-01-05T13:58:06","date_gmt":"2013-01-05T16:58:06","guid":{"rendered":"http:\/\/www.24baires.com\/?p=11284"},"modified":"2013-01-06T13:23:37","modified_gmt":"2013-01-06T16:23:37","slug":"gran-expectativa-entre-turistas-por-la-llegada-de-la-fragata-libertad-a-costas-argentinas","status":"publish","type":"post","link":"https:\/\/www.24baires.com\/?p=11284","title":{"rendered":"Gran expectativa entre turistas por la llegada de la Fragata Libertad a costas argentinas"},"content":{"rendered":"<p><strong><a href=\"http:\/\/www.24baires.com\/sociedad\/10813-la-fragata-libertad-cada-vez-mas-cerca-de-mar-del-plata\/attachment\/fragata-libertad-2\/\" rel=\"attachment wp-att-10814\"><img data-recalc-dims=\"1\" loading=\"lazy\" decoding=\"async\" class=\"aligncenter size-full wp-image-10814\" alt=\"fragata libertad\" src=\"https:\/\/i0.wp.com\/www.24baires.com\/wp-content\/uploads\/2012\/12\/fragata-libertad.jpg?resize=510%2C340\" width=\"510\" height=\"340\" srcset=\"https:\/\/i0.wp.com\/www.24baires.com\/wp-content\/uploads\/2012\/12\/fragata-libertad.jpg?w=510&amp;ssl=1 510w, https:\/\/i0.wp.com\/www.24baires.com\/wp-content\/uploads\/2012\/12\/fragata-libertad.jpg?resize=300%2C200&amp;ssl=1 300w\" sizes=\"auto, (max-width: 510px) 100vw, 510px\" \/><\/a><\/strong><\/p>\n<p><strong>MAR DEL PLATA &#8211;<\/strong> El buque insignia de la Armada, que amarrar\u00e1 el 9 de enero en la Base Naval de Mar del Plata, ha captado el inter\u00e9s de miles de turistas que desean ver de cerca la embarcaci\u00f3n luego de que permaneciera retenida en Ghana.<!--more--><\/p>\n<p>Turistas que pasan sus d\u00edas de descanso en la Ciudad Feliz, contaron sus impresiones a escasos d\u00edas del arribo de la Fragata, que ser\u00e1 recibida con una fiesta n\u00e1utica y una celebraci\u00f3n popular y m\u00faltiples presentaciones art\u00edsticas.<\/p>\n<p>Al respecto Tom\u00e1s Cirino, oriundo de Rosario cuenta: \u201cten\u00edamos pensado con la familia ir a vacacionar a Pinamar, pero sabiendo que la fragata llegaba a Mar del Plata decidimos cambiar el rumbo y ya estamos instalados en esta hermosa ciudad para recibirla\u201d.<\/p>\n<p>\u201cSer\u00e1 un verdadero show donde no s\u00f3lo veremos al emblema nacional en aguas argentinas, sino que esta estar\u00e1 acompa\u00f1ada y escoltada por embarcaciones de clubes n\u00e1uticos, banderas celestes y blancas y m\u00fasica de nuestra tierra\u201d explic\u00f3 Tom\u00e1s.<\/p>\n<p>Por su parte, Mar\u00eda Marta de Jun\u00edn, quien se encuentra de vacaciones con su esposo y dos hijos, relata: \u201cqueremos que nuestros hijos sientan el esp\u00edritu patri\u00f3tico de lo que significa la Fragata para nosotros\u201d.<\/p>\n<p>\u201cYa tenemos pensado llegarnos hasta la altura de Parque Camet para ver su entrada a la ciudad en medio de un clima de fiesta y alegr\u00eda\u201d enfatiza emocionada la juninense.<\/p>\n<p>Horacio, que visita Mar del Plata desde de la provincia de Chaco, dijo haberse enterado por los diarios de todos los preparativos previstos para la llegada de la Fragata, y por eso con su esposa van \u00aba ponerse la camiseta Argentina para verla llegar\u00bb.<\/p>\n<p>Amalia Moretti, de la localidad de Bol\u00edvar, mientras pasea con su esposo y su caniche por el Boulevard Mar\u00edtimo, dijo: \u201cla llegada de la Fragata nos ha emocionado a todos los argentinos. Gracias a Dios estoy en Mar del Plata para poder verla de cerca, as\u00ed que el pr\u00f3ximo mi\u00e9rcoles me instalo en la escollera norte desde temprano para ver el show programado para su recibimiento\u201d.<\/p>\n<p>Por su parte, docentes de distintas colonias de vacaciones aprovechar\u00e1n este acontecimiento para acercar a los ni\u00f1os que concurren a la orilla del mar, en la zona de Playa Grande, para que vean el arribo del buque escuela de la Armada Argentina.<\/p>\n<p>&nbsp;<\/p>\n<p>&nbsp;<\/p>\n<p>&nbsp;<\/p>\n<p>&nbsp;<\/p>\n<p>&nbsp;<\/p>\n<p>&nbsp;<\/p>\n<p>&nbsp;<\/p>\n<p>&nbsp;<\/p>\n<p>&nbsp;<\/p>\n<p>&nbsp;<\/p>\n<p>&nbsp;<\/p>\n<p>&nbsp;<\/p>\n<p>&nbsp;<\/p>\n<p>&nbsp;<\/p>\n<p>&nbsp;<\/p>\n<p>&nbsp;<\/p>\n<p>&nbsp;<\/p>\n<p>&nbsp;<\/p>\n<p>&nbsp;<\/p>\n<p>&nbsp;<\/p>\n<p>&nbsp;<\/p>\n<p>&nbsp;<\/p>\n<p>&nbsp;<\/p>\n<p>&nbsp;<\/p>\n","protected":false},"excerpt":{"rendered":"<p>MAR DEL PLATA &#8211; El buque insignia de la Armada, que amarrar\u00e1 el 9 de enero en la Base Naval de Mar del Plata, ha captado el inter\u00e9s de miles de turistas que desean ver de cerca la embarcaci\u00f3n luego de que permaneciera retenida en Ghana.<\/p>\n","protected":false},"author":4,"featured_media":0,"comment_status":"open","ping_status":"open","sticky":false,"template":"","format":"standard","meta":{"_jetpack_newsletter_access":"","_jetpack_dont_email_post_to_subs":false,"_jetpack_newsletter_tier_id":0,"_jetpack_memberships_contains_paywalled_content":false,"_jetpack_memberships_contains_paid_content":false,"footnotes":""},"categories":[1],"tags":[],"class_list":["post-11284","post","type-post","status-publish","format-standard","hentry","category-sociedad"],"jetpack_featured_media_url":"","jetpack_shortlink":"https:\/\/wp.me\/p2JWE0-2W0","jetpack-related-posts":[{"id":60930,"url":"https:\/\/www.24baires.com\/?p=60930","url_meta":{"origin":11284,"position":0},"title":"Mar del Plata: m\u00e1s de 83 mil personas visitaron la Fragata Libertad","author":"AF","date":"29\/01\/2015","format":false,"excerpt":"El emblema de la Armada Argentina se encuentra anclado en el predio de la Base Naval marplatense desde el 7 de enero pasado en el marco del programa cultural \"Verano de Emociones\" y puede ser recorrido de mi\u00e9rcoles a domingos de 16 a 24 de manera libre y gratuita y\u2026","rel":"","context":"En \u00abSociedad\u00bb","block_context":{"text":"Sociedad","link":"https:\/\/www.24baires.com\/?cat=1"},"img":{"alt_text":"fragata entra","src":"https:\/\/i0.wp.com\/www.24baires.com\/wp-content\/uploads\/2013\/01\/fragata-entra.jpg?resize=350%2C200","width":350,"height":200,"srcset":"https:\/\/i0.wp.com\/www.24baires.com\/wp-content\/uploads\/2013\/01\/fragata-entra.jpg?resize=350%2C200 1x, https:\/\/i0.wp.com\/www.24baires.com\/wp-content\/uploads\/2013\/01\/fragata-entra.jpg?resize=525%2C300 1.5x"},"classes":[]},{"id":59625,"url":"https:\/\/www.24baires.com\/?p=59625","url_meta":{"origin":11284,"position":1},"title":"Llega este mi\u00e9rcoles a Mar del Plata la Fragata Libertad","author":"AF","date":"06\/01\/2015","format":false,"excerpt":"La Fragata Libertad, la embarcaci\u00f3n emblema de la Armada Argentina, llegar\u00e1 ma\u00f1ana a la Base Naval marplatense para poder ser visitada por los turistas que se encuentran de vacaciones en la ciudad. Fuentes de la Armada anunciaron que arribar\u00e1 a la ciudad a las 9 y que podr\u00e1 ser visitada\u2026","rel":"","context":"En \u00abSociedad\u00bb","block_context":{"text":"Sociedad","link":"https:\/\/www.24baires.com\/?cat=1"},"img":{"alt_text":"fragata-libertad_4","src":"https:\/\/i0.wp.com\/www.24baires.com\/wp-content\/uploads\/2012\/12\/fragata-libertad_4.jpg?resize=350%2C200","width":350,"height":200,"srcset":"https:\/\/i0.wp.com\/www.24baires.com\/wp-content\/uploads\/2012\/12\/fragata-libertad_4.jpg?resize=350%2C200 1x, https:\/\/i0.wp.com\/www.24baires.com\/wp-content\/uploads\/2012\/12\/fragata-libertad_4.jpg?resize=525%2C300 1.5x"},"classes":[]},{"id":9721,"url":"https:\/\/www.24baires.com\/?p=9721","url_meta":{"origin":11284,"position":2},"title":"La senadora Di Rado propone un acto popular para recibir a la Fragata en Mar del Plata","author":"Grupo Sierra","date":"19\/12\/2012","format":false,"excerpt":"La senadora provincial Cristina Di Rado celebr\u00f3 la decisi\u00f3n de la Presidenta de la Naci\u00f3n de que la Fragata Libertad arribe al pa\u00eds tocando el puerto de la ciudad de Mar del Plata y reiter\u00f3 su pedido que ese d\u00eda haya actos en cada ciudad de la Rep\u00fablica Argentina. \u201cEstoy\u2026","rel":"","context":"En \u00abPol\u00edtica\u00bb","block_context":{"text":"Pol\u00edtica","link":"https:\/\/www.24baires.com\/?cat=51"},"img":{"alt_text":"DI RADO CRISTINA","src":"https:\/\/i0.wp.com\/www.24baires.com\/wp-content\/uploads\/2012\/12\/DI-RADO-CRISTINA-300x287.jpg?resize=350%2C200","width":350,"height":200},"classes":[]},{"id":16021,"url":"https:\/\/www.24baires.com\/?p=16021","url_meta":{"origin":11284,"position":3},"title":"La Fragata Libertad parti\u00f3 de Mar del Plata hacia Puerto Madryn","author":"AF","date":"18\/02\/2013","format":false,"excerpt":"La fragata, que durante su permanencia en el puerto marplatense fue visitada por 130 mil turistas, parti\u00f3 rumbo a la ciudad chubutense de Puerto Madryn y luego ser\u00e1 llevada al astillero R\u00edo Santiago para su alistamiento. La nave, que el 9 de enero pasado hab\u00eda sido recibida por la presidenta\u2026","rel":"","context":"En \u00abSociedad\u00bb","block_context":{"text":"Sociedad","link":"https:\/\/www.24baires.com\/?cat=1"},"img":{"alt_text":"fragata libertad","src":"https:\/\/i0.wp.com\/www.24baires.com\/wp-content\/uploads\/2012\/12\/fragata-libertad-300x200.jpg?resize=350%2C200","width":350,"height":200},"classes":[]},{"id":9537,"url":"https:\/\/www.24baires.com\/?p=9537","url_meta":{"origin":11284,"position":4},"title":"Piden que la Fragata Libertad amarre en enero en Mar del Plata","author":"Grupo Sierra","date":"17\/12\/2012","format":false,"excerpt":"La senadora provincial Cristina Di Rado solicitar\u00e1 formalmente que el buque escuela una vez que llegue al puerto de Buenos Aires, se dirija cuanto antes a Mar del Plata. \"Hay m\u00faltiples razones que apoyan mi pedido, pero las m\u00e1s importante es el cari\u00f1o que cada vez que llega a Mar\u2026","rel":"","context":"En \u00abPol\u00edtica\u00bb","block_context":{"text":"Pol\u00edtica","link":"https:\/\/www.24baires.com\/?cat=51"},"img":{"alt_text":"","src":"","width":0,"height":0},"classes":[]},{"id":11679,"url":"https:\/\/www.24baires.com\/?p=11679","url_meta":{"origin":11284,"position":5},"title":"200 mil personas en el acto y cerca de 500 mil en los alrededores","author":"Grupo Sierra","date":"09\/01\/2013","format":false,"excerpt":"Una multitud se congreg\u00f3 frente a la base naval de Mar del Plata para participar del acto del recibimiento de la Fragata Libertad encabezado por la presidenta Cristina Fern\u00e1ndez de Kirchner. En tanto, en los alrededores, unas 500 mil personas siguieron el arribo de la Fragata durante su trayectoria hacia\u2026","rel":"","context":"En \u00abPol\u00edtica\u00bb","block_context":{"text":"Pol\u00edtica","link":"https:\/\/www.24baires.com\/?cat=51"},"img":{"alt_text":"","src":"","width":0,"height":0},"classes":[]}],"jetpack_sharing_enabled":true,"jetpack_likes_enabled":true,"_links":{"self":[{"href":"https:\/\/www.24baires.com\/index.php?rest_route=\/wp\/v2\/posts\/11284","targetHints":{"allow":["GET"]}}],"collection":[{"href":"https:\/\/www.24baires.com\/index.php?rest_route=\/wp\/v2\/posts"}],"about":[{"href":"https:\/\/www.24baires.com\/index.php?rest_route=\/wp\/v2\/types\/post"}],"author":[{"embeddable":true,"href":"https:\/\/www.24baires.com\/index.php?rest_route=\/wp\/v2\/users\/4"}],"replies":[{"embeddable":true,"href":"https:\/\/www.24baires.com\/index.php?rest_route=%2Fwp%2Fv2%2Fcomments&post=11284"}],"version-history":[{"count":2,"href":"https:\/\/www.24baires.com\/index.php?rest_route=\/wp\/v2\/posts\/11284\/revisions"}],"predecessor-version":[{"id":11372,"href":"https:\/\/www.24baires.com\/index.php?rest_route=\/wp\/v2\/posts\/11284\/revisions\/11372"}],"wp:attachment":[{"href":"https:\/\/www.24baires.com\/index.php?rest_route=%2Fwp%2Fv2%2Fmedia&parent=11284"}],"wp:term":[{"taxonomy":"category","embeddable":true,"href":"https:\/\/www.24baires.com\/index.php?rest_route=%2Fwp%2Fv2%2Fcategories&post=11284"},{"taxonomy":"post_tag","embeddable":true,"href":"https:\/\/www.24baires.com\/index.php?rest_route=%2Fwp%2Fv2%2Ftags&post=11284"}],"curies":[{"name":"wp","href":"https:\/\/api.w.org\/{rel}","templated":true}]}}