{"id":11283,"date":"2013-01-05T13:38:49","date_gmt":"2013-01-05T16:38:49","guid":{"rendered":"http:\/\/www.24baires.com\/?p=11283"},"modified":"2013-01-05T13:38:49","modified_gmt":"2013-01-05T16:38:49","slug":"la-cnrt-expreso-su-absoluto-repudio-al-paro-de-la-uta-en-mar-del-plata","status":"publish","type":"post","link":"https:\/\/www.24baires.com\/?p=11283","title":{"rendered":"La CNRT expres\u00f3 su \u00ababsoluto repudio\u00bb al paro de la UTA en Mar del Plata"},"content":{"rendered":"<p>\u00abNo vamos a dejar pasar a ning\u00fan chofer que encontremos con menos de 12 horas de descanso, esto es poner en riesgo la seguridad de los pasajeros y de los choferes mismos\u00bb, dice el comunicado de la Comisi\u00f3n Nacional de Regulaci\u00f3n del Transporte (CNRT).<!--more--><br \/>\nEn el comunicado, la CNRT expres\u00f3 su \u00ababsoluto repudio\u00bb a la medida de fuerza.<\/p>\n<p>El titular del organismo, Ariel Franetovich, en oportunidad de asumir el cargo \u00abaclar\u00f3 a las c\u00e1maras empresariales del transporte automotor cual ser\u00eda el nuevo criterio de trabajo, y anunci\u00f3 que no ser\u00edamos amigos ni enemigos de nadie. Dentro de la ley todo y fuera de la ley nada, hacia all\u00ed vamos\u00bb, consigna el texto.<\/p>\n<p>\u00abLes brindamos tiempo a las c\u00e1maras empresariales y les informamos que no se contemplar\u00eda ninguna pol\u00edtica empresarial que pusiera en riesgo la seguridad de los pasajeros y de los choferes\u00bb, asegur\u00f3 el ente regulador.<\/p>\n<p>La CNRT detall\u00f3 que, adem\u00e1s de aplicar multas y sanciones administrativas, \u00abnotific\u00f3 a cada empresa las infracciones m\u00e1s recurrentes que comet\u00edan relacionadas directamente con la seguridad, haci\u00e9ndoles saber de la responsabilidad penal en que pod\u00edan incurrir\u00bb.<\/p>\n<p>Tambi\u00e9n indic\u00f3 que por integrar ese organismo la \u00f3rbita de seguridad vial, pretenden \u00abun cambio cultural\u00bb en la materia, espec\u00edficamente \u00aben el transporte de pasajeros de larga distancia\u00bb, que es su \u00e1mbito de competencia.<\/p>\n<p>Por eso no permitir\u00e1n \u00abning\u00fan tipo de especulaci\u00f3n o extorsi\u00f3n empresarial y\/o gremial que atente contra la seguridad de los pasajeros y choferes\u00bb, reiter\u00f3 la CNRT y convoc\u00f3 \u00aba que cada uno asuma con mayor responsabilidad su trabajo para minimizar las posibilidades de accidentes\u00bb.<\/p>\n<p>\u00abSabemos que queda mucho por hacer, pero tambi\u00e9n que hay una notoria mejor\u00eda desde la creaci\u00f3n de la Agencia de Seguridad Vial en la estad\u00edsticas de accidentes\u00bb, por lo que \u00abninguna medida de paro provocar\u00e1 que cambiemos el rumbo de trabajo que hemos adoptado\u00bb, asever\u00f3 la CNRT.<\/p>\n<p>&nbsp;<\/p>\n<p>&nbsp;<\/p>\n<p>&nbsp;<\/p>\n<p>&nbsp;<\/p>\n<p>&nbsp;<\/p>\n<p>&nbsp;<\/p>\n<p>&nbsp;<\/p>\n<p>&nbsp;<\/p>\n<p>&nbsp;<\/p>\n<p>&nbsp;<\/p>\n<p>&nbsp;<\/p>\n<p>&nbsp;<\/p>\n<p>&nbsp;<\/p>\n<p>&nbsp;<\/p>\n<p>&nbsp;<\/p>\n<p>&nbsp;<\/p>\n<p>&nbsp;<\/p>\n<p>&nbsp;<\/p>\n<p>&nbsp;<\/p>\n<p>&nbsp;<\/p>\n<p>&nbsp;<\/p>\n<p>&nbsp;<\/p>\n<p>&nbsp;<\/p>\n<p>&nbsp;<\/p>\n","protected":false},"excerpt":{"rendered":"<p>\u00abNo vamos a dejar pasar a ning\u00fan chofer que encontremos con menos de 12 horas de descanso, esto es poner en riesgo la seguridad de los pasajeros y de los choferes mismos\u00bb, dice el comunicado de la Comisi\u00f3n Nacional de Regulaci\u00f3n del Transporte (CNRT).<\/p>\n","protected":false},"author":4,"featured_media":0,"comment_status":"open","ping_status":"open","sticky":false,"template":"","format":"standard","meta":{"_jetpack_newsletter_access":"","_jetpack_dont_email_post_to_subs":false,"_jetpack_newsletter_tier_id":0,"_jetpack_memberships_contains_paywalled_content":false,"_jetpack_memberships_contains_paid_content":false,"footnotes":""},"categories":[1],"tags":[],"class_list":["post-11283","post","type-post","status-publish","format-standard","hentry","category-sociedad"],"jetpack_featured_media_url":"","jetpack_shortlink":"https:\/\/wp.me\/p2JWE0-2VZ","jetpack-related-posts":[{"id":22892,"url":"https:\/\/www.24baires.com\/?p=22892","url_meta":{"origin":11283,"position":0},"title":"La CNRT sancion\u00f3 a empresas de micros y advirti\u00f3 que eval\u00faan la caducidad de los permisos","author":"AF","date":"07\/05\/2013","format":false,"excerpt":"Ariel Franetovich, Interventor de la Comisi\u00f3n Nacional de Regulaci\u00f3n de Transporte (CNRT) afirm\u00f3 que \u201cnosotros hicimos las acciones porque interpretamos que era un 'lockout' patronal\u201d. En este sentido explic\u00f3 que \u201clas actas han sido por incumplimiento de servicio y la no devoluci\u00f3n del pasaje; esto tiene diversas sanciones y puede\u2026","rel":"","context":"En \u00abSociedad\u00bb","block_context":{"text":"Sociedad","link":"https:\/\/www.24baires.com\/?cat=1"},"img":{"alt_text":"colectivo larga distancia","src":"https:\/\/i0.wp.com\/www.24baires.com\/wp-content\/uploads\/2013\/05\/colectivo-larga-distancia.jpg?resize=350%2C200","width":350,"height":200,"srcset":"https:\/\/i0.wp.com\/www.24baires.com\/wp-content\/uploads\/2013\/05\/colectivo-larga-distancia.jpg?resize=350%2C200 1x, https:\/\/i0.wp.com\/www.24baires.com\/wp-content\/uploads\/2013\/05\/colectivo-larga-distancia.jpg?resize=525%2C300 1.5x"},"classes":[]},{"id":114098,"url":"https:\/\/www.24baires.com\/?p=114098","url_meta":{"origin":11283,"position":1},"title":"La Plata: Garro avanza en la implementaci\u00f3n de \u201calcohol cero\u201d al volante","author":"GB","date":"12\/02\/2020","format":false,"excerpt":"El Intendente de La Plata orden\u00f3 a sus funcionarios que agilicen los tr\u00e1mites para comenzar a profundizar las medidas de seguridad vial. El jefe comunal de La Plata, Julio Garro, apura la implementaci\u00f3n de \u201calcohol cero\u201d al volante con el objetivo de prevenir y reducir los accidentes de tr\u00e1nsito. En\u2026","rel":"","context":"En \u00abMunicipios\u00bb","block_context":{"text":"Municipios","link":"https:\/\/www.24baires.com\/?cat=44"},"img":{"alt_text":"","src":"https:\/\/i0.wp.com\/www.24baires.com\/wp-content\/uploads\/2020\/02\/garro.jpeg?resize=350%2C200","width":350,"height":200,"srcset":"https:\/\/i0.wp.com\/www.24baires.com\/wp-content\/uploads\/2020\/02\/garro.jpeg?resize=350%2C200 1x, https:\/\/i0.wp.com\/www.24baires.com\/wp-content\/uploads\/2020\/02\/garro.jpeg?resize=525%2C300 1.5x"},"classes":[]},{"id":25315,"url":"https:\/\/www.24baires.com\/?p=25315","url_meta":{"origin":11283,"position":2},"title":"Intiman a empresas de micros de larga distancia para evitar nuevos paros","author":"AF","date":"07\/06\/2013","format":false,"excerpt":"El interventor de la CNRT, Ariel Franetovich, intim\u00f3 a la C\u00e1mara Empresaria y a los representantes legales de las empresas a garantizar el servicio, ya que hoy vence la conciliaci\u00f3n dictada hace una semana por Trabajo. \"El interventor de la CNRT entiende que la conducta de los prestadores del servicio\u2026","rel":"","context":"En \u00abSociedad\u00bb","block_context":{"text":"Sociedad","link":"https:\/\/www.24baires.com\/?cat=1"},"img":{"alt_text":"colectivo larga distancia","src":"https:\/\/i0.wp.com\/www.24baires.com\/wp-content\/uploads\/2013\/05\/colectivo-larga-distancia.jpg?resize=350%2C200","width":350,"height":200,"srcset":"https:\/\/i0.wp.com\/www.24baires.com\/wp-content\/uploads\/2013\/05\/colectivo-larga-distancia.jpg?resize=350%2C200 1x, https:\/\/i0.wp.com\/www.24baires.com\/wp-content\/uploads\/2013\/05\/colectivo-larga-distancia.jpg?resize=525%2C300 1.5x"},"classes":[]},{"id":11556,"url":"https:\/\/www.24baires.com\/?p=11556","url_meta":{"origin":11283,"position":3},"title":"Bajo amenaza sindical la CNRT inspeccion\u00f3 la Terminal de Micros de Mar del Plata","author":"Grupo Sierra","date":"08\/01\/2013","format":false,"excerpt":"A pesar de que el viernes pasado la Uni\u00f3n de Tranviarios Automotor (UTA) realiz\u00f3 un paro en la Terminal de \u00d3mnibus de Mar del Plata, por exceso de control de la CNRT, el ente regulador increment\u00f3 los operativos de fiscalizaci\u00f3n en todo del pa\u00eds, e incluso, el propio interventor del\u2026","rel":"","context":"En \u00abSociedad\u00bb","block_context":{"text":"Sociedad","link":"https:\/\/www.24baires.com\/?cat=1"},"img":{"alt_text":"cnrt mdp","src":"https:\/\/i0.wp.com\/www.24baires.com\/wp-content\/uploads\/2013\/01\/cnrt-mdp.jpg?resize=350%2C200","width":350,"height":200,"srcset":"https:\/\/i0.wp.com\/www.24baires.com\/wp-content\/uploads\/2013\/01\/cnrt-mdp.jpg?resize=350%2C200 1x, https:\/\/i0.wp.com\/www.24baires.com\/wp-content\/uploads\/2013\/01\/cnrt-mdp.jpg?resize=525%2C300 1.5x"},"classes":[]},{"id":115417,"url":"https:\/\/www.24baires.com\/?p=115417","url_meta":{"origin":11283,"position":4},"title":"Intensifican los controles en el transporte p\u00fablico","author":"GB","date":"22\/06\/2020","format":false,"excerpt":"Ante el aumento de contagios en el AMBA, el titular de la CNRT, Jos\u00e9 Ram\u00f3n Arteaga coment\u00f3 que el problema \u201cno es el transporte, sino la circulaci\u00f3n de gente en la calle\u201d. La cantidad de contagio de Coronavirus en el \u00c1rea Metropolitana de la provincia de Buenos Aires no cesa.\u2026","rel":"","context":"En \u00abPol\u00edtica\u00bb","block_context":{"text":"Pol\u00edtica","link":"https:\/\/www.24baires.com\/?cat=51"},"img":{"alt_text":"","src":"https:\/\/i0.wp.com\/www.24baires.com\/wp-content\/uploads\/2020\/06\/colectivo-desinfeccion.jpg?resize=350%2C200","width":350,"height":200,"srcset":"https:\/\/i0.wp.com\/www.24baires.com\/wp-content\/uploads\/2020\/06\/colectivo-desinfeccion.jpg?resize=350%2C200 1x, https:\/\/i0.wp.com\/www.24baires.com\/wp-content\/uploads\/2020\/06\/colectivo-desinfeccion.jpg?resize=525%2C300 1.5x"},"classes":[]},{"id":19500,"url":"https:\/\/www.24baires.com\/?p=19500","url_meta":{"origin":11283,"position":5},"title":"La CNRT recibi\u00f3 veinte nuevos m\u00f3viles para ejercer sus controles","author":"AF","date":"27\/03\/2013","format":false,"excerpt":"El ministro del Interior y Transporte, Florencio Randazzo, encabez\u00f3 el acto de entrega de 20 unidades m\u00f3viles de control a la Comisi\u00f3n Nacional de Regulaci\u00f3n del Transporte (CNRT), que se llev\u00f3 a cabo en la explanada de la Casa de Gobierno. All\u00ed adem\u00e1s se present\u00f3 el trabajo conjunto que realizar\u00e1n\u2026","rel":"","context":"En \u00abSociedad\u00bb","block_context":{"text":"Sociedad","link":"https:\/\/www.24baires.com\/?cat=1"},"img":{"alt_text":"randazzo cnrt","src":"https:\/\/i0.wp.com\/www.24baires.com\/wp-content\/uploads\/2013\/03\/randazzo-cnrt.jpg?resize=350%2C200","width":350,"height":200,"srcset":"https:\/\/i0.wp.com\/www.24baires.com\/wp-content\/uploads\/2013\/03\/randazzo-cnrt.jpg?resize=350%2C200 1x, https:\/\/i0.wp.com\/www.24baires.com\/wp-content\/uploads\/2013\/03\/randazzo-cnrt.jpg?resize=525%2C300 1.5x"},"classes":[]}],"jetpack_sharing_enabled":true,"jetpack_likes_enabled":true,"_links":{"self":[{"href":"https:\/\/www.24baires.com\/index.php?rest_route=\/wp\/v2\/posts\/11283","targetHints":{"allow":["GET"]}}],"collection":[{"href":"https:\/\/www.24baires.com\/index.php?rest_route=\/wp\/v2\/posts"}],"about":[{"href":"https:\/\/www.24baires.com\/index.php?rest_route=\/wp\/v2\/types\/post"}],"author":[{"embeddable":true,"href":"https:\/\/www.24baires.com\/index.php?rest_route=\/wp\/v2\/users\/4"}],"replies":[{"embeddable":true,"href":"https:\/\/www.24baires.com\/index.php?rest_route=%2Fwp%2Fv2%2Fcomments&post=11283"}],"version-history":[{"count":0,"href":"https:\/\/www.24baires.com\/index.php?rest_route=\/wp\/v2\/posts\/11283\/revisions"}],"wp:attachment":[{"href":"https:\/\/www.24baires.com\/index.php?rest_route=%2Fwp%2Fv2%2Fmedia&parent=11283"}],"wp:term":[{"taxonomy":"category","embeddable":true,"href":"https:\/\/www.24baires.com\/index.php?rest_route=%2Fwp%2Fv2%2Fcategories&post=11283"},{"taxonomy":"post_tag","embeddable":true,"href":"https:\/\/www.24baires.com\/index.php?rest_route=%2Fwp%2Fv2%2Ftags&post=11283"}],"curies":[{"name":"wp","href":"https:\/\/api.w.org\/{rel}","templated":true}]}}