{"id":112821,"date":"2019-11-01T11:00:51","date_gmt":"2019-11-01T14:00:51","guid":{"rendered":"http:\/\/www.24baires.com\/?p=112821"},"modified":"2019-11-01T12:07:23","modified_gmt":"2019-11-01T15:07:23","slug":"el-gobierno-financiara-reduccion-del-iva-a-canasta-alimentaria-con-recursos-propios","status":"publish","type":"post","link":"https:\/\/www.24baires.com\/?p=112821","title":{"rendered":"El Gobierno financiar\u00e1 reducci\u00f3n del IVA a canasta alimentaria con recursos propios"},"content":{"rendered":"<p>El Gobierno nacional resolvi\u00f3 financiar con recursos propios y cargo a Rentas Generales, respecto de todas las provincias y la ciudad de Buenos Aires, los efectos fiscales de lo dispuesto en el decreto 567\/19, que redujo al 0% la al\u00edcuota del Impuesto al Valor Agregado (IVA) sobre la venta de algunos productos de la canasta alimentaria, hasta el 31 de diciembre de 2019 inclusive.<br \/>\n<!--more--><\/p>\n<p>Lo hizo a trav\u00e9s del decreto 752\/2019 publicado este viernes en el Bolet\u00edn Oficial que precis\u00f3 que la reducci\u00f3n del IVA tuvo como finalidad velar y garantizar el abastecimiento normal y habitual en el mercado interno a efectos de cubrir las necesidades del pueblo argentino, dado el contexto econ\u00f3mico y social imperante.<\/p>\n<p>El decreto va en l\u00ednea con el fallo de la Corte Suprema de Justicia que orden\u00f3 a principios del mes pasado al Gobierno asumir el costo fiscal de la medida con recursos propios a partir de las solicitudes presentadas por las provincias de Entre R\u00edos, Catamarca, Chubut, Formosa, La Pampa, La Rioja, Misiones, Salta, San Juan, San Luis, Santa Cruz, Santa Fe, Santiago del Estero, Tierra del Fuego y Tucum\u00e1n.<\/p>\n<p>El decreto tambi\u00e9n destac\u00f3 que sin perjuicio de la provisionalidad de las medidas adoptadas en sede judicial, la asunci\u00f3n por parte del Estado de los efectos fiscales referidos respecto de las provincias demandantes result\u00f3 en una situaci\u00f3n de desigualdad en el r\u00e9gimen federal, que debe ser remediada por razones de equidad.<\/p>\n","protected":false},"excerpt":{"rendered":"<p>El Gobierno nacional resolvi\u00f3 financiar con recursos propios y cargo a Rentas Generales, respecto de todas las provincias y la ciudad de Buenos Aires, los efectos fiscales de lo dispuesto en el decreto 567\/19, que redujo al 0% la al\u00edcuota del Impuesto al Valor Agregado (IVA) sobre la venta de algunos productos de la canasta alimentaria, hasta el 31 de [&#8230;]<\/p>\n","protected":false},"author":8,"featured_media":0,"comment_status":"open","ping_status":"open","sticky":false,"template":"","format":"standard","meta":{"_jetpack_newsletter_access":"","_jetpack_dont_email_post_to_subs":false,"_jetpack_newsletter_tier_id":0,"_jetpack_memberships_contains_paywalled_content":false,"_jetpack_memberships_contains_paid_content":false,"footnotes":""},"categories":[45],"tags":[],"class_list":["post-112821","post","type-post","status-publish","format-standard","hentry","category-economia"],"jetpack_featured_media_url":"","jetpack_shortlink":"https:\/\/wp.me\/p2JWE0-tlH","jetpack-related-posts":[{"id":112316,"url":"https:\/\/www.24baires.com\/?p=112316","url_meta":{"origin":112821,"position":0},"title":"La Corte fall\u00f3 contra Macri y ordena compensar a las provincias por IVA y Ganancias","author":"AF","date":"01\/10\/2019","format":false,"excerpt":"El m\u00e1ximo tribunal estableci\u00f3 que la reducci\u00f3n del IVA y del Impuesto a las Ganancias dispuesta por Mauricio Macri tras su derrota en las PASO no puede afectar los fondos de coparticipaci\u00f3n que corresponden a las provincias. Dispuso que el Estado nacional se haga cargo de los costos fiscales. La\u2026","rel":"","context":"En \u00abJUDICIALES\u00bb","block_context":{"text":"JUDICIALES","link":"https:\/\/www.24baires.com\/?cat=68"},"img":{"alt_text":"","src":"https:\/\/i0.wp.com\/www.24baires.com\/wp-content\/uploads\/2019\/08\/macri.png?resize=350%2C200","width":350,"height":200,"srcset":"https:\/\/i0.wp.com\/www.24baires.com\/wp-content\/uploads\/2019\/08\/macri.png?resize=350%2C200 1x, https:\/\/i0.wp.com\/www.24baires.com\/wp-content\/uploads\/2019\/08\/macri.png?resize=525%2C300 1.5x"},"classes":[]},{"id":111724,"url":"https:\/\/www.24baires.com\/?p=111724","url_meta":{"origin":112821,"position":1},"title":"Bronca de peque\u00f1os comerciantes por el descuento del IVA en alimentos: \u00abnos vamos a fundir\u00bb","author":"GB","date":"21\/08\/2019","format":false,"excerpt":"La medida anunciada por el Gobierno post PASO todav\u00eda tiene inconvenientes en su aplicaci\u00f3n y los almaceneros pusieron el grito en el cielo porque los productos llegan con el impuesto, pero son ellos quienes tienen que absorberlo para no trasladarlo al consumidor final. El decreto por el cual el Gobierno\u2026","rel":"","context":"En \u00abEconom\u00eda\u00bb","block_context":{"text":"Econom\u00eda","link":"https:\/\/www.24baires.com\/?cat=45"},"img":{"alt_text":"","src":"https:\/\/i0.wp.com\/www.24baires.com\/wp-content\/uploads\/2018\/08\/supermercado.jpg?resize=350%2C200","width":350,"height":200,"srcset":"https:\/\/i0.wp.com\/www.24baires.com\/wp-content\/uploads\/2018\/08\/supermercado.jpg?resize=350%2C200 1x, https:\/\/i0.wp.com\/www.24baires.com\/wp-content\/uploads\/2018\/08\/supermercado.jpg?resize=525%2C300 1.5x"},"classes":[]},{"id":111657,"url":"https:\/\/www.24baires.com\/?p=111657","url_meta":{"origin":112821,"position":2},"title":"Finalmente, el gobierno congel\u00f3 el precio del combustible por decreto","author":"GB","date":"16\/08\/2019","format":false,"excerpt":"Tras haberlo anunciado y suspendido la medida por no haber llegado a un acuerdo con el sector petrolero, el gobierno termin\u00f3 aplicando el congelamiento del combustible v\u00eda decreto. Se suma a la eliminaci\u00f3n del IVA en alimentos y reducci\u00f3n al pago de ganancias. Tras idas y vueltas, el gobierno nacional\u2026","rel":"","context":"En \u00abEconom\u00eda\u00bb","block_context":{"text":"Econom\u00eda","link":"https:\/\/www.24baires.com\/?cat=45"},"img":{"alt_text":"","src":"https:\/\/i0.wp.com\/www.24baires.com\/wp-content\/uploads\/2013\/02\/surtidor-nafta.jpg?resize=350%2C200","width":350,"height":200,"srcset":"https:\/\/i0.wp.com\/www.24baires.com\/wp-content\/uploads\/2013\/02\/surtidor-nafta.jpg?resize=350%2C200 1x, https:\/\/i0.wp.com\/www.24baires.com\/wp-content\/uploads\/2013\/02\/surtidor-nafta.jpg?resize=525%2C300 1.5x"},"classes":[]},{"id":120481,"url":"https:\/\/www.24baires.com\/?p=120481","url_meta":{"origin":112821,"position":3},"title":"Comienza a regir el programa Compre sin IVA","author":"GB","date":"18\/09\/2023","format":false,"excerpt":"La devoluci\u00f3n del IVA en las compras con tarjeta de d\u00e9bito durar\u00e1 hasta diciembre, pero podr\u00eda extenderse. El ministro de Econom\u00eda de la Naci\u00f3n, Sergio Massa, anunci\u00f3 un programa para devolverle el IVA de los productos de la canasta b\u00e1sica alimentaria a quienes cobran menos de 708 mil pesos por\u2026","rel":"","context":"En \u00abEconom\u00eda\u00bb","block_context":{"text":"Econom\u00eda","link":"https:\/\/www.24baires.com\/?cat=45"},"img":{"alt_text":"","src":"https:\/\/i0.wp.com\/www.24baires.com\/wp-content\/uploads\/2023\/09\/compre-sin-iva.webp?resize=350%2C200","width":350,"height":200,"srcset":"https:\/\/i0.wp.com\/www.24baires.com\/wp-content\/uploads\/2023\/09\/compre-sin-iva.webp?resize=350%2C200 1x, https:\/\/i0.wp.com\/www.24baires.com\/wp-content\/uploads\/2023\/09\/compre-sin-iva.webp?resize=525%2C300 1.5x, https:\/\/i0.wp.com\/www.24baires.com\/wp-content\/uploads\/2023\/09\/compre-sin-iva.webp?resize=700%2C400 2x"},"classes":[]},{"id":113673,"url":"https:\/\/www.24baires.com\/?p=113673","url_meta":{"origin":112821,"position":4},"title":"La recaudaci\u00f3n impositiva 2019 perdi\u00f3 contra la inflaci\u00f3n","author":"AF","date":"03\/01\/2020","format":false,"excerpt":"El retroceso en t\u00e9rminos reales de los ingresos tributarios al fisco fue de casi 7 puntos porcentuales. Fue consecuencia de la pol\u00edtica de ajuste del macrismo. En diciembre de 2019 la recaudaci\u00f3n tributaria alcanz\u00f3 los 492.366 millones de pesos, que representa una variaci\u00f3n del 53,9 por ciento en relaci\u00f3n al\u2026","rel":"","context":"En \u00abProvincia\u00bb","block_context":{"text":"Provincia","link":"https:\/\/www.24baires.com\/?cat=40"},"img":{"alt_text":"","src":"https:\/\/i0.wp.com\/www.24baires.com\/wp-content\/uploads\/2020\/01\/mercedes-del-pomt.jpg?resize=350%2C200","width":350,"height":200,"srcset":"https:\/\/i0.wp.com\/www.24baires.com\/wp-content\/uploads\/2020\/01\/mercedes-del-pomt.jpg?resize=350%2C200 1x, https:\/\/i0.wp.com\/www.24baires.com\/wp-content\/uploads\/2020\/01\/mercedes-del-pomt.jpg?resize=525%2C300 1.5x"},"classes":[]},{"id":83703,"url":"https:\/\/www.24baires.com\/?p=83703","url_meta":{"origin":112821,"position":5},"title":"Promulgaron la ley que devuelve 15% del IVA a jubilados","author":"AF","date":"13\/06\/2016","format":false,"excerpt":"La medida, que alcanza tambi\u00e9n a beneficiarios de planes sociales y que se aplica a compras de productos de consumo masivo en comercios de venta minorista con tarjeta de d\u00e9bito, fue promulgada a trav\u00e9s del decreto 771\/2016 del Bolet\u00edn Oficial. Se trata de la norma sancionada el mi\u00e9rcoles pasado por\u2026","rel":"","context":"En \u00abEconom\u00eda\u00bb","block_context":{"text":"Econom\u00eda","link":"https:\/\/www.24baires.com\/?cat=45"},"img":{"alt_text":"super-chino","src":"https:\/\/i0.wp.com\/www.24baires.com\/wp-content\/uploads\/2013\/12\/super-chino.jpg?resize=350%2C200","width":350,"height":200,"srcset":"https:\/\/i0.wp.com\/www.24baires.com\/wp-content\/uploads\/2013\/12\/super-chino.jpg?resize=350%2C200 1x, https:\/\/i0.wp.com\/www.24baires.com\/wp-content\/uploads\/2013\/12\/super-chino.jpg?resize=525%2C300 1.5x"},"classes":[]}],"jetpack_sharing_enabled":true,"jetpack_likes_enabled":true,"_links":{"self":[{"href":"https:\/\/www.24baires.com\/index.php?rest_route=\/wp\/v2\/posts\/112821","targetHints":{"allow":["GET"]}}],"collection":[{"href":"https:\/\/www.24baires.com\/index.php?rest_route=\/wp\/v2\/posts"}],"about":[{"href":"https:\/\/www.24baires.com\/index.php?rest_route=\/wp\/v2\/types\/post"}],"author":[{"embeddable":true,"href":"https:\/\/www.24baires.com\/index.php?rest_route=\/wp\/v2\/users\/8"}],"replies":[{"embeddable":true,"href":"https:\/\/www.24baires.com\/index.php?rest_route=%2Fwp%2Fv2%2Fcomments&post=112821"}],"version-history":[{"count":1,"href":"https:\/\/www.24baires.com\/index.php?rest_route=\/wp\/v2\/posts\/112821\/revisions"}],"predecessor-version":[{"id":112822,"href":"https:\/\/www.24baires.com\/index.php?rest_route=\/wp\/v2\/posts\/112821\/revisions\/112822"}],"wp:attachment":[{"href":"https:\/\/www.24baires.com\/index.php?rest_route=%2Fwp%2Fv2%2Fmedia&parent=112821"}],"wp:term":[{"taxonomy":"category","embeddable":true,"href":"https:\/\/www.24baires.com\/index.php?rest_route=%2Fwp%2Fv2%2Fcategories&post=112821"},{"taxonomy":"post_tag","embeddable":true,"href":"https:\/\/www.24baires.com\/index.php?rest_route=%2Fwp%2Fv2%2Ftags&post=112821"}],"curies":[{"name":"wp","href":"https:\/\/api.w.org\/{rel}","templated":true}]}}