{"id":11281,"date":"2013-01-05T13:18:15","date_gmt":"2013-01-05T16:18:15","guid":{"rendered":"http:\/\/www.24baires.com\/?p=11281"},"modified":"2013-01-05T14:00:50","modified_gmt":"2013-01-05T17:00:50","slug":"siguen-reclamandole-a-scioli-que-aplique-la-ley-de-emergencia-por-violencia-de-genero","status":"publish","type":"post","link":"https:\/\/www.24baires.com\/?p=11281","title":{"rendered":"Siguen reclam\u00e1ndole a Scioli que aplique la ley de emergencia por violencia de g\u00e9nero"},"content":{"rendered":"<p><a href=\"http:\/\/www.24baires.com\/sociedad\/10413-la-justicia-define-si-excarcela-a-daniel-lagostena-acusado-de-asesinar-a-erica-soriano\/attachment\/soriano\/\" rel=\"attachment wp-att-10414\"><img data-recalc-dims=\"1\" loading=\"lazy\" decoding=\"async\" class=\"aligncenter size-full wp-image-10414\" alt=\"soriano\" src=\"https:\/\/i0.wp.com\/www.24baires.com\/wp-content\/uploads\/2012\/12\/soriano.jpg?resize=510%2C340\" width=\"510\" height=\"340\" srcset=\"https:\/\/i0.wp.com\/www.24baires.com\/wp-content\/uploads\/2012\/12\/soriano.jpg?w=510&amp;ssl=1 510w, https:\/\/i0.wp.com\/www.24baires.com\/wp-content\/uploads\/2012\/12\/soriano.jpg?resize=300%2C200&amp;ssl=1 300w\" sizes=\"auto, (max-width: 510px) 100vw, 510px\" \/><\/a><\/p>\n<p>Fue en el marco de una radio abierta llevada a cabo para repudiar la excarcelaci\u00f3n de Daniel Lagostena, acusado de asesinar y hacer desaparecer el cuerpo de su ex pareja, \u00c9rica Soriano. Su madre, Mar\u00eda Esther Romero, dijo que es necesario que \u201cse escuche a las v\u00edctimas, que se erradique la violencia desde adentro\u201d.<!--more--><br \/>\nLa Familia de \u00c9rica Soriano junto a la Mesa de Violencia de G\u00e9nero del Municipio de Lan\u00fas y organizaciones sociales expresaron un nuevo pedido de Justicia y repudiaron el fallo de la C\u00e1mara de Apelaciones de Lomas de Zamora que liber\u00f3 hace una semana al \u00fanico imputado en la causa, Daniel Lagostena.<\/p>\n<p>Lo hicieron a trav\u00e9s de una radio abierta instalada en la Estaci\u00f3n de Trenes del distrito, donde tambi\u00e9n se discutieron casos como el de Marita Ver\u00f3n, en Tucum\u00e1n, y se plante\u00f3 una profunda \u201cpreocupaci\u00f3n\u201d por los obst\u00e1culos en el acceso a la Justicia que plantea \u201cla falta de formaci\u00f3n en violencia familiar\u201d y las demoras en aplicar la ley provincial que declara la emergencia por violencia de g\u00e9nero.<\/p>\n<p>La madre de \u00c9rica, Mar\u00eda Esther Romero, sostuvo que el fallo que decidi\u00f3 liberar a Lagostena le result\u00f3 \u201csorpresivo\u201d y ahond\u00f3 su \u201cdesconfianza\u201d en la Justicia.<\/p>\n<p>\u201cSi en Tucum\u00e1n absolvieron a los 13 acusados en un caso tan resonante como el de Marita Ver\u00f3n, entend\u00ed que ac\u00e1 nos pod\u00eda pasar algo similar porque en este momento estamos hu\u00e9rfanos de Justicia\u201d, reflexion\u00f3.<\/p>\n<p>La mujer dijo que continuar\u00e1n visibilizando el accionar de los tribunales que \u201cliberan a los asesinos\u201d y consider\u00f3 que los casos de violencia de g\u00e9nero \u201cnecesitan una mayor atenci\u00f3n\u201d por parte del Estado.<\/p>\n<p>\u201cEstos casos necesitan una atenci\u00f3n previa, que se escuche a las v\u00edctimas, que se erradique la violencia desde adentro y que las leyes se impartan para cada caso en particular\u201d, subray\u00f3.<\/p>\n<p>Erica Soriano (30) estaba embarazada de dos meses y medio cuando fue vista por \u00faltima vez el 20 de agosto de 2010. El fiscal Gerardo Loureyro y de Garant\u00edas de Lomas de Zamora, Gabriel Vitale, sostienen que, a pesar de que nunca apareci\u00f3 su cad\u00e1ver, la joven fue asesinada por Lagostena (51) dentro de la casa que compart\u00edan en Lan\u00fas.<\/p>\n<p>La actividad de esta tarde junto a la familia de \u00c9rica fue organizada por el departamento de Coordinaci\u00f3n de G\u00e9nero y Diversidad Sexual del Municipio de Lan\u00fas, que realiza un trabajo activo en el distrito para abordar este tipo de problem\u00e1ticas y tratar de brindar prevenci\u00f3n en los casos en los que a\u00fan se est\u00e1 a tiempo de intervenir.<\/p>\n<p>En este sentido, el director de Derechos Humanos del distrito, Mat\u00edas Acu\u00f1a, consider\u00f3 que es \u201cmuy importante\u201d el trabajo realizado en los municipios en materia de prevenci\u00f3n y concientizaci\u00f3n.<\/p>\n<p>No obstante, plante\u00f3 la necesidad de que la Provincia aplique la ley de Emergencia de por Violencia de G\u00e9nero, sancionada en octubre del a\u00f1o pasada, con el fin de destinar partidas presupuestarias y recursos materiales imprescindibles para \u201cgarantizar la atenci\u00f3n urgente que la problem\u00e1tica amerita\u201d.<\/p>\n<p>\u201cHay una necesidad real de que esto se concrete y que cada distrito est\u00e9 preparado para afrontar la problem\u00e1tica. Si la ley no se lleva a la realidad, caemos en una cuesti\u00f3n declamativa que subestima la gravedad del tema\u201d, explic\u00f3 el funcionario municipal.<\/p>\n<p>No se trata del primer reclamo. Ayer una de las autoras del proyecto que se convirti\u00f3 en ley en el Senado bonaerense hace ya tres meses, la diputada Karina Nazabal, pidi\u00f3 al gobernador Daniel Scioli que \u00abdeclare cuanto antes la ley de emergencia por violencia de g\u00e9nero\u00bb.<\/p>\n<p>Tras el doble femicidio de Lincoln, la legisladora consider\u00f3 que \u201cno se puede seguir mirando para otro lado cuando tenemos casos todos los d\u00edas\u201d en la provincia de Buenos Aires.<\/p>\n<p>&nbsp;<\/p>\n<p>&nbsp;<\/p>\n<p>&nbsp;<\/p>\n<p>&nbsp;<\/p>\n<p>&nbsp;<\/p>\n<p>&nbsp;<\/p>\n<p>&nbsp;<\/p>\n<p>&nbsp;<\/p>\n<p>&nbsp;<\/p>\n<p>&nbsp;<\/p>\n<p>&nbsp;<\/p>\n<p>&nbsp;<\/p>\n<p>&nbsp;<\/p>\n<p>&nbsp;<\/p>\n<p>&nbsp;<\/p>\n<p>&nbsp;<\/p>\n<p>&nbsp;<\/p>\n<p>&nbsp;<\/p>\n<p>&nbsp;<\/p>\n<p>&nbsp;<\/p>\n<p>&nbsp;<\/p>\n<p>&nbsp;<\/p>\n<p>&nbsp;<\/p>\n<p>&nbsp;<\/p>\n<p>&nbsp;<\/p>\n<p>&nbsp;<\/p>\n<p>&nbsp;<\/p>\n<p>&nbsp;<\/p>\n<p>&nbsp;<\/p>\n<p>&nbsp;<\/p>\n<p>&nbsp;<\/p>\n","protected":false},"excerpt":{"rendered":"<p>Fue en el marco de una radio abierta llevada a cabo para repudiar la excarcelaci\u00f3n de Daniel Lagostena, acusado de asesinar y hacer desaparecer el cuerpo de su ex pareja, \u00c9rica Soriano. Su madre, Mar\u00eda Esther Romero, dijo que es necesario que \u201cse escuche a las v\u00edctimas, que se erradique la violencia desde adentro\u201d.<\/p>\n","protected":false},"author":4,"featured_media":0,"comment_status":"open","ping_status":"open","sticky":false,"template":"","format":"standard","meta":{"_jetpack_newsletter_access":"","_jetpack_dont_email_post_to_subs":false,"_jetpack_newsletter_tier_id":0,"_jetpack_memberships_contains_paywalled_content":false,"_jetpack_memberships_contains_paid_content":false,"footnotes":""},"categories":[1],"tags":[],"class_list":["post-11281","post","type-post","status-publish","format-standard","hentry","category-sociedad"],"jetpack_featured_media_url":"","jetpack_shortlink":"https:\/\/wp.me\/p2JWE0-2VX","jetpack-related-posts":[{"id":10210,"url":"https:\/\/www.24baires.com\/?p=10210","url_meta":{"origin":11281,"position":0},"title":"La familia de \u00c9rica Soriano repudi\u00f3 la anulaci\u00f3n de la preventiva a Lagostena","author":"Grupo Sierra","date":"23\/12\/2012","format":false,"excerpt":"LOMAS DE ZAMORA - \u201cQuer\u00eda que est\u00e9 en la c\u00e1rcel, es el \u00fanico que sabe qu\u00e9 pas\u00f3\u201d, asegur\u00f3 la mam\u00e1 de \u00c9rica Soriano, Mar\u00eda Esther. As\u00ed, expres\u00f3 su descontento por la decisi\u00f3n de la C\u00e1mara de Apelaciones de liberar al \u00fanico imputado por la desaparici\u00f3n de la joven. \u201cDespu\u00e9s del\u2026","rel":"","context":"En \u00abPoliciales\u00bb","block_context":{"text":"Policiales","link":"https:\/\/www.24baires.com\/?cat=49"},"img":{"alt_text":"soriano erica","src":"https:\/\/i0.wp.com\/www.24baires.com\/wp-content\/uploads\/2012\/12\/soriano-erica-300x180.jpg?resize=350%2C200","width":350,"height":200},"classes":[]},{"id":10356,"url":"https:\/\/www.24baires.com\/?p=10356","url_meta":{"origin":11281,"position":1},"title":"La Justicia define este mi\u00e9rcoles si libera al acusado de asesinar a \u00c9rica Soriano","author":"Grupo Sierra","date":"25\/12\/2012","format":false,"excerpt":"LOMAS DE ZAMORA - La Justicia lomense definir\u00e1 el mi\u00e9rcoles si excarcela a Daniel Lagostena, acusado de asesinar a su pareja, Erica Soriano, luego de que se anular\u00e1 su prisi\u00f3n preventiva. La Sala III de la C\u00e1mara de Apelaciones del Departamento Judicial de Lomas de Zamora anul\u00f3 por un error\u2026","rel":"","context":"En \u00abPoliciales\u00bb","block_context":{"text":"Policiales","link":"https:\/\/www.24baires.com\/?cat=49"},"img":{"alt_text":"","src":"","width":0,"height":0},"classes":[]},{"id":29625,"url":"https:\/\/www.24baires.com\/?p=29625","url_meta":{"origin":11281,"position":2},"title":"Presentan en San Isidro una obra por los tres a\u00f1os de desaparecida de \u00c9rica Soriano","author":"AF","date":"06\/08\/2013","format":false,"excerpt":"El 21 de agosto se cumplen tres a\u00f1os de ausencia. En este marco es que la familia Soriano concurrir\u00e1 al viejo Concejo de San Isidro donde se realizar\u00e1 una obra de teatro llamada \u201cLa \u00daltima Vez\u201d, que refleja la vida de una joven v\u00edctima de violencia de g\u00e9nero. \u201cLa idea\u2026","rel":"","context":"En \u00abSociedad\u00bb","block_context":{"text":"Sociedad","link":"https:\/\/www.24baires.com\/?cat=1"},"img":{"alt_text":"","src":"","width":0,"height":0},"classes":[]},{"id":10438,"url":"https:\/\/www.24baires.com\/?p=10438","url_meta":{"origin":11281,"position":3},"title":"Volvieron a dictar prisi\u00f3n preventiva para Daniel Lagostena, ex pareja de \u00c9rica Soriano","author":"AF","date":"26\/12\/2012","format":false,"excerpt":"La ex pareja de \u00c9rica Soriano, la embarazada desaparecida desde 2010, continuar\u00e1 preso luego de que la Justicia de Lomas de Zamora le dict\u00f3 nuevamente la prisi\u00f3n preventiva por \"homicidio y aborto en el contexto de violencia familiar\". As\u00ed lo resolvi\u00f3 durante el mediod\u00eda de este mi\u00e9rcoles el juez de\u2026","rel":"","context":"En \u00abSociedad\u00bb","block_context":{"text":"Sociedad","link":"https:\/\/www.24baires.com\/?cat=1"},"img":{"alt_text":"lagostena soriano","src":"https:\/\/i0.wp.com\/www.24baires.com\/wp-content\/uploads\/2012\/12\/lagostena-soriano.jpg?resize=350%2C200","width":350,"height":200,"srcset":"https:\/\/i0.wp.com\/www.24baires.com\/wp-content\/uploads\/2012\/12\/lagostena-soriano.jpg?resize=350%2C200 1x, https:\/\/i0.wp.com\/www.24baires.com\/wp-content\/uploads\/2012\/12\/lagostena-soriano.jpg?resize=525%2C300 1.5x"},"classes":[]},{"id":10678,"url":"https:\/\/www.24baires.com\/?p=10678","url_meta":{"origin":11281,"position":4},"title":"Caso Erica Soriano: Liberar\u00e1n a Lagostena por falta de pruebas","author":"Grupo Sierra","date":"28\/12\/2012","format":false,"excerpt":"La sala III de la C\u00e1mara de Apelaciones de Lomas orden\u00f3 la libertad por falta de pruebas de quien fuera la pareja de Erica Soriano, la joven que est\u00e1 desaparecida desde 2010. La decisi\u00f3n fue adoptada este mediod\u00eda luego de que la defensa de Lagostena presentara un planteo de habeas\u2026","rel":"","context":"En \u00abPoliciales\u00bb","block_context":{"text":"Policiales","link":"https:\/\/www.24baires.com\/?cat=49"},"img":{"alt_text":"","src":"","width":0,"height":0},"classes":[]},{"id":10790,"url":"https:\/\/www.24baires.com\/?p=10790","url_meta":{"origin":11281,"position":5},"title":"Buscar\u00e1n llevar a juicio pol\u00edtico a los que liberaron a Lagostena, ex pareja de \u00c9rica","author":"AF","date":"29\/12\/2012","format":false,"excerpt":"Lo adelant\u00f3 el abogado Marcelo Mazzeo al poner bajo sospecha la excarcelaci\u00f3n resuelta por la Sala III de la C\u00e1mara de Apelaciones lomense y calificarla como un presunto caso de corrupci\u00f3n judicial. \u201cAlgo hay detr\u00e1s de este fallo vergonzoso, arbitrario y absurdo, y lo vamos a investigar\u201d, asegur\u00f3. Lagostena est\u00e1\u2026","rel":"","context":"En \u00abSociedad\u00bb","block_context":{"text":"Sociedad","link":"https:\/\/www.24baires.com\/?cat=1"},"img":{"alt_text":"","src":"","width":0,"height":0},"classes":[]}],"jetpack_sharing_enabled":true,"jetpack_likes_enabled":true,"_links":{"self":[{"href":"https:\/\/www.24baires.com\/index.php?rest_route=\/wp\/v2\/posts\/11281","targetHints":{"allow":["GET"]}}],"collection":[{"href":"https:\/\/www.24baires.com\/index.php?rest_route=\/wp\/v2\/posts"}],"about":[{"href":"https:\/\/www.24baires.com\/index.php?rest_route=\/wp\/v2\/types\/post"}],"author":[{"embeddable":true,"href":"https:\/\/www.24baires.com\/index.php?rest_route=\/wp\/v2\/users\/4"}],"replies":[{"embeddable":true,"href":"https:\/\/www.24baires.com\/index.php?rest_route=%2Fwp%2Fv2%2Fcomments&post=11281"}],"version-history":[{"count":3,"href":"https:\/\/www.24baires.com\/index.php?rest_route=\/wp\/v2\/posts\/11281\/revisions"}],"predecessor-version":[{"id":11289,"href":"https:\/\/www.24baires.com\/index.php?rest_route=\/wp\/v2\/posts\/11281\/revisions\/11289"}],"wp:attachment":[{"href":"https:\/\/www.24baires.com\/index.php?rest_route=%2Fwp%2Fv2%2Fmedia&parent=11281"}],"wp:term":[{"taxonomy":"category","embeddable":true,"href":"https:\/\/www.24baires.com\/index.php?rest_route=%2Fwp%2Fv2%2Fcategories&post=11281"},{"taxonomy":"post_tag","embeddable":true,"href":"https:\/\/www.24baires.com\/index.php?rest_route=%2Fwp%2Fv2%2Ftags&post=11281"}],"curies":[{"name":"wp","href":"https:\/\/api.w.org\/{rel}","templated":true}]}}