{"id":11278,"date":"2013-01-05T12:43:01","date_gmt":"2013-01-05T15:43:01","guid":{"rendered":"http:\/\/www.24baires.com\/?p=11278"},"modified":"2013-01-05T12:43:01","modified_gmt":"2013-01-05T15:43:01","slug":"ocho-competidores-del-conurbano-pilotearan-sus-vehiculos-en-el-proximo-rally-dakar","status":"publish","type":"post","link":"https:\/\/www.24baires.com\/?p=11278","title":{"rendered":"Ocho competidores del conurbano pilotear\u00e1n sus veh\u00edculos en el pr\u00f3ximo Rally Dakar"},"content":{"rendered":"<p>Desde la llegada del Rally Dakar a Sudam\u00e9rica, la participaci\u00f3n de pilotos nacionales creci\u00f3 exponencialmente. La gran reducci\u00f3n de gastos y conocimiento del terreno, permiti\u00f3 que muchos pilotos se animaran a correr la traves\u00eda m\u00e1s dura del planeta. Y el Conurbano no es ajeno a la misma, por eso, ocho competidores subir\u00e1n a sus veh\u00edculos para intentar entrar en la historia del deporte nacional.<!--more--><\/p>\n<p>En la categor\u00eda cuatriciclos, Tom\u00e1s Maffei y Luciano Gagliardi ser\u00e1n los que llevar\u00e1n la bandera argentina sobre sus hombros. El primero, oriundo de San Isidro, forma parte del equipo Maffei Dakar Team y circular\u00e1 por el continente con una Yamaha 650 GRW. Por su parte, Gagliardi, ser\u00e1 quien con su Yamaha Raptor 700 R intente llevar a la gloria al partido de Quilmes acompa\u00f1ado por sus compa\u00f1eros del TG Rally Raid.<\/p>\n<p>Sobre dos ruedas viajar\u00e1, el tambi\u00e9n nacido en el distrito cervecero, Marcelo Santos. En su segunda participaci\u00f3n, correr\u00e1 con una Honda CRF 450 X, parte del equipo AMS Honda. Por otro lado, el veterinario de La Matanza, Ariel Ciampi, utilizar\u00e1 una Moto Beta RR 450, que representar\u00e1 a La Matanza Dakar Team. Con ellos dos tambi\u00e9n acelerar\u00e1 su Yamaha WR 450 R el platense Juan Cruz Ortiz, representante del Team RPM Kawasaki.<\/p>\n<p>Por \u00faltimo, entre los autos, ya que no habr\u00e1 hombres del Conurbano subidos a camiones, tres ser\u00e1n los que se animar\u00e1n a quitarle la corona al franc\u00e9s Stephane Peterhansel. Uno de ellos ser\u00e1 el piloto de automovilismo nacional Emiliano Spataro. El hombre de Lan\u00fas, miembro del Renault Duster Team, correr\u00e1 con un Renault Duster en lo que ser\u00e1 su tercera participaci\u00f3n.<\/p>\n<p>Desde Moreno, Hern\u00e1n Kim, miembro del Colcar Racing Team, competir\u00e1 por el t\u00edtulo con un Mercedes Benz ML 320 a lo largo de su tercera carrera. Uno de sus contrincantes ser\u00e1 el tercer quilme\u00f1o que se le anima al Dakar: V\u00edctor Mastromatteo. Acompa\u00f1ado por sus compa\u00f1eros del Team Dot Shot &amp; Go, pilotear\u00e1 un Buggy 4&#215;2 prototipo con un motor Corvette.<\/p>\n<p>&nbsp;<\/p>\n<p>&nbsp;<\/p>\n<p>&nbsp;<\/p>\n<p>&nbsp;<\/p>\n<p>&nbsp;<\/p>\n<p>&nbsp;<\/p>\n<p>&nbsp;<\/p>\n<p>&nbsp;<\/p>\n<p>&nbsp;<\/p>\n<p>&nbsp;<\/p>\n<p>&nbsp;<\/p>\n<p>&nbsp;<\/p>\n<p>&nbsp;<\/p>\n<p>&nbsp;<\/p>\n<p>&nbsp;<\/p>\n<p>&nbsp;<\/p>\n<p>&nbsp;<\/p>\n<p>&nbsp;<\/p>\n<p>&nbsp;<\/p>\n<p>&nbsp;<\/p>\n<p>&nbsp;<\/p>\n<p>&nbsp;<\/p>\n<p>&nbsp;<\/p>\n","protected":false},"excerpt":{"rendered":"<p>Desde la llegada del Rally Dakar a Sudam\u00e9rica, la participaci\u00f3n de pilotos nacionales creci\u00f3 exponencialmente. La gran reducci\u00f3n de gastos y conocimiento del terreno, permiti\u00f3 que muchos pilotos se animaran a correr la traves\u00eda m\u00e1s dura del planeta. Y el Conurbano no es ajeno a la misma, por eso, ocho competidores subir\u00e1n a sus veh\u00edculos para intentar entrar en la [&#8230;]<\/p>\n","protected":false},"author":4,"featured_media":0,"comment_status":"open","ping_status":"open","sticky":false,"template":"","format":"standard","meta":{"_jetpack_newsletter_access":"","_jetpack_dont_email_post_to_subs":false,"_jetpack_newsletter_tier_id":0,"_jetpack_memberships_contains_paywalled_content":false,"_jetpack_memberships_contains_paid_content":false,"footnotes":""},"categories":[1],"tags":[],"class_list":["post-11278","post","type-post","status-publish","format-standard","hentry","category-sociedad"],"jetpack_featured_media_url":"","jetpack_shortlink":"https:\/\/wp.me\/p2JWE0-2VU","jetpack-related-posts":[{"id":11309,"url":"https:\/\/www.24baires.com\/?p=11309","url_meta":{"origin":11278,"position":0},"title":"Larg\u00f3 el Dakar 2013","author":"Grupo Sierra","date":"05\/01\/2013","format":false,"excerpt":"El Dakar 2013 comenz\u00f3 en Lima, donde tuvo su ceremonia de largada y su primera especial en la que el mendocino Lucio \u00c1lvarez (Hilux) se qued\u00f3 con el segundo puesto detr\u00e1s del espa\u00f1ol Carlos Saiz (Buggy), mientras que en motos la victoria fue para el chileno Francisco \u201cChaleco\u201d L\u00f3pez (KTM)\u2026","rel":"","context":"En \u00abDeportes\u00bb","block_context":{"text":"Deportes","link":"https:\/\/www.24baires.com\/?cat=12"},"img":{"alt_text":"DAKAR LARGADA","src":"https:\/\/i0.wp.com\/www.24baires.com\/wp-content\/uploads\/2013\/01\/DAKAR-LARGADA.jpg?resize=350%2C200","width":350,"height":200,"srcset":"https:\/\/i0.wp.com\/www.24baires.com\/wp-content\/uploads\/2013\/01\/DAKAR-LARGADA.jpg?resize=350%2C200 1x, https:\/\/i0.wp.com\/www.24baires.com\/wp-content\/uploads\/2013\/01\/DAKAR-LARGADA.jpg?resize=525%2C300 1.5x"},"classes":[]},{"id":12829,"url":"https:\/\/www.24baires.com\/?p=12829","url_meta":{"origin":11278,"position":1},"title":"Rally Dakar: Patronelli Campe\u00f3n","author":"Grupo Sierra","date":"19\/01\/2013","format":false,"excerpt":"El argentino, a bordo de su Yamaha, repiti\u00f3 el logro de hace tres a\u00f1os al completarse la 14ta y \u00faltima etapa de la competencia. Le alcanz\u00f3 con llegar tercero en la recta final. El franc\u00e9s Despres gan\u00f3 en motos. El argentino Marcos Patronelli, con Yamaha, se consagr\u00f3 hoy campe\u00f3n del\u2026","rel":"","context":"En \u00abDeportes\u00bb","block_context":{"text":"Deportes","link":"https:\/\/www.24baires.com\/?cat=12"},"img":{"alt_text":"patronelli nazca","src":"https:\/\/i0.wp.com\/www.24baires.com\/wp-content\/uploads\/2013\/01\/patronelli-nazca.jpg?resize=350%2C200","width":350,"height":200,"srcset":"https:\/\/i0.wp.com\/www.24baires.com\/wp-content\/uploads\/2013\/01\/patronelli-nazca.jpg?resize=350%2C200 1x, https:\/\/i0.wp.com\/www.24baires.com\/wp-content\/uploads\/2013\/01\/patronelli-nazca.jpg?resize=525%2C300 1.5x"},"classes":[]},{"id":38089,"url":"https:\/\/www.24baires.com\/?p=38089","url_meta":{"origin":11278,"position":2},"title":"Patronelli tuvo un accidente y tuvo que abandonar el Dakar","author":"GB","date":"07\/01\/2014","format":false,"excerpt":"Marcos Patronelli, dos veces campe\u00f3n de la categor\u00eda cuatriciclos, se accident\u00f3 esta tarde -sin consecuencias f\u00edsicas- cuando realizaba el tramo de la tercera etapa entre San Rafael y San Juan, y abandon\u00f3 la competencia. El campe\u00f3n Marcos Patronelli debi\u00f3 abandonar el Dakar Argentina-Bolivia-Chile luego de perder el control de su\u2026","rel":"","context":"En \u00abDeportes\u00bb","block_context":{"text":"Deportes","link":"https:\/\/www.24baires.com\/?cat=12"},"img":{"alt_text":"dakar2","src":"https:\/\/i0.wp.com\/www.24baires.com\/wp-content\/uploads\/2014\/01\/dakar2.jpg?resize=350%2C200","width":350,"height":200,"srcset":"https:\/\/i0.wp.com\/www.24baires.com\/wp-content\/uploads\/2014\/01\/dakar2.jpg?resize=350%2C200 1x, https:\/\/i0.wp.com\/www.24baires.com\/wp-content\/uploads\/2014\/01\/dakar2.jpg?resize=525%2C300 1.5x"},"classes":[]},{"id":11163,"url":"https:\/\/www.24baires.com\/?p=11163","url_meta":{"origin":11278,"position":3},"title":"\u00abEl Dakar es el evento m\u00e1s duro del mundo\u201d","author":"Grupo Sierra","date":"03\/01\/2013","format":false,"excerpt":"Etienne Lavigne, director de la competencia asegur\u00f3 que largar desde Per\u00fa imprime \u201cmayor dificultad\u201d para los pilotos. \u201cEs el evento m\u00e1s duro del mundo\u201d, sentenci\u00f3. El franc\u00e9s Etienne Lavigne, director del Dakar, asegur\u00f3 hoy que el hecho de que la quinta edici\u00f3n sudamericana el rally se largue desde Per\u00fa imprime\u2026","rel":"","context":"En \u00abDeportes\u00bb","block_context":{"text":"Deportes","link":"https:\/\/www.24baires.com\/?cat=12"},"img":{"alt_text":"Lavigne","src":"https:\/\/i0.wp.com\/www.24baires.com\/wp-content\/uploads\/2013\/01\/Lavigne.jpg?resize=350%2C200","width":350,"height":200},"classes":[]},{"id":12616,"url":"https:\/\/www.24baires.com\/?p=12616","url_meta":{"origin":11278,"position":4},"title":"Patronelli sigue liderando el Dakar en Cuatriciclos","author":"Grupo Sierra","date":"17\/01\/2013","format":false,"excerpt":"El argentino, con su cuatriciclo Yamaha, sigue primero en la clasificaci\u00f3n general, tras ingresar en el segundo lugar en la duod\u00e9cima etapa, entre la localidad catamarque\u00f1a de Fiambal\u00e1 y la chilena de Copiap\u00f3. El piloto bonaerense de Las Flores lleg\u00f3 a la meta con una diferencia de 1 minuto y\u2026","rel":"","context":"En \u00abDeportes\u00bb","block_context":{"text":"Deportes","link":"https:\/\/www.24baires.com\/?cat=12"},"img":{"alt_text":"patronelli fiambala","src":"https:\/\/i0.wp.com\/www.24baires.com\/wp-content\/uploads\/2013\/01\/patronelli-fiambala.jpg?resize=350%2C200","width":350,"height":200,"srcset":"https:\/\/i0.wp.com\/www.24baires.com\/wp-content\/uploads\/2013\/01\/patronelli-fiambala.jpg?resize=350%2C200 1x, https:\/\/i0.wp.com\/www.24baires.com\/wp-content\/uploads\/2013\/01\/patronelli-fiambala.jpg?resize=525%2C300 1.5x"},"classes":[]},{"id":11880,"url":"https:\/\/www.24baires.com\/?p=11880","url_meta":{"origin":11278,"position":5},"title":"Muri\u00f3 un piloto franc\u00e9s del Dakar en la frontera de Chile y Argentina","author":"AF","date":"11\/01\/2013","format":false,"excerpt":"Choc\u00f3 con un veh\u00edculo policial de Chile, cerca del Paso de Jama, l\u00edmite entre el pa\u00eds trasandino y la Argentina. Bourgin, de 25 a\u00f1os y que manejaba una KTM, sufri\u00f3 el accidente en la ma\u00f1ana de este viernes. El piloto franc\u00e9s Thomas Bourgin falleci\u00f3 este viernes en el marco del\u2026","rel":"","context":"En \u00abSociedad\u00bb","block_context":{"text":"Sociedad","link":"https:\/\/www.24baires.com\/?cat=1"},"img":{"alt_text":"bourgin","src":"https:\/\/i0.wp.com\/www.24baires.com\/wp-content\/uploads\/2013\/01\/bourgin-300x200.jpg?resize=350%2C200","width":350,"height":200},"classes":[]}],"jetpack_sharing_enabled":true,"jetpack_likes_enabled":true,"_links":{"self":[{"href":"https:\/\/www.24baires.com\/index.php?rest_route=\/wp\/v2\/posts\/11278","targetHints":{"allow":["GET"]}}],"collection":[{"href":"https:\/\/www.24baires.com\/index.php?rest_route=\/wp\/v2\/posts"}],"about":[{"href":"https:\/\/www.24baires.com\/index.php?rest_route=\/wp\/v2\/types\/post"}],"author":[{"embeddable":true,"href":"https:\/\/www.24baires.com\/index.php?rest_route=\/wp\/v2\/users\/4"}],"replies":[{"embeddable":true,"href":"https:\/\/www.24baires.com\/index.php?rest_route=%2Fwp%2Fv2%2Fcomments&post=11278"}],"version-history":[{"count":2,"href":"https:\/\/www.24baires.com\/index.php?rest_route=\/wp\/v2\/posts\/11278\/revisions"}],"predecessor-version":[{"id":11280,"href":"https:\/\/www.24baires.com\/index.php?rest_route=\/wp\/v2\/posts\/11278\/revisions\/11280"}],"wp:attachment":[{"href":"https:\/\/www.24baires.com\/index.php?rest_route=%2Fwp%2Fv2%2Fmedia&parent=11278"}],"wp:term":[{"taxonomy":"category","embeddable":true,"href":"https:\/\/www.24baires.com\/index.php?rest_route=%2Fwp%2Fv2%2Fcategories&post=11278"},{"taxonomy":"post_tag","embeddable":true,"href":"https:\/\/www.24baires.com\/index.php?rest_route=%2Fwp%2Fv2%2Ftags&post=11278"}],"curies":[{"name":"wp","href":"https:\/\/api.w.org\/{rel}","templated":true}]}}