{"id":112771,"date":"2019-10-30T11:00:25","date_gmt":"2019-10-30T14:00:25","guid":{"rendered":"http:\/\/www.24baires.com\/?p=112771"},"modified":"2019-10-30T09:44:31","modified_gmt":"2019-10-30T12:44:31","slug":"conflicto-salarial-fegeppba-inicio-una-accion-judicial-contra-el-ejecutivo","status":"publish","type":"post","link":"https:\/\/www.24baires.com\/?p=112771","title":{"rendered":"Conflicto salarial: Fegeppba inici\u00f3 una acci\u00f3n judicial contra el Ejecutivo"},"content":{"rendered":"<p><img data-recalc-dims=\"1\" loading=\"lazy\" decoding=\"async\" src=\"https:\/\/i0.wp.com\/www.24baires.com\/wp-content\/uploads\/2019\/10\/fegep.jpg?resize=560%2C372\" alt=\"\" width=\"560\" height=\"372\" class=\"aligncenter size-full wp-image-112772\" srcset=\"https:\/\/i0.wp.com\/www.24baires.com\/wp-content\/uploads\/2019\/10\/fegep.jpg?w=560&amp;ssl=1 560w, https:\/\/i0.wp.com\/www.24baires.com\/wp-content\/uploads\/2019\/10\/fegep.jpg?resize=300%2C199&amp;ssl=1 300w\" sizes=\"auto, (max-width: 560px) 100vw, 560px\" \/>Mientras, la Federaci\u00f3n se encuentra en estado de alerta y movilizaci\u00f3n.<!--more--><\/p>\n<p>La Federaci\u00f3n de Gremios Estatales y Particulares de la Provincia de Buenos Aires (Fegeppba) profundiz\u00f3 sus reclamos por paritarias presentado una demanda judicial contra el gobierno de Mar\u00eda Eugenia Vidal.<\/p>\n<p>Al respecto, desde el gremio expresaron que la presentaci\u00f3n judicial surge \u201cpor los reiterados pedidos que le hicimos  al gobierno bonaerense para que reabra la paritaria estatal. Reclamos que no fueron escuchados\u201d, lanzaron.<\/p>\n<p>Situaci\u00f3n que para Fegeppba: \u201cLo \u00fanico que demuestra es la falta de predisposici\u00f3n para convocar a la negociaci\u00f3n colectiva\u201d.<\/p>\n<p>Recordemos que como resultado de la escalada inflacionaria y la falta de respuestas por parte del Gobierno bonaerense, semanas atr\u00e1s el gremio, elev\u00f3 una nota al Ministerio de Trabajo para advertir que la entidad iniciar\u00eda \u201ctodas las acciones que est\u00e9n a su alcance\u201d si la gobernadora Vidal no fijaba d\u00eda y hora para una nueva paritaria.<\/p>\n<p>En consecuencia, Fegeppba  hizo lo que hab\u00eda adelante y, como respuesta, espera que llegue las autoridades provinciales se predispongan para resolver cuanto antes el conflicto. Mientras, la Federaci\u00f3n se encuentra en estado de alerta y movilizaci\u00f3n. <\/p>\n","protected":false},"excerpt":{"rendered":"<p>Mientras, la Federaci\u00f3n se encuentra en estado de alerta y movilizaci\u00f3n.<\/p>\n","protected":false},"author":8,"featured_media":0,"comment_status":"open","ping_status":"open","sticky":false,"template":"","format":"standard","meta":{"_jetpack_newsletter_access":"","_jetpack_dont_email_post_to_subs":false,"_jetpack_newsletter_tier_id":0,"_jetpack_memberships_contains_paywalled_content":false,"_jetpack_memberships_contains_paid_content":false,"footnotes":""},"categories":[40],"tags":[],"class_list":["post-112771","post","type-post","status-publish","format-standard","hentry","category-provincia"],"jetpack_shortlink":"https:\/\/wp.me\/p2JWE0-tkT","jetpack-related-posts":[{"id":112419,"url":"https:\/\/www.24baires.com\/?p=112419","url_meta":{"origin":112771,"position":0},"title":"Estatales bonaerenses, en \u00abasamblea permanente\u00bb por un reclamo contra Vidal","author":"AF","date":"08\/10\/2019","format":false,"excerpt":"La Federaci\u00f3n de Gremios Estatales y Particulares de la Provincia de Buenos Aires (FEGEPPBA) reclama que se ejecute una \u201ccl\u00e1usula gatillo\u201d por el enorme deterioro de los salarios. Gremios estatales de la Provincia de Buenos Aires est\u00e1n en estado de \u201calerta y asamblea permanente\u201d en reclamo por el atraso salarial.\u2026","rel":"","context":"En \u00abSociedad\u00bb","block_context":{"text":"Sociedad","link":"https:\/\/www.24baires.com\/?cat=1"},"img":{"alt_text":"","src":"https:\/\/i0.wp.com\/www.24baires.com\/wp-content\/uploads\/2019\/03\/vidal.jpg?resize=350%2C200","width":350,"height":200,"srcset":"https:\/\/i0.wp.com\/www.24baires.com\/wp-content\/uploads\/2019\/03\/vidal.jpg?resize=350%2C200 1x, https:\/\/i0.wp.com\/www.24baires.com\/wp-content\/uploads\/2019\/03\/vidal.jpg?resize=525%2C300 1.5x"},"classes":[]},{"id":121094,"url":"https:\/\/www.24baires.com\/?p=121094","url_meta":{"origin":112771,"position":1},"title":"Un gremio de estatales apura el llamado a paritarias y pide respuestas por IOMA","author":"GB","date":"07\/03\/2024","format":false,"excerpt":"FEGEPPBA pidi\u00f3 a la provincia aplicar el acuerdo de reuniones mensuales para revisar paritarias. Preocupaci\u00f3n del gremio estatal por la crisis en IOMA. La Federaci\u00f3n de Gremios Estatales y Particulares de la Provincia de Buenos Aires, (FEGEPPBA) pic\u00f3 en punta y se convirti\u00f3 en el primer gremio de estatales en\u2026","rel":"","context":"En \u00abProvincia\u00bb","block_context":{"text":"Provincia","link":"https:\/\/www.24baires.com\/?cat=40"},"img":{"alt_text":"","src":"https:\/\/i0.wp.com\/www.24baires.com\/wp-content\/uploads\/2024\/03\/paritarias-estatales.webp?resize=350%2C200","width":350,"height":200,"srcset":"https:\/\/i0.wp.com\/www.24baires.com\/wp-content\/uploads\/2024\/03\/paritarias-estatales.webp?resize=350%2C200 1x, https:\/\/i0.wp.com\/www.24baires.com\/wp-content\/uploads\/2024\/03\/paritarias-estatales.webp?resize=525%2C300 1.5x, https:\/\/i0.wp.com\/www.24baires.com\/wp-content\/uploads\/2024\/03\/paritarias-estatales.webp?resize=700%2C400 2x"},"classes":[]},{"id":112408,"url":"https:\/\/www.24baires.com\/?p=112408","url_meta":{"origin":112771,"position":2},"title":"Preocupaci\u00f3n y malestar en FEGEPPBA por la falta de respuesta a los planteos salariales","author":"GB","date":"08\/10\/2019","format":false,"excerpt":"La Federaci\u00f3n que agrupa a buena parte de los gremios estatales se declar\u00f3 en estado \u201cde alerta y asamblea permanente\u201d a la espera de una reuni\u00f3n con el Gobierno. Piden que se ejecute una \u201ccl\u00e1usula gatillo\u201d por el notable deterioro del poder adquisitivo de los salarios. La Federaci\u00f3n de Gremios\u2026","rel":"","context":"En \u00abProvincia\u00bb","block_context":{"text":"Provincia","link":"https:\/\/www.24baires.com\/?cat=40"},"img":{"alt_text":"","src":"https:\/\/i0.wp.com\/www.24baires.com\/wp-content\/uploads\/2019\/10\/fegepba.jpg?resize=350%2C200","width":350,"height":200,"srcset":"https:\/\/i0.wp.com\/www.24baires.com\/wp-content\/uploads\/2019\/10\/fegepba.jpg?resize=350%2C200 1x, https:\/\/i0.wp.com\/www.24baires.com\/wp-content\/uploads\/2019\/10\/fegepba.jpg?resize=525%2C300 1.5x"},"classes":[]},{"id":121441,"url":"https:\/\/www.24baires.com\/?p=121441","url_meta":{"origin":112771,"position":3},"title":"Provincia llamar\u00e1 a paritarias para negociar el aumento de sueldos de estatales","author":"GB","date":"24\/06\/2024","format":false,"excerpt":"En las pr\u00f3ximas horas, el gobierno bonaerense definir\u00e1 la fecha para convocar a los distintos gremios y discutir el aumento salarial, en medio de un panorama financiero complejo para Provincia y tras la negativa de adelantar el pago de aguinaldos. Seg\u00fan informaron a un medio local, desde el gobierno de\u2026","rel":"","context":"En \u00abProvincia\u00bb","block_context":{"text":"Provincia","link":"https:\/\/www.24baires.com\/?cat=40"},"img":{"alt_text":"","src":"https:\/\/i0.wp.com\/www.24baires.com\/wp-content\/uploads\/2024\/03\/paritarias-estatales.webp?resize=350%2C200","width":350,"height":200,"srcset":"https:\/\/i0.wp.com\/www.24baires.com\/wp-content\/uploads\/2024\/03\/paritarias-estatales.webp?resize=350%2C200 1x, https:\/\/i0.wp.com\/www.24baires.com\/wp-content\/uploads\/2024\/03\/paritarias-estatales.webp?resize=525%2C300 1.5x, https:\/\/i0.wp.com\/www.24baires.com\/wp-content\/uploads\/2024\/03\/paritarias-estatales.webp?resize=700%2C400 2x"},"classes":[]},{"id":119997,"url":"https:\/\/www.24baires.com\/?p=119997","url_meta":{"origin":112771,"position":4},"title":"Paritaria: un gremio le reclama a Kicillof volver a discutir los sueldos","author":"GB","date":"13\/04\/2023","format":false,"excerpt":"Frente a la inflaci\u00f3n, un gremio de estatales le envi\u00f3 una carta al gobierno bonaerense para activar la cl\u00e1usula de revisi\u00f3n y monitoreo de la paritaria. En el marco del alza inflacionaria que no da descanso a los bolsillos, desde la Federaci\u00f3n de Gremios Estatales y Particulares de la provincia\u2026","rel":"","context":"En \u00abProvincia\u00bb","block_context":{"text":"Provincia","link":"https:\/\/www.24baires.com\/?cat=40"},"img":{"alt_text":"","src":"https:\/\/i0.wp.com\/www.24baires.com\/wp-content\/uploads\/2023\/04\/paritaria.jpg?resize=350%2C200","width":350,"height":200,"srcset":"https:\/\/i0.wp.com\/www.24baires.com\/wp-content\/uploads\/2023\/04\/paritaria.jpg?resize=350%2C200 1x, https:\/\/i0.wp.com\/www.24baires.com\/wp-content\/uploads\/2023\/04\/paritaria.jpg?resize=525%2C300 1.5x, https:\/\/i0.wp.com\/www.24baires.com\/wp-content\/uploads\/2023\/04\/paritaria.jpg?resize=700%2C400 2x"},"classes":[]},{"id":120056,"url":"https:\/\/www.24baires.com\/?p=120056","url_meta":{"origin":112771,"position":5},"title":"Provincia arranca la semana con reuniones paritarias","author":"GB","date":"02\/05\/2023","format":false,"excerpt":"Tras el pedido de los gremios, el gobierno de Axel Kicillof acept\u00f3 adelantar la negociaci\u00f3n para volver a discutir salarios. Los docentes y los gremios estatales bonaerenses volver\u00e1n a sentarse con las autoridades provinciales para discutir los aumentos salariales. El gobierno de Axel Kicillof acept\u00f3 el pedido de los sindicatos\u2026","rel":"","context":"En \u00abProvincia\u00bb","block_context":{"text":"Provincia","link":"https:\/\/www.24baires.com\/?cat=40"},"img":{"alt_text":"","src":"https:\/\/i0.wp.com\/www.24baires.com\/wp-content\/uploads\/2023\/02\/paritariasjpg.jpg?resize=350%2C200","width":350,"height":200,"srcset":"https:\/\/i0.wp.com\/www.24baires.com\/wp-content\/uploads\/2023\/02\/paritariasjpg.jpg?resize=350%2C200 1x, https:\/\/i0.wp.com\/www.24baires.com\/wp-content\/uploads\/2023\/02\/paritariasjpg.jpg?resize=525%2C300 1.5x, https:\/\/i0.wp.com\/www.24baires.com\/wp-content\/uploads\/2023\/02\/paritariasjpg.jpg?resize=700%2C400 2x"},"classes":[]}],"jetpack_sharing_enabled":true,"jetpack_likes_enabled":true,"jetpack_featured_media_url":"","_links":{"self":[{"href":"https:\/\/www.24baires.com\/index.php?rest_route=\/wp\/v2\/posts\/112771","targetHints":{"allow":["GET"]}}],"collection":[{"href":"https:\/\/www.24baires.com\/index.php?rest_route=\/wp\/v2\/posts"}],"about":[{"href":"https:\/\/www.24baires.com\/index.php?rest_route=\/wp\/v2\/types\/post"}],"author":[{"embeddable":true,"href":"https:\/\/www.24baires.com\/index.php?rest_route=\/wp\/v2\/users\/8"}],"replies":[{"embeddable":true,"href":"https:\/\/www.24baires.com\/index.php?rest_route=%2Fwp%2Fv2%2Fcomments&post=112771"}],"version-history":[{"count":1,"href":"https:\/\/www.24baires.com\/index.php?rest_route=\/wp\/v2\/posts\/112771\/revisions"}],"predecessor-version":[{"id":112773,"href":"https:\/\/www.24baires.com\/index.php?rest_route=\/wp\/v2\/posts\/112771\/revisions\/112773"}],"wp:attachment":[{"href":"https:\/\/www.24baires.com\/index.php?rest_route=%2Fwp%2Fv2%2Fmedia&parent=112771"}],"wp:term":[{"taxonomy":"category","embeddable":true,"href":"https:\/\/www.24baires.com\/index.php?rest_route=%2Fwp%2Fv2%2Fcategories&post=112771"},{"taxonomy":"post_tag","embeddable":true,"href":"https:\/\/www.24baires.com\/index.php?rest_route=%2Fwp%2Fv2%2Ftags&post=112771"}],"curies":[{"name":"wp","href":"https:\/\/api.w.org\/{rel}","templated":true}]}}