{"id":112769,"date":"2019-10-29T19:30:31","date_gmt":"2019-10-29T22:30:31","guid":{"rendered":"http:\/\/www.24baires.com\/?p=112769"},"modified":"2019-10-29T20:48:40","modified_gmt":"2019-10-29T23:48:40","slug":"macri-se-va-aumentando-hasta-el-precio-de-productos-esenciales","status":"publish","type":"post","link":"https:\/\/www.24baires.com\/?p=112769","title":{"rendered":"Macri se va aumentando hasta el precio de Productos Esenciales"},"content":{"rendered":"<p><img data-recalc-dims=\"1\" loading=\"lazy\" decoding=\"async\" src=\"https:\/\/i0.wp.com\/www.24baires.com\/wp-content\/uploads\/2016\/12\/supermercado.jpg?resize=560%2C311\" alt=\"\" width=\"560\" height=\"311\" class=\"aligncenter size-full wp-image-90967\" srcset=\"https:\/\/i0.wp.com\/www.24baires.com\/wp-content\/uploads\/2016\/12\/supermercado.jpg?w=560&amp;ssl=1 560w, https:\/\/i0.wp.com\/www.24baires.com\/wp-content\/uploads\/2016\/12\/supermercado.jpg?resize=300%2C167&amp;ssl=1 300w\" sizes=\"auto, (max-width: 560px) 100vw, 560px\" \/>Desde la administraci\u00f3n saliente aseguraron que se est\u00e1n negociando los nuevos t\u00e9rminos para que \u00abest\u00e9n disponibles hasta enero\u00bb.<!--more--><\/p>\n<p>El programa de Productos esenciales, que congel\u00f3 los precios de 64 \u00edtems de la canasta b\u00e1sica, seguir\u00e1 al menos hasta enero de 2020 si llegan a buen puerto las negociaciones del Gobierno saliente de Mauricio Macri con los empresarios que los producen.<\/p>\n<p>Los \u00edtems de Productos Esenciales ser\u00edan incorporados a Precios Cuidados, pero los empresarios pidieron que sea con un aumento de entre el 10% y el 20% para cubrir los costos por inflaci\u00f3n, inform\u00f3 el diario La Naci\u00f3n.<\/p>\n<p>Desde el Ministerio de Producci\u00f3n y Empleo informaron que en el Gobierno \u00abest\u00e1n viendo ahora caso por caso y con cada una de las empresas\u00bb que aportan sus productos al programa para negociar su incorporaci\u00f3n a Precios Cuidados.<\/p>\n<p>\u00abEs claro que en algunos productos habr\u00e1 aumentos y en otros no\u00bb, explicaron.<\/p>\n<p>El programa de Productos Esenciales fue lanzado hace seis meses y vence este martes, y desde la empresas involucradas esperan prorrogarlo hasta enero de 2020 para negociar con el gobierno que asumir\u00e1 el 10 de diciembre.<\/p>\n<p>Desde la administraci\u00f3n actual afirmaron que se busca que los productos \u00abse incluyan a Precios Cuidados\u00bb aunque haya algunos al que haya que \u00abtocarle el precio\u00bb, y que \u00abla idea es que est\u00e9n disponibles hasta enero\u00bb.<\/p>\n<p>Los Productos Esenciales fueron descriptos como de \u00abprimer\u00edsima necesidad\u00bb por los funcionarios de la Secretar\u00eda de Comercio Interior, a cargo de Ignacio Werner, y por eso se los sac\u00f3 de la lista de Precios Cuidados que fue instaurada en 2014 durante el gobierno de Cristina Kirchner para darles un r\u00e9gimen propio de valores.<\/p>\n","protected":false},"excerpt":{"rendered":"<p>Desde la administraci\u00f3n saliente aseguraron que se est\u00e1n negociando los nuevos t\u00e9rminos para que \u00abest\u00e9n disponibles hasta enero\u00bb.<\/p>\n","protected":false},"author":4,"featured_media":0,"comment_status":"open","ping_status":"open","sticky":false,"template":"","format":"standard","meta":{"_jetpack_newsletter_access":"","_jetpack_dont_email_post_to_subs":false,"_jetpack_newsletter_tier_id":0,"_jetpack_memberships_contains_paywalled_content":false,"_jetpack_memberships_contains_paid_content":false,"footnotes":""},"categories":[45],"tags":[],"class_list":["post-112769","post","type-post","status-publish","format-standard","hentry","category-economia"],"jetpack_featured_media_url":"","jetpack_shortlink":"https:\/\/wp.me\/p2JWE0-tkR","jetpack-related-posts":[{"id":112026,"url":"https:\/\/www.24baires.com\/?p=112026","url_meta":{"origin":112769,"position":0},"title":"Renovaron el programa \u00abPrecios Cuidados\u00bb hasta enero","author":"AF","date":"10\/09\/2019","format":false,"excerpt":"El acuerdo anterior hab\u00eda vencido el s\u00e1bado y se negoci\u00f3 hasta \u00faltimo momento. El gobierno nacional anunci\u00f3 este martes por la tarde la renovaci\u00f3n del programa Precios Cuidados, con incrementos que rondan en promedio el 4,66% en comparaci\u00f3n con mayo, y que regir\u00e1 hasta enero. Se trata de una lista\u2026","rel":"","context":"En \u00abEconom\u00eda\u00bb","block_context":{"text":"Econom\u00eda","link":"https:\/\/www.24baires.com\/?cat=45"},"img":{"alt_text":"","src":"https:\/\/i0.wp.com\/www.24baires.com\/wp-content\/uploads\/2018\/09\/precios-cuidados.jpg?resize=350%2C200","width":350,"height":200,"srcset":"https:\/\/i0.wp.com\/www.24baires.com\/wp-content\/uploads\/2018\/09\/precios-cuidados.jpg?resize=350%2C200 1x, https:\/\/i0.wp.com\/www.24baires.com\/wp-content\/uploads\/2018\/09\/precios-cuidados.jpg?resize=525%2C300 1.5x"},"classes":[]},{"id":107861,"url":"https:\/\/www.24baires.com\/?p=107861","url_meta":{"origin":112769,"position":1},"title":"Kicillof: \u00abEl Gobierno decidi\u00f3 darle el control del tipo de cambio al FMI\u00bb","author":"AF","date":"28\/04\/2019","format":false,"excerpt":"El ex ministro de Econom\u00eda y actual Diputado Nacional de Unidad Ciudadana encendi\u00f3 la alarma sobre la proyecci\u00f3n de la inflaci\u00f3n y critic\u00f3 las medidas del oficialismo para intentar contener el alza de precios y reactivar el consumo. Axel Kicillof consider\u00f3 \u201cuna medida de alivio que toma Macri para aliviar\u2026","rel":"","context":"En \u00abPol\u00edtica\u00bb","block_context":{"text":"Pol\u00edtica","link":"https:\/\/www.24baires.com\/?cat=51"},"img":{"alt_text":"","src":"https:\/\/i0.wp.com\/www.24baires.com\/wp-content\/uploads\/2014\/07\/kicillof.jpg?resize=350%2C200","width":350,"height":200,"srcset":"https:\/\/i0.wp.com\/www.24baires.com\/wp-content\/uploads\/2014\/07\/kicillof.jpg?resize=350%2C200 1x, https:\/\/i0.wp.com\/www.24baires.com\/wp-content\/uploads\/2014\/07\/kicillof.jpg?resize=525%2C300 1.5x"},"classes":[]},{"id":77323,"url":"https:\/\/www.24baires.com\/?p=77323","url_meta":{"origin":112769,"position":2},"title":"Relanzan Precios Cuidados: durar\u00e1 4 meses y tendr\u00e1 subas del 9%","author":"GB","date":"07\/01\/2016","format":false,"excerpt":"El programa que ide\u00f3 el kirchnerismo llegar\u00e1 con una menor oferta de productos. Las discrepancias entre el Ejecutivo y las empresas respecto a los aumentos hicieron que las negociaciones sobre dos productos claves a\u00fan no est\u00e9n cerradas. La administraci\u00f3n de Mauricio Macri firmar\u00e1 hoy una nueva etapa del programa Precios\u2026","rel":"","context":"En \u00abEconom\u00eda\u00bb","block_context":{"text":"Econom\u00eda","link":"https:\/\/www.24baires.com\/?cat=45"},"img":{"alt_text":"","src":"","width":0,"height":0},"classes":[]},{"id":107603,"url":"https:\/\/www.24baires.com\/?p=107603","url_meta":{"origin":112769,"position":3},"title":"Supermercados advierten por desabastecimiento si congelan los precios","author":"GB","date":"10\/04\/2019","format":false,"excerpt":"La reacci\u00f3n de las cadenas comerciales se da mientras el Gobierno nacional negocia un programa para estimular el consumo en los sectores populares. Desde la Secretar\u00eda de Comercio est\u00e1n trabajando contrareloj para consensuar, con las empresas de consumo masivo, una lista de entre 30 y 40 productos de la canasta\u2026","rel":"","context":"En \u00abConsumidores\u00bb","block_context":{"text":"Consumidores","link":"https:\/\/www.24baires.com\/?cat=78"},"img":{"alt_text":"","src":"https:\/\/i0.wp.com\/www.24baires.com\/wp-content\/uploads\/2016\/05\/supermercado-vac%C3%ADo.jpg?resize=350%2C200","width":350,"height":200,"srcset":"https:\/\/i0.wp.com\/www.24baires.com\/wp-content\/uploads\/2016\/05\/supermercado-vac%C3%ADo.jpg?resize=350%2C200 1x, https:\/\/i0.wp.com\/www.24baires.com\/wp-content\/uploads\/2016\/05\/supermercado-vac%C3%ADo.jpg?resize=525%2C300 1.5x"},"classes":[]},{"id":118426,"url":"https:\/\/www.24baires.com\/?p=118426","url_meta":{"origin":112769,"position":4},"title":"Vuelve Precios Cuidados","author":"GB","date":"07\/01\/2022","format":false,"excerpt":"Este viernes termina el congelamiento de precios y el Gobierno negocia con 100 empresas el relanzamiento del programa Precios Cuidados. El congelamiento de precios de consumo masivo termina este viernes, por lo que el Gobierno continuar\u00e1 con pol\u00edticas de regulaci\u00f3n, en l\u00ednea con el acuerdo de precios y salarios que\u2026","rel":"","context":"En \u00abEconom\u00eda\u00bb","block_context":{"text":"Econom\u00eda","link":"https:\/\/www.24baires.com\/?cat=45"},"img":{"alt_text":"","src":"https:\/\/i0.wp.com\/www.24baires.com\/wp-content\/uploads\/2018\/09\/precios-cuidados.jpg?resize=350%2C200","width":350,"height":200,"srcset":"https:\/\/i0.wp.com\/www.24baires.com\/wp-content\/uploads\/2018\/09\/precios-cuidados.jpg?resize=350%2C200 1x, https:\/\/i0.wp.com\/www.24baires.com\/wp-content\/uploads\/2018\/09\/precios-cuidados.jpg?resize=525%2C300 1.5x"},"classes":[]},{"id":104332,"url":"https:\/\/www.24baires.com\/?p=104332","url_meta":{"origin":112769,"position":5},"title":"El gobierno renov\u00f3 Precios Cuidados con m\u00e1s de 550 productos","author":"GB","date":"07\/09\/2018","format":false,"excerpt":"Luego de arduas negociaciones con las c\u00e1maras empresarias, anunciaron la renovaci\u00f3n del programa con la incorporaci\u00f3n de 127 alimentos y bebidas de la canasta b\u00e1sica. La medida se da en el marco de la crisis econ\u00f3mica que afecta al poder adquisitivo de los trabajadores. La crisis econ\u00f3mica oblig\u00f3 al gobierno\u2026","rel":"","context":"En \u00abConsumidores\u00bb","block_context":{"text":"Consumidores","link":"https:\/\/www.24baires.com\/?cat=78"},"img":{"alt_text":"","src":"https:\/\/i0.wp.com\/www.24baires.com\/wp-content\/uploads\/2018\/09\/precios-cuidados.jpg?resize=350%2C200","width":350,"height":200,"srcset":"https:\/\/i0.wp.com\/www.24baires.com\/wp-content\/uploads\/2018\/09\/precios-cuidados.jpg?resize=350%2C200 1x, https:\/\/i0.wp.com\/www.24baires.com\/wp-content\/uploads\/2018\/09\/precios-cuidados.jpg?resize=525%2C300 1.5x"},"classes":[]}],"jetpack_sharing_enabled":true,"jetpack_likes_enabled":true,"_links":{"self":[{"href":"https:\/\/www.24baires.com\/index.php?rest_route=\/wp\/v2\/posts\/112769","targetHints":{"allow":["GET"]}}],"collection":[{"href":"https:\/\/www.24baires.com\/index.php?rest_route=\/wp\/v2\/posts"}],"about":[{"href":"https:\/\/www.24baires.com\/index.php?rest_route=\/wp\/v2\/types\/post"}],"author":[{"embeddable":true,"href":"https:\/\/www.24baires.com\/index.php?rest_route=\/wp\/v2\/users\/4"}],"replies":[{"embeddable":true,"href":"https:\/\/www.24baires.com\/index.php?rest_route=%2Fwp%2Fv2%2Fcomments&post=112769"}],"version-history":[{"count":1,"href":"https:\/\/www.24baires.com\/index.php?rest_route=\/wp\/v2\/posts\/112769\/revisions"}],"predecessor-version":[{"id":112770,"href":"https:\/\/www.24baires.com\/index.php?rest_route=\/wp\/v2\/posts\/112769\/revisions\/112770"}],"wp:attachment":[{"href":"https:\/\/www.24baires.com\/index.php?rest_route=%2Fwp%2Fv2%2Fmedia&parent=112769"}],"wp:term":[{"taxonomy":"category","embeddable":true,"href":"https:\/\/www.24baires.com\/index.php?rest_route=%2Fwp%2Fv2%2Fcategories&post=112769"},{"taxonomy":"post_tag","embeddable":true,"href":"https:\/\/www.24baires.com\/index.php?rest_route=%2Fwp%2Fv2%2Ftags&post=112769"}],"curies":[{"name":"wp","href":"https:\/\/api.w.org\/{rel}","templated":true}]}}