{"id":112758,"date":"2019-10-29T10:00:43","date_gmt":"2019-10-29T13:00:43","guid":{"rendered":"http:\/\/www.24baires.com\/?p=112758"},"modified":"2019-10-29T09:46:26","modified_gmt":"2019-10-29T12:46:26","slug":"cicop-le-pidio-a-kicillof-que-detenga-el-deterioro-del-sistema-de-salud-publica","status":"publish","type":"post","link":"https:\/\/www.24baires.com\/?p=112758","title":{"rendered":"Cicop le pidi\u00f3 a Kicillof que detenga \u00abel deterioro\u00bb del sistema de salud p\u00fablica"},"content":{"rendered":"<p><img data-recalc-dims=\"1\" loading=\"lazy\" decoding=\"async\" src=\"https:\/\/i0.wp.com\/www.24baires.com\/wp-content\/uploads\/2019\/04\/cicop-salud.jpg?resize=560%2C349\" alt=\"\" width=\"560\" height=\"349\" class=\"aligncenter size-full wp-image-107663\" srcset=\"https:\/\/i0.wp.com\/www.24baires.com\/wp-content\/uploads\/2019\/04\/cicop-salud.jpg?w=560&amp;ssl=1 560w, https:\/\/i0.wp.com\/www.24baires.com\/wp-content\/uploads\/2019\/04\/cicop-salud.jpg?resize=300%2C187&amp;ssl=1 300w\" sizes=\"auto, (max-width: 560px) 100vw, 560px\" \/>El gremio bonaerense le envi\u00f3 un mensaje al gobernador electo tras la elecci\u00f3n del domingo.<!--more--><\/p>\n<p>El gremio que nuclea a trabajadores y profesionales de la salud bonaerenses, Cicop, lanz\u00f3 un comunicado sobre los resultados de las elecciones del domingo para continuar con sus reclamos. En ese sentido, le solicitaron al gobernador electo, Axel Kicillof, que se comprometa a brindar soluciones ante el mal estado en que se encuestran los hospitales en la provincia.<\/p>\n<p>Entonces, el sindicato se refiri\u00f3 a \u00abquienes tendr\u00e1n la responsabilidad de conducir los destinos de la provincia de Buenos Aires a partir del pr\u00f3ximo 10 de diciembre\u00bb y expresaron: \u201cInstamos a las pr\u00f3ximas autoridades a comprometerse en acciones que tiendan a detener el deterioro en que se encuentra el \u00e1rea, bregando por pol\u00edticas que modifiquen sustancialmente el cuadro actual porque venimos de a\u00f1os de desidia y desinversi\u00f3n, que incluye no s\u00f3lo a la gesti\u00f3n a\u00fan vigente\u00bb.<\/p>\n<p>\u00abEntendemos que la salud debe ser considerada como un derecho y no como un bien de mercado; destacar a las y los trabajadores como fundamentales en el funcionamiento del sistema sanitario; dotar de insumos e infraestructura acordes para una asistencia digna; promover el fortalecimiento del primer nivel de atenci\u00f3n como una instancia imprescindible en el abordaje de los problemas de salud; y desarrollar la producci\u00f3n p\u00fablica de medicamentos\u00bb, a\u00f1adieron.<\/p>\n<p>M\u00e1s adelante, hablaron sobre el paro realizado el pasado mi\u00e9rcoles 23 de octubre, y se\u00f1alaron que \u00abla decisi\u00f3n de volver a manifestar p\u00fablicamente la falta de voluntad del Gobierno provincial en discutir nuevamente salarios a pesar de la estampida inflacionaria en curso, as\u00ed como el incumplimiento de varios de los acuerdos extrasalariales alcanzados en la mesa paritaria, fue, sin dudas, acertada\u00bb.<\/p>\n<p>\u00abInsistimos en que debe asegurarse el pleno funcionamiento del sistema de salud, evitando afectaciones que pudieran devenir de falta de insumos y materiales necesarios para la tarea. La gobernadora Vidal es la responsable de ello hasta el \u00faltimo d\u00eda de su gesti\u00f3n. A la vez, planteamos firmemente que los problemas irresueltos deber\u00e1n ser atendidos con suma urgencia en la etapa que viene. Est\u00e1 en juego la capacidad de respuesta de los efectores ante una demanda creciente, lo que requiere de un abordaje que tenga a salarios y condiciones laborales entre las prioridades inmediatas. Cicop estar\u00e1 dispuesta a dar todos los debates que hagan falta para resolver las problem\u00e1ticas existentes\u00bb, finalizaron.<\/p>\n","protected":false},"excerpt":{"rendered":"<p>El gremio bonaerense le envi\u00f3 un mensaje al gobernador electo tras la elecci\u00f3n del domingo.<\/p>\n","protected":false},"author":8,"featured_media":0,"comment_status":"open","ping_status":"open","sticky":false,"template":"","format":"standard","meta":{"_jetpack_newsletter_access":"","_jetpack_dont_email_post_to_subs":false,"_jetpack_newsletter_tier_id":0,"_jetpack_memberships_contains_paywalled_content":false,"_jetpack_memberships_contains_paid_content":false,"footnotes":""},"categories":[40],"tags":[],"class_list":["post-112758","post","type-post","status-publish","format-standard","hentry","category-provincia"],"jetpack_shortlink":"https:\/\/wp.me\/p2JWE0-tkG","jetpack-related-posts":[{"id":113307,"url":"https:\/\/www.24baires.com\/?p=113307","url_meta":{"origin":112758,"position":0},"title":"Cicop espera que el nuevo gobierno revierta la \u201cdeficitaria\u201d de Vidal","author":"GB","date":"09\/12\/2019","format":false,"excerpt":"El gremio que agrupa a m\u00e9dicos y profesionales de la salud bonaerenses realizaron cr\u00edticas a Cambiemos. A horas de que se produzca el cambio de mando tanto a nivel nacional como en la provincia de Buenos Aires, desde Cicop realizar un balance sobre la gesti\u00f3n de la gobernadora Mar\u00eda Eugenia\u2026","rel":"","context":"En \u00abProvincia\u00bb","block_context":{"text":"Provincia","link":"https:\/\/www.24baires.com\/?cat=40"},"img":{"alt_text":"","src":"https:\/\/i0.wp.com\/www.24baires.com\/wp-content\/uploads\/2019\/04\/cicop-salud.jpg?resize=350%2C200","width":350,"height":200,"srcset":"https:\/\/i0.wp.com\/www.24baires.com\/wp-content\/uploads\/2019\/04\/cicop-salud.jpg?resize=350%2C200 1x, https:\/\/i0.wp.com\/www.24baires.com\/wp-content\/uploads\/2019\/04\/cicop-salud.jpg?resize=525%2C300 1.5x"},"classes":[]},{"id":116188,"url":"https:\/\/www.24baires.com\/?p=116188","url_meta":{"origin":112758,"position":1},"title":"Tras el anuncio de Kicillof, estatales reclaman mejoras salariales","author":"AF","date":"10\/09\/2020","format":false,"excerpt":"Luego que el Gobernador anunciara un aumento para los efectivos policiales de la Provincia, m\u00e9dicos, trabajadores del estado, judiciales y docentes exigieron nuevas paritarias. Esta ma\u00f1ana, el gobernador bonaerense Axel Kicillof anunci\u00f3 una bater\u00eda de medidas para la Polic\u00eda de la Provincia de Buenos Aires, entre ellas un aumento salarial.\u2026","rel":"","context":"En \u00abSociedad\u00bb","block_context":{"text":"Sociedad","link":"https:\/\/www.24baires.com\/?cat=1"},"img":{"alt_text":"","src":"https:\/\/i0.wp.com\/www.24baires.com\/wp-content\/uploads\/2020\/09\/cicop.jpeg?resize=350%2C200","width":350,"height":200,"srcset":"https:\/\/i0.wp.com\/www.24baires.com\/wp-content\/uploads\/2020\/09\/cicop.jpeg?resize=350%2C200 1x, https:\/\/i0.wp.com\/www.24baires.com\/wp-content\/uploads\/2020\/09\/cicop.jpeg?resize=525%2C300 1.5x"},"classes":[]},{"id":113155,"url":"https:\/\/www.24baires.com\/?p=113155","url_meta":{"origin":112758,"position":2},"title":"\u00abLe vamos a hacer paro al que sea si se va a seguir ajustando en salud\u00bb, advierte Cicop","author":"GB","date":"27\/11\/2019","format":false,"excerpt":"El gremio que nuclea a trabajadores y profesionales del sector sanitario bonaerense expres\u00f3 cr\u00edticas hacia la gesti\u00f3n de la gobernadora Vidal. La crisis que atraviesa la salud p\u00fablica en la provincia de Buenos Aires es denunciada por Cicop y apunta sus ca\u00f1ones hacia la gesti\u00f3n de la gobernadora, Mar\u00eda Eugenia\u2026","rel":"","context":"En \u00abProvincia\u00bb","block_context":{"text":"Provincia","link":"https:\/\/www.24baires.com\/?cat=40"},"img":{"alt_text":"","src":"https:\/\/i0.wp.com\/www.24baires.com\/wp-content\/uploads\/2019\/04\/cicop-salud.jpg?resize=350%2C200","width":350,"height":200,"srcset":"https:\/\/i0.wp.com\/www.24baires.com\/wp-content\/uploads\/2019\/04\/cicop-salud.jpg?resize=350%2C200 1x, https:\/\/i0.wp.com\/www.24baires.com\/wp-content\/uploads\/2019\/04\/cicop-salud.jpg?resize=525%2C300 1.5x"},"classes":[]},{"id":112810,"url":"https:\/\/www.24baires.com\/?p=112810","url_meta":{"origin":112758,"position":3},"title":"Kicillof se reuni\u00f3 con intendentes bonaerenses","author":"AF","date":"31\/10\/2019","format":false,"excerpt":"El objetivo es lograr una radiograf\u00eda del estado de situaci\u00f3n de la provincia para tener en claro el punto de partida de la pr\u00f3xima gesti\u00f3n. Axel Kicillof se reuni\u00f3 con los intendentes electos del Frente de Todos para recabar sus dudas, inquietudes y preocupaciones a encarar durante la pr\u00f3xima gesti\u00f3n,\u2026","rel":"","context":"En \u00abPol\u00edtica\u00bb","block_context":{"text":"Pol\u00edtica","link":"https:\/\/www.24baires.com\/?cat=51"},"img":{"alt_text":"","src":"https:\/\/i0.wp.com\/www.24baires.com\/wp-content\/uploads\/2019\/07\/kiciloff-magario.jpg?resize=350%2C200","width":350,"height":200,"srcset":"https:\/\/i0.wp.com\/www.24baires.com\/wp-content\/uploads\/2019\/07\/kiciloff-magario.jpg?resize=350%2C200 1x, https:\/\/i0.wp.com\/www.24baires.com\/wp-content\/uploads\/2019\/07\/kiciloff-magario.jpg?resize=525%2C300 1.5x"},"classes":[]},{"id":115348,"url":"https:\/\/www.24baires.com\/?p=115348","url_meta":{"origin":112758,"position":4},"title":"Cicop insiste a Kicillof para la reapertura de paritarias salariales","author":"GB","date":"16\/06\/2020","format":false,"excerpt":"El gremio indic\u00f3 que los sueldos \"contin\u00faan desjerarquizados\" y exigi\u00f3 una \"recomposici\u00f3n urgente\". La Asociaci\u00f3n Sindical de Profesionales de la Salud de la Provincia de Buenos Aires (Cicop) lanz\u00f3 un nuevo reclamo al gobernador Axel Kicillof con el objetivo de la reapertura de paritarias salariales. Recordaron que el acuerdo era\u2026","rel":"","context":"En \u00abProvincia\u00bb","block_context":{"text":"Provincia","link":"https:\/\/www.24baires.com\/?cat=40"},"img":{"alt_text":"","src":"https:\/\/i0.wp.com\/www.24baires.com\/wp-content\/uploads\/2020\/06\/cicop.jpg?resize=350%2C200","width":350,"height":200,"srcset":"https:\/\/i0.wp.com\/www.24baires.com\/wp-content\/uploads\/2020\/06\/cicop.jpg?resize=350%2C200 1x, https:\/\/i0.wp.com\/www.24baires.com\/wp-content\/uploads\/2020\/06\/cicop.jpg?resize=525%2C300 1.5x"},"classes":[]},{"id":112563,"url":"https:\/\/www.24baires.com\/?p=112563","url_meta":{"origin":112758,"position":5},"title":"Judiciales y m\u00e9dicos bonaerenses confluyen en un nuevo paro contra Vidal","author":"GB","date":"21\/10\/2019","format":false,"excerpt":"Tanto la AJB como Cicop llevar\u00e1n a cabo este mi\u00e9rcoles 23 una huelga en todo el territorio bonaerense en busca de que el gobierno los convoque a paritarias. A d\u00edas de las elecciones, dos de los gremios estatales bonaerenses revolvieron continuar con sus reclamos hacia la gobernadora, Mar\u00eda Eugenia Vidal.\u2026","rel":"","context":"En \u00abProvincia\u00bb","block_context":{"text":"Provincia","link":"https:\/\/www.24baires.com\/?cat=40"},"img":{"alt_text":"","src":"https:\/\/i0.wp.com\/www.24baires.com\/wp-content\/uploads\/2017\/09\/judiciales-cicop.jpg?resize=350%2C200","width":350,"height":200,"srcset":"https:\/\/i0.wp.com\/www.24baires.com\/wp-content\/uploads\/2017\/09\/judiciales-cicop.jpg?resize=350%2C200 1x, https:\/\/i0.wp.com\/www.24baires.com\/wp-content\/uploads\/2017\/09\/judiciales-cicop.jpg?resize=525%2C300 1.5x"},"classes":[]}],"jetpack_sharing_enabled":true,"jetpack_likes_enabled":true,"jetpack_featured_media_url":"","_links":{"self":[{"href":"https:\/\/www.24baires.com\/index.php?rest_route=\/wp\/v2\/posts\/112758","targetHints":{"allow":["GET"]}}],"collection":[{"href":"https:\/\/www.24baires.com\/index.php?rest_route=\/wp\/v2\/posts"}],"about":[{"href":"https:\/\/www.24baires.com\/index.php?rest_route=\/wp\/v2\/types\/post"}],"author":[{"embeddable":true,"href":"https:\/\/www.24baires.com\/index.php?rest_route=\/wp\/v2\/users\/8"}],"replies":[{"embeddable":true,"href":"https:\/\/www.24baires.com\/index.php?rest_route=%2Fwp%2Fv2%2Fcomments&post=112758"}],"version-history":[{"count":1,"href":"https:\/\/www.24baires.com\/index.php?rest_route=\/wp\/v2\/posts\/112758\/revisions"}],"predecessor-version":[{"id":112759,"href":"https:\/\/www.24baires.com\/index.php?rest_route=\/wp\/v2\/posts\/112758\/revisions\/112759"}],"wp:attachment":[{"href":"https:\/\/www.24baires.com\/index.php?rest_route=%2Fwp%2Fv2%2Fmedia&parent=112758"}],"wp:term":[{"taxonomy":"category","embeddable":true,"href":"https:\/\/www.24baires.com\/index.php?rest_route=%2Fwp%2Fv2%2Fcategories&post=112758"},{"taxonomy":"post_tag","embeddable":true,"href":"https:\/\/www.24baires.com\/index.php?rest_route=%2Fwp%2Fv2%2Ftags&post=112758"}],"curies":[{"name":"wp","href":"https:\/\/api.w.org\/{rel}","templated":true}]}}