{"id":11269,"date":"2013-01-05T11:16:29","date_gmt":"2013-01-05T14:16:29","guid":{"rendered":"http:\/\/www.24baires.com\/?p=11269"},"modified":"2013-01-05T12:30:07","modified_gmt":"2013-01-05T15:30:07","slug":"llego-a-miramar-la-primera-formacion-desde-constitucion","status":"publish","type":"post","link":"https:\/\/www.24baires.com\/?p=11269","title":{"rendered":"Lleg\u00f3 a Miramar la primera formaci\u00f3n del tren desde Constituci\u00f3n"},"content":{"rendered":"<p><a href=\"http:\/\/www.24baires.com\/sociedad\/11269-llego-a-miramar-la-primera-formacion-desde-constitucion\/attachment\/tren-en-miramar\/\" rel=\"attachment wp-att-11270\"><img data-recalc-dims=\"1\" loading=\"lazy\" decoding=\"async\" class=\"aligncenter size-full wp-image-11270\" alt=\"tren en miramar\" src=\"https:\/\/i0.wp.com\/www.24baires.com\/wp-content\/uploads\/2013\/01\/tren-en-miramar.jpg?resize=560%2C373\" width=\"560\" height=\"373\" srcset=\"https:\/\/i0.wp.com\/www.24baires.com\/wp-content\/uploads\/2013\/01\/tren-en-miramar.jpg?w=560&amp;ssl=1 560w, https:\/\/i0.wp.com\/www.24baires.com\/wp-content\/uploads\/2013\/01\/tren-en-miramar.jpg?resize=300%2C199&amp;ssl=1 300w\" sizes=\"auto, (max-width: 560px) 100vw, 560px\" \/><\/a>Tras el anuncio de reactivar el servicio de tren Mar del Plata \u2013 Miramar, que llevaba m\u00e1s de dos a\u00f1os inactivo, el pasado viernes lleg\u00f3 a la ciudad balnearia a las 16:15 la primera formaci\u00f3n (1305). Los tres coches trasladaron a los 120 pasajeros. <!--more-->En el arribo estuvieron presentes el Secretario General y de Gobierno, Martin Scarpignato, el Jefe de Enlace y Coordinaci\u00f3n Ejecutiva Luis Garc\u00eda Martelli; la Secretaria de Turismo y Cultura, Maria Eugenia Bove, dem\u00e1s funcionarios Municipales y directivos de Ferrobaires.<\/p>\n<p>&nbsp;<\/p>\n<p>&nbsp;<\/p>\n<p>&nbsp;<\/p>\n<p>&nbsp;<\/p>\n<p>&nbsp;<\/p>\n<p>&nbsp;<\/p>\n<p>&nbsp;<\/p>\n<p>&nbsp;<\/p>\n<p>&nbsp;<\/p>\n<p>&nbsp;<\/p>\n<p>&nbsp;<\/p>\n<p>&nbsp;<\/p>\n<p>&nbsp;<\/p>\n<p>&nbsp;<\/p>\n<p>&nbsp;<\/p>\n<p>&nbsp;<\/p>\n<p>&nbsp;<\/p>\n<p>&nbsp;<\/p>\n<p>&nbsp;<\/p>\n<p>&nbsp;<\/p>\n<p>&nbsp;<\/p>\n<p>&nbsp;<\/p>\n<p>&nbsp;<\/p>\n<p>&nbsp;<\/p>\n<p>&nbsp;<\/p>\n<p>&nbsp;<\/p>\n<p>&nbsp;<\/p>\n<p>&nbsp;<\/p>\n<p>&nbsp;<\/p>\n<p>&nbsp;<\/p>\n<p>&nbsp;<\/p>\n<p>&nbsp;<\/p>\n<p>&nbsp;<\/p>\n<p>&nbsp;<\/p>\n<p>&nbsp;<\/p>\n<p>&nbsp;<\/p>\n<p>&nbsp;<\/p>\n","protected":false},"excerpt":{"rendered":"<p>Tras el anuncio de reactivar el servicio de tren Mar del Plata \u2013 Miramar, que llevaba m\u00e1s de dos a\u00f1os inactivo, el pasado viernes lleg\u00f3 a la ciudad balnearia a las 16:15 la primera formaci\u00f3n (1305). Los tres coches trasladaron a los 120 pasajeros.<\/p>\n","protected":false},"author":4,"featured_media":0,"comment_status":"open","ping_status":"open","sticky":false,"template":"","format":"standard","meta":{"_jetpack_newsletter_access":"","_jetpack_dont_email_post_to_subs":false,"_jetpack_newsletter_tier_id":0,"_jetpack_memberships_contains_paywalled_content":false,"_jetpack_memberships_contains_paid_content":false,"footnotes":""},"categories":[1],"tags":[],"class_list":["post-11269","post","type-post","status-publish","format-standard","hentry","category-sociedad"],"jetpack_featured_media_url":"","jetpack_shortlink":"https:\/\/wp.me\/p2JWE0-2VL","jetpack-related-posts":[{"id":9821,"url":"https:\/\/www.24baires.com\/?p=9821","url_meta":{"origin":11269,"position":0},"title":"Anunciaron la reactivaci\u00f3n del tren Mar del Plata &#8211; Miramar","author":"AF","date":"20\/12\/2012","format":false,"excerpt":"El Gobernador anunci\u00f3 la reactivaci\u00f3n del servicio Mar del Plata - Miramar. Se concretar\u00e1 el pr\u00f3ximo viernes 4 de enero tras 2 a\u00f1os de inactividad, tramo que se sumar\u00e1 al recorrido que comienza en Constituci\u00f3n. El administrador General de Ferrobaires, Antonio Maltana, detall\u00f3 que este a\u00f1o se registr\u00f3 una venta\u2026","rel":"","context":"En \u00abLocales\u00bb","block_context":{"text":"Locales","link":"https:\/\/www.24baires.com\/?cat=38"},"img":{"alt_text":"scioli hogan","src":"https:\/\/i0.wp.com\/www.24baires.com\/wp-content\/uploads\/2012\/12\/scioli-hogan-300x199.jpg?resize=350%2C200","width":350,"height":200},"classes":[]},{"id":114589,"url":"https:\/\/www.24baires.com\/?p=114589","url_meta":{"origin":11269,"position":1},"title":"Despidieron a 200 obreros en Miramar","author":"AF","date":"02\/04\/2020","format":false,"excerpt":"Se trata de trabajadores que se desempe\u00f1aban en la construcci\u00f3n de un parque e\u00f3lico. Fueron despedidos a pesar de la prohibici\u00f3n. A pesar del decreto presidencial que prohibi\u00f3 los despidos y suspensiones por 60 d\u00edas, en el parque e\u00f3lico \"Vientos de Miramar\", se avanz\u00f3 con el cesanteo de 200 obreros\u2026","rel":"","context":"En \u00abLocales\u00bb","block_context":{"text":"Locales","link":"https:\/\/www.24baires.com\/?cat=38"},"img":{"alt_text":"","src":"https:\/\/i0.wp.com\/www.24baires.com\/wp-content\/uploads\/2020\/04\/parque-miramar.jpg?resize=350%2C200","width":350,"height":200,"srcset":"https:\/\/i0.wp.com\/www.24baires.com\/wp-content\/uploads\/2020\/04\/parque-miramar.jpg?resize=350%2C200 1x, https:\/\/i0.wp.com\/www.24baires.com\/wp-content\/uploads\/2020\/04\/parque-miramar.jpg?resize=525%2C300 1.5x"},"classes":[]},{"id":44283,"url":"https:\/\/www.24baires.com\/?p=44283","url_meta":{"origin":11269,"position":2},"title":"Miramar listo para romper el huevo de Pascua gigante","author":"GB","date":"20\/04\/2014","format":false,"excerpt":"La inmensidad del huevo de pascua gigante de 7,3 metros y 3.000 kilos de chocolate es sin duda la verdadera atracci\u00f3n de esta Semana Santa en Miramar. El trabajo artesanal del maestro pastelero, Walter Aragon\u00e9s es sencillamente admirable ya que durante varias horas se pasa de un lado a otro\u2026","rel":"","context":"En \u00abMunicipios\u00bb","block_context":{"text":"Municipios","link":"https:\/\/www.24baires.com\/?cat=44"},"img":{"alt_text":"huevo gigante","src":"https:\/\/i0.wp.com\/www.24baires.com\/wp-content\/uploads\/2014\/04\/huevo-gigante.jpg?resize=350%2C200","width":350,"height":200,"srcset":"https:\/\/i0.wp.com\/www.24baires.com\/wp-content\/uploads\/2014\/04\/huevo-gigante.jpg?resize=350%2C200 1x, https:\/\/i0.wp.com\/www.24baires.com\/wp-content\/uploads\/2014\/04\/huevo-gigante.jpg?resize=525%2C300 1.5x"},"classes":[]},{"id":40451,"url":"https:\/\/www.24baires.com\/?p=40451","url_meta":{"origin":11269,"position":3},"title":"La Plata y Brandsen quedar\u00edan unidas nuevamente por el tren","author":"Grupo Sierra","date":"14\/02\/2014","format":false,"excerpt":"LA PLATA- Vecinos, dirigentes sociales, empresarios, autoridades universitarias y diputados nacionales acordaron conformar una Mesa Coordinadora para avanzar en la vuelta del servicio tanto de pasajeros como de carga. Por su parte, legisladores se comprometieron a hacer llegar el pedido de los vecinos al Congreso Nacional y adelantaron que presentar\u00e1n\u2026","rel":"","context":"En \u00abProvincia\u00bb","block_context":{"text":"Provincia","link":"https:\/\/www.24baires.com\/?cat=40"},"img":{"alt_text":"tren en miramar","src":"https:\/\/i0.wp.com\/www.24baires.com\/wp-content\/uploads\/2013\/01\/tren-en-miramar.jpg?resize=350%2C200","width":350,"height":200,"srcset":"https:\/\/i0.wp.com\/www.24baires.com\/wp-content\/uploads\/2013\/01\/tren-en-miramar.jpg?resize=350%2C200 1x, https:\/\/i0.wp.com\/www.24baires.com\/wp-content\/uploads\/2013\/01\/tren-en-miramar.jpg?resize=525%2C300 1.5x"},"classes":[]},{"id":12650,"url":"https:\/\/www.24baires.com\/?p=12650","url_meta":{"origin":11269,"position":4},"title":"Contin\u00faa suspendido el servicio de trenes a Mar del Plata","author":"AF","date":"18\/01\/2013","format":false,"excerpt":"Ferrobaires aclar\u00f3 que la decisi\u00f3n es transitoria y fue adoptada por la falta de confort de los vagones que hab\u00edan sido maltratados. La Provincia suspendi\u00f3 en forma transitoria el servicio de trenes entre Constituci\u00f3n y Mar del Plata. Los pasajeros son trasladados en \u00f3mnibus contratados por Ferrobaires. La decisi\u00f3n fue\u2026","rel":"","context":"En \u00abProvincia\u00bb","block_context":{"text":"Provincia","link":"https:\/\/www.24baires.com\/?cat=40"},"img":{"alt_text":"tren en miramar","src":"https:\/\/i0.wp.com\/www.24baires.com\/wp-content\/uploads\/2013\/01\/tren-en-miramar-300x199.jpg?resize=350%2C200","width":350,"height":200},"classes":[]},{"id":41155,"url":"https:\/\/www.24baires.com\/?p=41155","url_meta":{"origin":11269,"position":5},"title":"Randazzo: \u00abPara Julio tendremos todo el Sarmiento nuevo\u00bb","author":"Grupo Sierra","date":"26\/02\/2014","format":false,"excerpt":"El ministro de Interior y Transporte y el Jefe de Gabinete, Jorge Capitanich, presentaron la primera de las 25 formaciones 0 kil\u00f3metro de origen chino que el Gobierno compr\u00f3 para renovar de manera integral el ramal. Las nuevas unidades cuentan con mayores medidas de seguridad, frenos alemanes y un sistema\u2026","rel":"","context":"En \u00abSociedad\u00bb","block_context":{"text":"Sociedad","link":"https:\/\/www.24baires.com\/?cat=1"},"img":{"alt_text":"tren","src":"https:\/\/i0.wp.com\/www.24baires.com\/wp-content\/uploads\/2014\/02\/tren.jpg?resize=350%2C200","width":350,"height":200,"srcset":"https:\/\/i0.wp.com\/www.24baires.com\/wp-content\/uploads\/2014\/02\/tren.jpg?resize=350%2C200 1x, https:\/\/i0.wp.com\/www.24baires.com\/wp-content\/uploads\/2014\/02\/tren.jpg?resize=525%2C300 1.5x"},"classes":[]}],"jetpack_sharing_enabled":true,"jetpack_likes_enabled":true,"_links":{"self":[{"href":"https:\/\/www.24baires.com\/index.php?rest_route=\/wp\/v2\/posts\/11269","targetHints":{"allow":["GET"]}}],"collection":[{"href":"https:\/\/www.24baires.com\/index.php?rest_route=\/wp\/v2\/posts"}],"about":[{"href":"https:\/\/www.24baires.com\/index.php?rest_route=\/wp\/v2\/types\/post"}],"author":[{"embeddable":true,"href":"https:\/\/www.24baires.com\/index.php?rest_route=\/wp\/v2\/users\/4"}],"replies":[{"embeddable":true,"href":"https:\/\/www.24baires.com\/index.php?rest_route=%2Fwp%2Fv2%2Fcomments&post=11269"}],"version-history":[{"count":3,"href":"https:\/\/www.24baires.com\/index.php?rest_route=\/wp\/v2\/posts\/11269\/revisions"}],"predecessor-version":[{"id":11275,"href":"https:\/\/www.24baires.com\/index.php?rest_route=\/wp\/v2\/posts\/11269\/revisions\/11275"}],"wp:attachment":[{"href":"https:\/\/www.24baires.com\/index.php?rest_route=%2Fwp%2Fv2%2Fmedia&parent=11269"}],"wp:term":[{"taxonomy":"category","embeddable":true,"href":"https:\/\/www.24baires.com\/index.php?rest_route=%2Fwp%2Fv2%2Fcategories&post=11269"},{"taxonomy":"post_tag","embeddable":true,"href":"https:\/\/www.24baires.com\/index.php?rest_route=%2Fwp%2Fv2%2Ftags&post=11269"}],"curies":[{"name":"wp","href":"https:\/\/api.w.org\/{rel}","templated":true}]}}