{"id":112627,"date":"2019-10-24T12:19:32","date_gmt":"2019-10-24T15:19:32","guid":{"rendered":"http:\/\/www.24baires.com\/?p=112627"},"modified":"2019-10-24T08:28:39","modified_gmt":"2019-10-24T11:28:39","slug":"las-ventas-en-supermercados-cayeron-73-y-en-shoppings-67-en-agosto","status":"publish","type":"post","link":"https:\/\/www.24baires.com\/?p=112627","title":{"rendered":"Las ventas en supermercados cayeron 7,3% y en shoppings 6,7% en agosto"},"content":{"rendered":"<p><img data-recalc-dims=\"1\" loading=\"lazy\" decoding=\"async\" src=\"https:\/\/i0.wp.com\/www.24baires.com\/wp-content\/uploads\/2018\/08\/supermercado.jpg?resize=560%2C313\" alt=\"\" width=\"560\" height=\"313\" class=\"aligncenter size-full wp-image-103910\" srcset=\"https:\/\/i0.wp.com\/www.24baires.com\/wp-content\/uploads\/2018\/08\/supermercado.jpg?w=560&amp;ssl=1 560w, https:\/\/i0.wp.com\/www.24baires.com\/wp-content\/uploads\/2018\/08\/supermercado.jpg?resize=300%2C168&amp;ssl=1 300w\" sizes=\"auto, (max-width: 560px) 100vw, 560px\" \/>Las ventas en supermercados cayeron 7,3% en agosto \u00faltimo y en los centros de compras o shoppings bajaron 6,7% en forma interanual, y acumulan 14 meses de continua ca\u00edda, inform\u00f3 este el INDEC.<!--more--><\/p>\n<p>Por otra parte, las ventas en autoservicios mayoristas tambi\u00e9n bajaron en agosto un 10% y arrastran 14 meses de contracci\u00f3n.<\/p>\n<p>La facturaci\u00f3n en julio en los supermercados alcanz\u00f3 a los 59.715,4 millones de pesos, a precios corrientes, es decir midiendo el impacto de la inflaci\u00f3n, y creci\u00f3 un 41,2%, en forma interanual.<\/p>\n<p>Los centros de compras vendieron por un total de 8.809 millones de pesos, tambi\u00e9n a precios corrientes, con una suba interanual del 45,9%<\/p>\n","protected":false},"excerpt":{"rendered":"<p>Las ventas en supermercados cayeron 7,3% en agosto \u00faltimo y en los centros de compras o shoppings bajaron 6,7% en forma interanual, y acumulan 14 meses de continua ca\u00edda, inform\u00f3 este el INDEC.<\/p>\n","protected":false},"author":8,"featured_media":0,"comment_status":"open","ping_status":"open","sticky":false,"template":"","format":"standard","meta":{"_jetpack_newsletter_access":"","_jetpack_dont_email_post_to_subs":false,"_jetpack_newsletter_tier_id":0,"_jetpack_memberships_contains_paywalled_content":false,"_jetpack_memberships_contains_paid_content":false,"footnotes":""},"categories":[45],"tags":[],"class_list":["post-112627","post","type-post","status-publish","format-standard","hentry","category-economia"],"jetpack_featured_media_url":"","jetpack_shortlink":"https:\/\/wp.me\/p2JWE0-tiz","jetpack-related-posts":[{"id":120213,"url":"https:\/\/www.24baires.com\/?p=120213","url_meta":{"origin":112627,"position":0},"title":"Crecieron las ventas en supermercados, mayoristas y shoppings","author":"AF","date":"23\/06\/2023","format":false,"excerpt":"Los datos del Instituto Nacional de Estad\u00edstica y Censos se\u00f1alan que en los supermercados el incremento fue de 3,4%, en los hipermercados mayoristas la suba fue de 7,3 %, mientras que en los grandes centros de compra las ventas de abril estuvieron 15,4% arriba. Las ventas en los supermercados durante\u2026","rel":"","context":"En \u00abEconom\u00eda\u00bb","block_context":{"text":"Econom\u00eda","link":"https:\/\/www.24baires.com\/?cat=45"},"img":{"alt_text":"","src":"https:\/\/i0.wp.com\/www.24baires.com\/wp-content\/uploads\/2016\/12\/supermercado.jpg?resize=350%2C200","width":350,"height":200,"srcset":"https:\/\/i0.wp.com\/www.24baires.com\/wp-content\/uploads\/2016\/12\/supermercado.jpg?resize=350%2C200 1x, https:\/\/i0.wp.com\/www.24baires.com\/wp-content\/uploads\/2016\/12\/supermercado.jpg?resize=525%2C300 1.5x, https:\/\/i0.wp.com\/www.24baires.com\/wp-content\/uploads\/2016\/12\/supermercado.jpg?resize=700%2C400 2x"},"classes":[]},{"id":74354,"url":"https:\/\/www.24baires.com\/?p=74354","url_meta":{"origin":112627,"position":1},"title":"Ventas en supermercados aumentaron 7,6% en septiembre, y 17% en shoppings","author":"GB","date":"29\/10\/2015","format":false,"excerpt":"Es en relaci\u00f3n a igual mes del a\u00f1o pasado, seg\u00fan inform\u00f3 hoy el Indec. Adem\u00e1s, las ventas en los supermercados estuvieron un 10,5% por debajo de las de agosto y en los shoppings retrocedi\u00f3 12,7%. La dependencia oficial precis\u00f3 adem\u00e1s, que las ventas en los supermercados durante septiembre estuvieron un\u2026","rel":"","context":"En \u00abEconom\u00eda\u00bb","block_context":{"text":"Econom\u00eda","link":"https:\/\/www.24baires.com\/?cat=45"},"img":{"alt_text":"shopping interior","src":"https:\/\/i0.wp.com\/www.24baires.com\/wp-content\/uploads\/2012\/12\/shopping-interior.jpg?resize=350%2C200","width":350,"height":200,"srcset":"https:\/\/i0.wp.com\/www.24baires.com\/wp-content\/uploads\/2012\/12\/shopping-interior.jpg?resize=350%2C200 1x, https:\/\/i0.wp.com\/www.24baires.com\/wp-content\/uploads\/2012\/12\/shopping-interior.jpg?resize=525%2C300 1.5x"},"classes":[]},{"id":104627,"url":"https:\/\/www.24baires.com\/?p=104627","url_meta":{"origin":112627,"position":2},"title":"Las ventas en s\u00faper y shoppings cayeron casi 4% durante julio","author":"AF","date":"24\/09\/2018","format":false,"excerpt":"La ca\u00edda del salario real impacta de lleno en el consumo, que se contrae mes a mes y profundiza la recesi\u00f3n en un espiral que se ver\u00e1 reflejado el pr\u00f3ximo jueves cuando se d\u00e9 a conocer el nuevo \u00edndice de pobreza de la Argentina. La profunda crisis econ\u00f3mica y financiera\u2026","rel":"","context":"En \u00abEconom\u00eda\u00bb","block_context":{"text":"Econom\u00eda","link":"https:\/\/www.24baires.com\/?cat=45"},"img":{"alt_text":"","src":"https:\/\/i0.wp.com\/www.24baires.com\/wp-content\/uploads\/2012\/12\/shopping-interior.jpg?resize=350%2C200","width":350,"height":200,"srcset":"https:\/\/i0.wp.com\/www.24baires.com\/wp-content\/uploads\/2012\/12\/shopping-interior.jpg?resize=350%2C200 1x, https:\/\/i0.wp.com\/www.24baires.com\/wp-content\/uploads\/2012\/12\/shopping-interior.jpg?resize=525%2C300 1.5x"},"classes":[]},{"id":111298,"url":"https:\/\/www.24baires.com\/?p=111298","url_meta":{"origin":112627,"position":3},"title":"Las ventas en supermercados y shoppings acumulan 11 meses de ca\u00eddas consecutivas","author":"AF","date":"23\/07\/2019","format":false,"excerpt":"Las ventas en supermercados cayeron 13,5% en mayo pasado contra mismo mes de 2018, mientras que en los shoppings la contracci\u00f3n en el mismo periodo lleg\u00f3 al 18,7%. Los intentos del gobierno de Mauricio Macri por reactivar el consumo de cara a las Primarias Abiertas, Simult\u00e1neas y Obligatorias (PASO), el\u2026","rel":"","context":"En \u00abLocales\u00bb","block_context":{"text":"Locales","link":"https:\/\/www.24baires.com\/?cat=38"},"img":{"alt_text":"","src":"https:\/\/i0.wp.com\/www.24baires.com\/wp-content\/uploads\/2019\/02\/shopping.jpg?resize=350%2C200","width":350,"height":200,"srcset":"https:\/\/i0.wp.com\/www.24baires.com\/wp-content\/uploads\/2019\/02\/shopping.jpg?resize=350%2C200 1x, https:\/\/i0.wp.com\/www.24baires.com\/wp-content\/uploads\/2019\/02\/shopping.jpg?resize=525%2C300 1.5x"},"classes":[]},{"id":118257,"url":"https:\/\/www.24baires.com\/?p=118257","url_meta":{"origin":112627,"position":4},"title":"Las ventas en supermercados crecieron 6,4% en septiembre","author":"AF","date":"25\/11\/2021","format":false,"excerpt":"La mejora en el consumo es en comparaci\u00f3n al mismo mes de 2020. En los comercios y cadenas mayoristas, el incremento fue del 8% interanual, inform\u00f3 el Instituto Nacional de Estad\u00edstica y Censos (Indec). Las ventas en los supermercados crecieron en septiembre 6,4% en relaci\u00f3n a igual mes del a\u00f1o\u2026","rel":"","context":"En \u00abEconom\u00eda\u00bb","block_context":{"text":"Econom\u00eda","link":"https:\/\/www.24baires.com\/?cat=45"},"img":{"alt_text":"","src":"https:\/\/i0.wp.com\/www.24baires.com\/wp-content\/uploads\/2021\/11\/616fe214c0853_900.jpg?resize=350%2C200","width":350,"height":200,"srcset":"https:\/\/i0.wp.com\/www.24baires.com\/wp-content\/uploads\/2021\/11\/616fe214c0853_900.jpg?resize=350%2C200 1x, https:\/\/i0.wp.com\/www.24baires.com\/wp-content\/uploads\/2021\/11\/616fe214c0853_900.jpg?resize=525%2C300 1.5x"},"classes":[]},{"id":108420,"url":"https:\/\/www.24baires.com\/?p=108420","url_meta":{"origin":112627,"position":5},"title":"Se desploman las ventas en supermercados y shoppings","author":"AF","date":"27\/05\/2019","format":false,"excerpt":"En el primero caso la baja interanual fue de 14,5% en marzo, mientras que en el segundo fue de 16,6%. En ambos casos la retracci\u00f3n acumula 9 meses consecutivos. Seg\u00fan inform\u00f3 hoy el INDEC, la facturaci\u00f3n de marzo en los supermercados, a precios corrientes incluyendo el impacto de la inflaci\u00f3n\u2026","rel":"","context":"En \u00abEconom\u00eda\u00bb","block_context":{"text":"Econom\u00eda","link":"https:\/\/www.24baires.com\/?cat=45"},"img":{"alt_text":"","src":"https:\/\/i0.wp.com\/www.24baires.com\/wp-content\/uploads\/2015\/09\/shopping.jpg?resize=350%2C200","width":350,"height":200,"srcset":"https:\/\/i0.wp.com\/www.24baires.com\/wp-content\/uploads\/2015\/09\/shopping.jpg?resize=350%2C200 1x, https:\/\/i0.wp.com\/www.24baires.com\/wp-content\/uploads\/2015\/09\/shopping.jpg?resize=525%2C300 1.5x"},"classes":[]}],"jetpack_sharing_enabled":true,"jetpack_likes_enabled":true,"_links":{"self":[{"href":"https:\/\/www.24baires.com\/index.php?rest_route=\/wp\/v2\/posts\/112627","targetHints":{"allow":["GET"]}}],"collection":[{"href":"https:\/\/www.24baires.com\/index.php?rest_route=\/wp\/v2\/posts"}],"about":[{"href":"https:\/\/www.24baires.com\/index.php?rest_route=\/wp\/v2\/types\/post"}],"author":[{"embeddable":true,"href":"https:\/\/www.24baires.com\/index.php?rest_route=\/wp\/v2\/users\/8"}],"replies":[{"embeddable":true,"href":"https:\/\/www.24baires.com\/index.php?rest_route=%2Fwp%2Fv2%2Fcomments&post=112627"}],"version-history":[{"count":1,"href":"https:\/\/www.24baires.com\/index.php?rest_route=\/wp\/v2\/posts\/112627\/revisions"}],"predecessor-version":[{"id":112628,"href":"https:\/\/www.24baires.com\/index.php?rest_route=\/wp\/v2\/posts\/112627\/revisions\/112628"}],"wp:attachment":[{"href":"https:\/\/www.24baires.com\/index.php?rest_route=%2Fwp%2Fv2%2Fmedia&parent=112627"}],"wp:term":[{"taxonomy":"category","embeddable":true,"href":"https:\/\/www.24baires.com\/index.php?rest_route=%2Fwp%2Fv2%2Fcategories&post=112627"},{"taxonomy":"post_tag","embeddable":true,"href":"https:\/\/www.24baires.com\/index.php?rest_route=%2Fwp%2Fv2%2Ftags&post=112627"}],"curies":[{"name":"wp","href":"https:\/\/api.w.org\/{rel}","templated":true}]}}