{"id":112608,"date":"2019-10-23T15:10:17","date_gmt":"2019-10-23T18:10:17","guid":{"rendered":"http:\/\/www.24baires.com\/?p=112608"},"modified":"2019-10-23T17:00:50","modified_gmt":"2019-10-23T20:00:50","slug":"la-lucha-colectiva","status":"publish","type":"post","link":"https:\/\/www.24baires.com\/?p=112608","title":{"rendered":"La lucha colectiva"},"content":{"rendered":"<p><img data-recalc-dims=\"1\" loading=\"lazy\" decoding=\"async\" class=\"aligncenter size-full wp-image-112609\" src=\"https:\/\/i0.wp.com\/www.24baires.com\/wp-content\/uploads\/2019\/10\/cristina-raverta-axel.jpg?resize=560%2C328\" alt=\"\" width=\"560\" height=\"328\" srcset=\"https:\/\/i0.wp.com\/www.24baires.com\/wp-content\/uploads\/2019\/10\/cristina-raverta-axel.jpg?w=560&amp;ssl=1 560w, https:\/\/i0.wp.com\/www.24baires.com\/wp-content\/uploads\/2019\/10\/cristina-raverta-axel.jpg?resize=300%2C176&amp;ssl=1 300w\" sizes=\"auto, (max-width: 560px) 100vw, 560px\" \/><\/p>\n<p style=\"text-align: right;\"><em>\u201cComo un rayo, para siempre.<\/em><\/p>\n<p style=\"text-align: right;\"><em>Para lo que fue y ser\u00e1\u201d<\/em><\/p>\n<p style=\"text-align: right;\"><em>Fito P\u00e1ez<\/em><\/p>\n<p>No necesito concentrarme para recordar la angustia, la desesperaci\u00f3n de finales de 2015. Porque todav\u00eda las injusticias se repiten con horror, y porque ba\u00f1aron de angustia la superficie de todas las cosas. La amargura de saber que hab\u00edan vuelto los malos de verdad, los ego\u00edstas, los saqueadores de sue\u00f1os, los devoradores de pobres. Estaban ah\u00ed, babeando su hambre de nosotros, inventando lo que no pas\u00f3 para poder esconder la realidad. Esos d\u00edas fueron el terremoto que anticip\u00f3 el peor tsunami.<!--more--><\/p>\n<p>Porque nos lastimaron severo, y para eso necesitaron enemistar a los buenos con los buenos. Soplaron brasas en corazones miopes para hacerles creer que no trabajaba el que no quer\u00eda y que el chamuyo de la meritrocracia reg\u00eda sus vidas. Sab\u00edamos que hincar\u00edan el diente afilado en quienes menos ten\u00edan.<\/p>\n<p>Para muestra, un simple punteo: nos dijeron que viv\u00edamos por fuera de nuestros derechos y posibilidades, mientras nos restregaban en la cara sus privilegios, mientras acomodaban la reposera apuntando a la meca de su desverg\u00fcenza. Se robaron nuestro futuro y nos culparon por eso. Les besaron las botas al Imperio y arrodillaron nuestra soberan\u00eda, en todas las variantes que ofrec\u00edan sus posibilidades descomunales.<\/p>\n<p>Le quitaron las cunas a los pibes, los remedios a los viejos, la comida a los pobres, los derechos a los trabajadores y trabajadoras. Felicitaron a los asesinos que matan chicos por la espalda. Encubrieron una desaparici\u00f3n forzada, se burlaron por televisi\u00f3n de eso y nos cagaron a palos cada vez que se les present\u00f3 la chance de dar rienda suelta a las fieras que cri\u00f3 Bullrich. Nos dijeron que por pobres, la Universidad nos quedaba demasiado lejos.<br \/>\nVinieron a todo eso, no fue error ni plan mal ejecutado, fue un exterminio por goteo, y programado. Vinieron a \u00e9sto, porque vinieron a quedarse. El despojo ten\u00eda que ser total y, adem\u00e1s, quisieron que fuera violento. Pero resulta que no pudieron. Otra vez. No pudieron. Nos tiraron con la munici\u00f3n m\u00e1s gruesa que ten\u00edan, mientras los grandes medios evitaban transmitir la barbarie.<\/p>\n<p>No pudieron porque nos resistimos a naturalizar el saqueo y la infamia. Porque enfrentar el cinismo que quiso echar ra\u00edces, nos acerc\u00f3. Luchar en la calle nos encontr\u00f3, nos uni\u00f3. Y como siempre supimos que nadie se salva solo o sola, nos organizamos.<\/p>\n<p>Tanta gente, en tantos lugares, tendi\u00e9ndole una mano al otro, a la otra. Tantos, tantas, intentando mantener el hambre a raya en panzas y esperanzas bald\u00edas. Tanta gente, en tantos lugares, poniendo el cuerpo por otros cuerpos. Porque somos nosotros, nosotras, que parecemos salir de todas partes, pero que venimos del mismo lugar: la lucha popupar. Nos pusimos espalda con espalda. Y aguantamos.<\/p>\n<p>Nosotros, nosotras, nosotres: somos las mujeres que no retrocedimos, al contrario, le ense\u00f1amos al horizonte a recular, porque nosotras avanzamos sin detenernos por la conquista de los derechos que nos faltan. Somos las hijas y los hijos de la Memoria, de la Verdad, de la Justicia. Somos quienes aprendimos de nuestras Madres y Abuelas a transformar los dolores m\u00e1s grandes en el amor m\u00e1s profundo y transformador, que es el amor por la otra, por el otro. Somos quienes mandamos de nuevo a la c\u00e1rcel a Etchecolatz, cuando a alg\u00fan trasnochado se le ocurri\u00f3 que la casa de un genocida pod\u00eda ser otra cosa.<\/p>\n<p>Somos quienes paso a paso llenamos las calles, en cada rinc\u00f3n de esta patria maltratada, y nos miramos a la cara, y nos reconocimos. Y entendimos que si entre nosotros y nosotras nos pel\u00e9abamos, nos devoraban los de afuera. Entendimos que amar era urgente, y que se nos daba muy bien. Por eso nada volver\u00e1 a ser igual, porque aqu\u00ed hay un pueblo empoderado, porque aqu\u00ed hay un pueblo digno. Somos quienes, mientras todo se ca\u00eda alrededor, entendimos que la lucha solo sirve si es colectiva, y construimos la esperanza.<\/p>\n<p>Antes del balotaje de 2015 escrib\u00ed otra nota, parecida a \u00e9sta, que terminaba diciendo \u201cno pienso dar un paso atr\u00e1s ni para tomar carrera, porque ac\u00e1, pase lo que pase, no se rinde nadie\u201d. Pasaron cuatro a\u00f1os horrendos, horrendos en serio, pero no nos rendimos. Estamos de pie, se\u00f1al\u00e1ndole con toneladas de votos a Macri y a Vidal la puerta chica de la historia, para que vayan saliendo por ah\u00ed. Porque no nos vencieron, y esta vez, adem\u00e1s, somos nosotros, nosotras, nosotres, quienes venceremos.<\/p>\n","protected":false},"excerpt":{"rendered":"<p>\u201cComo un rayo, para siempre. Para lo que fue y ser\u00e1\u201d Fito P\u00e1ez No necesito concentrarme para recordar la angustia, la desesperaci\u00f3n de finales de 2015. Porque todav\u00eda las injusticias se repiten con horror, y porque ba\u00f1aron de angustia la superficie de todas las cosas. La amargura de saber que hab\u00edan vuelto los malos de verdad, los ego\u00edstas, los saqueadores [&#8230;]<\/p>\n","protected":false},"author":4,"featured_media":0,"comment_status":"open","ping_status":"open","sticky":false,"template":"","format":"standard","meta":{"_jetpack_newsletter_access":"","_jetpack_dont_email_post_to_subs":false,"_jetpack_newsletter_tier_id":0,"_jetpack_memberships_contains_paywalled_content":false,"_jetpack_memberships_contains_paid_content":false,"footnotes":""},"categories":[64],"tags":[],"class_list":["post-112608","post","type-post","status-publish","format-standard","hentry","category-opinion"],"jetpack_featured_media_url":"","jetpack_shortlink":"https:\/\/wp.me\/p2JWE0-tig","jetpack-related-posts":[{"id":114798,"url":"https:\/\/www.24baires.com\/?p=114798","url_meta":{"origin":112608,"position":0},"title":"[OPINI\u00d3N] Cr\u00edtica de la angustia","author":"AF","date":"22\/04\/2020","format":false,"excerpt":"\u201cEl mundo era tan reciente, que muchas cosas carec\u00edan de nombre, y para mencionarlas hab\u00eda que se\u00f1alarlas con el dedo\u201d Cien a\u00f1os de soledad Quisiera escribir sobre la angustia, una sensaci\u00f3n mucho m\u00e1s com\u00fan de lo que se la asume. Quisiera describir la angustia. La m\u00eda, la que veo en\u2026","rel":"","context":"En \u00abSociedad\u00bb","block_context":{"text":"Sociedad","link":"https:\/\/www.24baires.com\/?cat=1"},"img":{"alt_text":"","src":"https:\/\/i0.wp.com\/www.24baires.com\/wp-content\/uploads\/2020\/04\/calle-desierta.jpg?resize=350%2C200","width":350,"height":200,"srcset":"https:\/\/i0.wp.com\/www.24baires.com\/wp-content\/uploads\/2020\/04\/calle-desierta.jpg?resize=350%2C200 1x, https:\/\/i0.wp.com\/www.24baires.com\/wp-content\/uploads\/2020\/04\/calle-desierta.jpg?resize=525%2C300 1.5x"},"classes":[]},{"id":29095,"url":"https:\/\/www.24baires.com\/?p=29095","url_meta":{"origin":112608,"position":1},"title":"Massa de campa\u00f1a por Avellaneda: \u201cLa gente est\u00e1 angustiada por la inseguridad\u201d","author":"Grupo Sierra","date":"28\/07\/2013","format":false,"excerpt":"Junto a candidatos locales, el intendente de Tigre y primer precandidato a diputado nacional por el Frente Renovador estuvo en Avellaneda, donde recorri\u00f3 la Feria de Villa Dom\u00ednico. All\u00ed, insisti\u00f3 en que \u201cla gente est\u00e1 angustiada por la inseguridad\u201d y adelant\u00f3 que ma\u00f1ana presentar\u00e1 las propuestas del Frente al respecto.\u2026","rel":"","context":"En \u00abPol\u00edtica\u00bb","block_context":{"text":"Pol\u00edtica","link":"https:\/\/www.24baires.com\/?cat=51"},"img":{"alt_text":"massa avellaneda","src":"https:\/\/i0.wp.com\/www.24baires.com\/wp-content\/uploads\/2013\/07\/massa-avellaneda.jpg?resize=350%2C200","width":350,"height":200,"srcset":"https:\/\/i0.wp.com\/www.24baires.com\/wp-content\/uploads\/2013\/07\/massa-avellaneda.jpg?resize=350%2C200 1x, https:\/\/i0.wp.com\/www.24baires.com\/wp-content\/uploads\/2013\/07\/massa-avellaneda.jpg?resize=525%2C300 1.5x"},"classes":[]},{"id":60351,"url":"https:\/\/www.24baires.com\/?p=60351","url_meta":{"origin":112608,"position":2},"title":"Costa: \u201cLos que denuncian faltantes son vendehumo\u201d","author":"GB","date":"19\/01\/2015","format":false,"excerpt":"El secretario de Comercio cuestion\u00f3 a \"un peque\u00f1o grupo de operadores\" por las denuncias en sectores como medicamentos y vacunas. El funcionario se refiri\u00f3 a las cr\u00edticas al sistema de importaciones, fuertemente cuestionada en las \u00faltimas semanas. El secretario de Comercio, Augusto Costa, manifest\u00f3 su molestia al plantear que se\u2026","rel":"","context":"En \u00abEconom\u00eda\u00bb","block_context":{"text":"Econom\u00eda","link":"https:\/\/www.24baires.com\/?cat=45"},"img":{"alt_text":"augusto costa","src":"https:\/\/i0.wp.com\/www.24baires.com\/wp-content\/uploads\/2014\/08\/augusto-costa.jpg?resize=350%2C200","width":350,"height":200,"srcset":"https:\/\/i0.wp.com\/www.24baires.com\/wp-content\/uploads\/2014\/08\/augusto-costa.jpg?resize=350%2C200 1x, https:\/\/i0.wp.com\/www.24baires.com\/wp-content\/uploads\/2014\/08\/augusto-costa.jpg?resize=525%2C300 1.5x"},"classes":[]},{"id":61216,"url":"https:\/\/www.24baires.com\/?p=61216","url_meta":{"origin":112608,"position":3},"title":"Se suicid\u00f3 otro sobreviviente de Croma\u00f1\u00f3n y denuncian abandono","author":"Grupo Sierra","date":"03\/02\/2015","format":false,"excerpt":"Se trata de Mart\u00edn Cisneros y con su muerte aument\u00f3 a 17 el registro de sobrevivientes que se suicidaron. La Coordinadora Memoria y Justicia por Croma\u00f1\u00f3n cuestiona al gobierno porte\u00f1o por no reglamentar el grueso de una ley por la que debieran recibir atenci\u00f3n psicol\u00f3gica. Luciano Frangi, de la Coordinadora,\u2026","rel":"","context":"En \u00abSociedad\u00bb","block_context":{"text":"Sociedad","link":"https:\/\/www.24baires.com\/?cat=1"},"img":{"alt_text":"croma\u00f1on","src":"https:\/\/i0.wp.com\/www.24baires.com\/wp-content\/uploads\/2012\/12\/croma%C3%B1on.jpg?resize=350%2C200","width":350,"height":200},"classes":[]},{"id":81777,"url":"https:\/\/www.24baires.com\/?p=81777","url_meta":{"origin":112608,"position":4},"title":"\u00abTrabajar\u00e9 con todos los gobernadores para traer soluciones concretas\u00bb","author":"AF","date":"22\/04\/2016","format":false,"excerpt":"El Presidente asever\u00f3 que trabajar\u00e1 junto a los gobernadores de todos los signos pol\u00edticos y dijo que \"se acab\u00f3 la \u00e9poca en la cual un gobierno nacional parec\u00eda no prestar atenci\u00f3n\" a una determinada poblaci\u00f3n de la Argentina. \"Se acab\u00f3 esa \u00e9poca en que parec\u00edan invisibles para el gobierno nacional.\u2026","rel":"","context":"En \u00abPol\u00edtica\u00bb","block_context":{"text":"Pol\u00edtica","link":"https:\/\/www.24baires.com\/?cat=51"},"img":{"alt_text":"macri","src":"https:\/\/i0.wp.com\/www.24baires.com\/wp-content\/uploads\/2016\/04\/macri-1.jpg?resize=350%2C200","width":350,"height":200,"srcset":"https:\/\/i0.wp.com\/www.24baires.com\/wp-content\/uploads\/2016\/04\/macri-1.jpg?resize=350%2C200 1x, https:\/\/i0.wp.com\/www.24baires.com\/wp-content\/uploads\/2016\/04\/macri-1.jpg?resize=525%2C300 1.5x"},"classes":[]},{"id":82496,"url":"https:\/\/www.24baires.com\/?p=82496","url_meta":{"origin":112608,"position":5},"title":"\u201cLa principal obsesi\u00f3n de nuestro gobierno es generar trabajo\u201d","author":"AF","date":"10\/05\/2016","format":false,"excerpt":"El Presidente dijo que no quiere que haya \u201cargentinos angustiados\u201d por este tema. Fue en el marco de un acto de presentaci\u00f3n de medidas para las pymes. El presidente Mauricio Macri dijo hoy que \u201cla principal obsesi\u00f3n\u201d de su gobierno es \u201cgenerar trabajo\u201d y afirm\u00f3 que no quiere que haya\u2026","rel":"","context":"En \u00abPol\u00edtica\u00bb","block_context":{"text":"Pol\u00edtica","link":"https:\/\/www.24baires.com\/?cat=51"},"img":{"alt_text":"macri","src":"https:\/\/i0.wp.com\/www.24baires.com\/wp-content\/uploads\/2016\/05\/macri.jpg?resize=350%2C200","width":350,"height":200,"srcset":"https:\/\/i0.wp.com\/www.24baires.com\/wp-content\/uploads\/2016\/05\/macri.jpg?resize=350%2C200 1x, https:\/\/i0.wp.com\/www.24baires.com\/wp-content\/uploads\/2016\/05\/macri.jpg?resize=525%2C300 1.5x"},"classes":[]}],"jetpack_sharing_enabled":true,"jetpack_likes_enabled":true,"_links":{"self":[{"href":"https:\/\/www.24baires.com\/index.php?rest_route=\/wp\/v2\/posts\/112608","targetHints":{"allow":["GET"]}}],"collection":[{"href":"https:\/\/www.24baires.com\/index.php?rest_route=\/wp\/v2\/posts"}],"about":[{"href":"https:\/\/www.24baires.com\/index.php?rest_route=\/wp\/v2\/types\/post"}],"author":[{"embeddable":true,"href":"https:\/\/www.24baires.com\/index.php?rest_route=\/wp\/v2\/users\/4"}],"replies":[{"embeddable":true,"href":"https:\/\/www.24baires.com\/index.php?rest_route=%2Fwp%2Fv2%2Fcomments&post=112608"}],"version-history":[{"count":2,"href":"https:\/\/www.24baires.com\/index.php?rest_route=\/wp\/v2\/posts\/112608\/revisions"}],"predecessor-version":[{"id":112619,"href":"https:\/\/www.24baires.com\/index.php?rest_route=\/wp\/v2\/posts\/112608\/revisions\/112619"}],"wp:attachment":[{"href":"https:\/\/www.24baires.com\/index.php?rest_route=%2Fwp%2Fv2%2Fmedia&parent=112608"}],"wp:term":[{"taxonomy":"category","embeddable":true,"href":"https:\/\/www.24baires.com\/index.php?rest_route=%2Fwp%2Fv2%2Fcategories&post=112608"},{"taxonomy":"post_tag","embeddable":true,"href":"https:\/\/www.24baires.com\/index.php?rest_route=%2Fwp%2Fv2%2Ftags&post=112608"}],"curies":[{"name":"wp","href":"https:\/\/api.w.org\/{rel}","templated":true}]}}