{"id":112606,"date":"2019-10-23T13:21:08","date_gmt":"2019-10-23T16:21:08","guid":{"rendered":"http:\/\/www.24baires.com\/?p=112606"},"modified":"2019-10-23T11:30:57","modified_gmt":"2019-10-23T14:30:57","slug":"financial-times-macri-logro-lo-impensado-entregar-la-economia-argentina-peor-de-como-la-agarro-en-2015","status":"publish","type":"post","link":"https:\/\/www.24baires.com\/?p=112606","title":{"rendered":"Financial Times, Macri logr\u00f3 lo impensado: \u201cEntregar la econom\u00eda argentina peor de como la agarr\u00f3 en 2015\u201d"},"content":{"rendered":"<p><img data-recalc-dims=\"1\" loading=\"lazy\" decoding=\"async\" src=\"https:\/\/i0.wp.com\/www.24baires.com\/wp-content\/uploads\/2019\/08\/macri.png?resize=560%2C343\" alt=\"\" width=\"560\" height=\"343\" class=\"aligncenter size-full wp-image-111610\" srcset=\"https:\/\/i0.wp.com\/www.24baires.com\/wp-content\/uploads\/2019\/08\/macri.png?w=560&amp;ssl=1 560w, https:\/\/i0.wp.com\/www.24baires.com\/wp-content\/uploads\/2019\/08\/macri.png?resize=300%2C184&amp;ssl=1 300w\" sizes=\"auto, (max-width: 560px) 100vw, 560px\" \/>El peri\u00f3dico brit\u00e1nico se mete en la conversaci\u00f3n en el \u00faltimo tramo de campa\u00f1a para detallar la \u201cpesada herencia\u201d que deja el gobierno a su sucesor. \u201cMacri, v\u00e1stago de una de las familias m\u00e1s ricas del pa\u00eds, lleg\u00f3 al poder prometiendo pol\u00edticas favorables, y desde entonces ha decepcionado constantemente\u201d, dice.<!--more--><\/p>\n<p>El diario brit\u00e1nico, Financial Times, sigue apunt\u00e1ndole al Gobierno argentino encabezado por Mauricio Macri. A poco menos de una semana de haber se\u00f1alado que el mandatario es un \u201chombre rico que no tiene contacto con los problemas de la gente\u201d, volvi\u00f3 a darle un golpe fatal. Ahora, en un an\u00e1lisis de coyuntura econ\u00f3mica asegura que \u201centregar\u00e1 la econom\u00eda argentina peor de como la agarr\u00f3 en 2015\u201d.<\/p>\n<p>En un cr\u00edtico art\u00edculo que lleva la firma de Michael Stott y Benedict Mander, titulado \u201cWill Argentina be safe in the Peronists\u2019 hands?\u201d, intenta responder, justamente, si Argentina estar\u00e1 segura en manos peronistas, dando por sentado el resultado del pr\u00f3ximo domingo, y entendiendo que \u201cel vencedor de las elecciones de este domingo en Argentina heredar\u00e1 uno de los problemas econ\u00f3micos m\u00e1s poco envidiables del mundo\u201d.<\/p>\n<p>\u201cLos populistas de izquierda est\u00e1n listos para retomar el poder\u201d, resaltan los periodistas y aseguran que \u201cla prioridad es una r\u00e1pida renegociaci\u00f3n de la enorme pila de deuda del pa\u00eds\u201d. En este punto repasan: \u201cla inflaci\u00f3n est\u00e1 en un 55% anual, la econom\u00eda est\u00e1 en una profunda recesi\u00f3n, la pobreza est\u00e1 aumentando, miles de millones de d\u00f3lares han huido del pa\u00eds, el peso se ha desplomado y  Argentina no puede pagar su deuda externa de 100 mil millones de pesos\u201d.<\/p>\n","protected":false},"excerpt":{"rendered":"<p>El peri\u00f3dico brit\u00e1nico se mete en la conversaci\u00f3n en el \u00faltimo tramo de campa\u00f1a para detallar la \u201cpesada herencia\u201d que deja el gobierno a su sucesor. \u201cMacri, v\u00e1stago de una de las familias m\u00e1s ricas del pa\u00eds, lleg\u00f3 al poder prometiendo pol\u00edticas favorables, y desde entonces ha decepcionado constantemente\u201d, dice.<\/p>\n","protected":false},"author":8,"featured_media":0,"comment_status":"open","ping_status":"open","sticky":false,"template":"","format":"standard","meta":{"_jetpack_newsletter_access":"","_jetpack_dont_email_post_to_subs":false,"_jetpack_newsletter_tier_id":0,"_jetpack_memberships_contains_paywalled_content":false,"_jetpack_memberships_contains_paid_content":false,"footnotes":""},"categories":[45],"tags":[],"class_list":["post-112606","post","type-post","status-publish","format-standard","hentry","category-economia"],"jetpack_featured_media_url":"","jetpack_shortlink":"https:\/\/wp.me\/p2JWE0-tie","jetpack-related-posts":[{"id":111639,"url":"https:\/\/www.24baires.com\/?p=111639","url_meta":{"origin":112606,"position":0},"title":"La revista Forbes explic\u00f3 porqu\u00e9 \u00abArgentina no se convertir\u00e1 en Venezuela\u00bb con Fern\u00e1ndez","author":"GB","date":"15\/08\/2019","format":false,"excerpt":"Uno de los principales medios financieros le solt\u00f3 la mano a Juntos por el Cambio y, tras la derrota en las PASO, dijo que el resultado es \"casi imposible de revertir\" y que \"las razones del fracaso son complejas\". De remate, acab\u00f3 con el argumento del miedo del Presidente al\u2026","rel":"","context":"En \u00abEconom\u00eda\u00bb","block_context":{"text":"Econom\u00eda","link":"https:\/\/www.24baires.com\/?cat=45"},"img":{"alt_text":"","src":"https:\/\/i0.wp.com\/www.24baires.com\/wp-content\/uploads\/2019\/08\/revista-forbes-233x300.jpg?resize=350%2C200","width":350,"height":200},"classes":[]},{"id":82821,"url":"https:\/\/www.24baires.com\/?p=82821","url_meta":{"origin":112606,"position":1},"title":"\u00abLas Malvinas no son m\u00e1s el tema principal de la relaci\u00f3n con Gran Breta\u00f1a\u00bb","author":"GB","date":"17\/05\/2016","format":false,"excerpt":"As\u00ed lo afirm\u00f3 la canciller argentina en una entrevista concedida al diario ingl\u00e9s The Financial Times. Adem\u00e1s sostuvo que la cuesti\u00f3n de la soberan\u00eda de las Malvinas no debe \"distraer la atenci\u00f3n de temas bilaterales m\u00e1s significativos como el comercio y la inversi\u00f3n\". La canciller Susana Malcorra afirm\u00f3 en declaraciones\u2026","rel":"","context":"En \u00abPol\u00edtica\u00bb","block_context":{"text":"Pol\u00edtica","link":"https:\/\/www.24baires.com\/?cat=51"},"img":{"alt_text":"susana malcorra","src":"https:\/\/i0.wp.com\/www.24baires.com\/wp-content\/uploads\/2015\/12\/susana-malcorra.jpg?resize=350%2C200","width":350,"height":200,"srcset":"https:\/\/i0.wp.com\/www.24baires.com\/wp-content\/uploads\/2015\/12\/susana-malcorra.jpg?resize=350%2C200 1x, https:\/\/i0.wp.com\/www.24baires.com\/wp-content\/uploads\/2015\/12\/susana-malcorra.jpg?resize=525%2C300 1.5x"},"classes":[]},{"id":104612,"url":"https:\/\/www.24baires.com\/?p=104612","url_meta":{"origin":112606,"position":2},"title":"Macri ya est\u00e1 en Nueva York","author":"AF","date":"23\/09\/2018","format":false,"excerpt":"El presidente Mauricio Macri lleg\u00f3 esta ma\u00f1ana a Nueva York, adonde viaj\u00f3 para hablar ante la Asamblea de las Naciones Unidas (ONU) y con la expectativa de reunirse de modo informal con el mandatario local, Donald Trump. Macri, quien parti\u00f3 anoche en un vuelo privado hacia la ciudad de Nueva\u2026","rel":"","context":"En \u00abPol\u00edtica\u00bb","block_context":{"text":"Pol\u00edtica","link":"https:\/\/www.24baires.com\/?cat=51"},"img":{"alt_text":"","src":"https:\/\/i0.wp.com\/www.24baires.com\/wp-content\/uploads\/2018\/01\/macri.jpg?resize=350%2C200","width":350,"height":200,"srcset":"https:\/\/i0.wp.com\/www.24baires.com\/wp-content\/uploads\/2018\/01\/macri.jpg?resize=350%2C200 1x, https:\/\/i0.wp.com\/www.24baires.com\/wp-content\/uploads\/2018\/01\/macri.jpg?resize=525%2C300 1.5x"},"classes":[]},{"id":105728,"url":"https:\/\/www.24baires.com\/?p=105728","url_meta":{"origin":112606,"position":3},"title":"Macri reconoci\u00f3 el aumento de la pobreza","author":"AF","date":"03\/12\/2018","format":false,"excerpt":"Tal como sucedi\u00f3 con la promesa del famoso \"segundo semestre\" el Presidente volvi\u00f3 a anticipar una futuro venturoso en el mediano plazo. La felicidad, para Cambiemos, siempre est\u00e1 un poquito m\u00e1s adelante. Tras el fin de la Cumbre del G-20, durante la cual los medios brit\u00e1nicos se preguntaron por qu\u00e9\u2026","rel":"","context":"En \u00abSociedad\u00bb","block_context":{"text":"Sociedad","link":"https:\/\/www.24baires.com\/?cat=1"},"img":{"alt_text":"","src":"https:\/\/i0.wp.com\/www.24baires.com\/wp-content\/uploads\/2018\/09\/macri.jpg?resize=350%2C200","width":350,"height":200,"srcset":"https:\/\/i0.wp.com\/www.24baires.com\/wp-content\/uploads\/2018\/09\/macri.jpg?resize=350%2C200 1x, https:\/\/i0.wp.com\/www.24baires.com\/wp-content\/uploads\/2018\/09\/macri.jpg?resize=525%2C300 1.5x"},"classes":[]},{"id":108655,"url":"https:\/\/www.24baires.com\/?p=108655","url_meta":{"origin":112606,"position":4},"title":"M\u00e1ximo Kirchner: \u00abEl 10 de diciembre del 2015 todo empez\u00f3 a empeorar, lo que no quiere decir que antes era perfecto\u201d","author":"GB","date":"10\/06\/2019","format":false,"excerpt":"El diputado particip\u00f3 de un acto en Ituzaing\u00f3 acompa\u00f1ado de intendentes bonaerenses. All\u00ed, sostuvo que \"Macri deja un pa\u00eds mucho peor que el que encontr\u00f3\", aunque aclar\u00f3 que eso no significa que antes todo estuviera \"bien ni perfecto\u201d. Adem\u00e1s, afirm\u00f3 que \"la desocupaci\u00f3n es el peor infierno\" para los argentinos\u2026","rel":"","context":"En \u00abPol\u00edtica\u00bb","block_context":{"text":"Pol\u00edtica","link":"https:\/\/www.24baires.com\/?cat=51"},"img":{"alt_text":"","src":"https:\/\/i0.wp.com\/www.24baires.com\/wp-content\/uploads\/2019\/06\/maximo-kirchner.jpg?resize=350%2C200","width":350,"height":200,"srcset":"https:\/\/i0.wp.com\/www.24baires.com\/wp-content\/uploads\/2019\/06\/maximo-kirchner.jpg?resize=350%2C200 1x, https:\/\/i0.wp.com\/www.24baires.com\/wp-content\/uploads\/2019\/06\/maximo-kirchner.jpg?resize=525%2C300 1.5x"},"classes":[]},{"id":87629,"url":"https:\/\/www.24baires.com\/?p=87629","url_meta":{"origin":112606,"position":5},"title":"Macri viajar\u00e1 a Nueva York para participar en la asamblea general de la ONU","author":"GB","date":"16\/09\/2016","format":false,"excerpt":"Este s\u00e1bado el Presidente emprender\u00e1 vuelo rumbo al pa\u00eds del norte para participar de la asamblea de Naciones Unidas en donde tambi\u00e9n mantendr\u00e1 reuniones con el premier italiano Matteo Renzi y el ex presidente de Estados Unidos Bill Clinton. Mauricio Macri partir\u00e1 el pr\u00f3ximo s\u00e1bado a Nueva York, Estados Unidos,\u2026","rel":"","context":"En \u00abPol\u00edtica\u00bb","block_context":{"text":"Pol\u00edtica","link":"https:\/\/www.24baires.com\/?cat=51"},"img":{"alt_text":"macri-foro-de-negocios","src":"https:\/\/i0.wp.com\/www.24baires.com\/wp-content\/uploads\/2016\/09\/macri-foro-de-negocios.jpg?resize=350%2C200","width":350,"height":200,"srcset":"https:\/\/i0.wp.com\/www.24baires.com\/wp-content\/uploads\/2016\/09\/macri-foro-de-negocios.jpg?resize=350%2C200 1x, https:\/\/i0.wp.com\/www.24baires.com\/wp-content\/uploads\/2016\/09\/macri-foro-de-negocios.jpg?resize=525%2C300 1.5x"},"classes":[]}],"jetpack_sharing_enabled":true,"jetpack_likes_enabled":true,"_links":{"self":[{"href":"https:\/\/www.24baires.com\/index.php?rest_route=\/wp\/v2\/posts\/112606","targetHints":{"allow":["GET"]}}],"collection":[{"href":"https:\/\/www.24baires.com\/index.php?rest_route=\/wp\/v2\/posts"}],"about":[{"href":"https:\/\/www.24baires.com\/index.php?rest_route=\/wp\/v2\/types\/post"}],"author":[{"embeddable":true,"href":"https:\/\/www.24baires.com\/index.php?rest_route=\/wp\/v2\/users\/8"}],"replies":[{"embeddable":true,"href":"https:\/\/www.24baires.com\/index.php?rest_route=%2Fwp%2Fv2%2Fcomments&post=112606"}],"version-history":[{"count":1,"href":"https:\/\/www.24baires.com\/index.php?rest_route=\/wp\/v2\/posts\/112606\/revisions"}],"predecessor-version":[{"id":112607,"href":"https:\/\/www.24baires.com\/index.php?rest_route=\/wp\/v2\/posts\/112606\/revisions\/112607"}],"wp:attachment":[{"href":"https:\/\/www.24baires.com\/index.php?rest_route=%2Fwp%2Fv2%2Fmedia&parent=112606"}],"wp:term":[{"taxonomy":"category","embeddable":true,"href":"https:\/\/www.24baires.com\/index.php?rest_route=%2Fwp%2Fv2%2Fcategories&post=112606"},{"taxonomy":"post_tag","embeddable":true,"href":"https:\/\/www.24baires.com\/index.php?rest_route=%2Fwp%2Fv2%2Ftags&post=112606"}],"curies":[{"name":"wp","href":"https:\/\/api.w.org\/{rel}","templated":true}]}}