{"id":11259,"date":"2013-01-05T10:29:22","date_gmt":"2013-01-05T13:29:22","guid":{"rendered":"http:\/\/www.24baires.com\/?p=11259"},"modified":"2013-01-05T10:29:22","modified_gmt":"2013-01-05T13:29:22","slug":"lanzaron-el-programa-escuelas-abiertas-en-verano","status":"publish","type":"post","link":"https:\/\/www.24baires.com\/?p=11259","title":{"rendered":"Lanzaron el programa \u00abEscuelas abiertas en verano\u00bb"},"content":{"rendered":"<p><strong>MAR DEL PLATA &#8211;<\/strong> Participar\u00e1n 9.400 chicos y estar\u00e1n abiertas hasta el 8 de febrero. Se busca generar interacci\u00f3n entre los chicos.<!--more--><br \/>\nLa directora general de Cultura y Educaci\u00f3n, Nora De Luc\u00eda, encabez\u00f3 junto al Intendente de General Pueyrred\u00f3n, Gustavo Pulti, el lanzamiento del Programa \u201cEscuelas Abiertas en Verano\u201d en la playa Torre\u00f3n del Monje de la ciudad de Mar del Plata.<br \/>\nDe la iniciativa participar\u00e1n 9.400 chicos que podr\u00e1n disfrutar de distintas actividades recreativas, art\u00edsticas y deportivas.<br \/>\nEl Programa \u201cEscuelas Abiertas en Verano\u201d, que se mantendr\u00e1 vigente hasta el pr\u00f3ximo 8 de febrero, se constituye en un espacio en el cual se genera el encuentro y la integraci\u00f3n entre ni\u00f1os, ni\u00f1as y j\u00f3venes que comparten tareas y saberes, aprenden a disfrutar con los otros y asumen h\u00e1bitos de la vida saludable.<\/p>\n<p>&nbsp;<\/p>\n<p>&nbsp;<\/p>\n<p>&nbsp;<\/p>\n<p>&nbsp;<\/p>\n<p>&nbsp;<\/p>\n<p>&nbsp;<\/p>\n<p>&nbsp;<\/p>\n<p>&nbsp;<\/p>\n<p>&nbsp;<\/p>\n<p>&nbsp;<\/p>\n<p>&nbsp;<\/p>\n<p>&nbsp;<\/p>\n<p>&nbsp;<\/p>\n<p>&nbsp;<\/p>\n<p>&nbsp;<\/p>\n<p>&nbsp;<\/p>\n<p>&nbsp;<\/p>\n<p>&nbsp;<\/p>\n<p>&nbsp;<\/p>\n<p>&nbsp;<\/p>\n<p>&nbsp;<\/p>\n<p>&nbsp;<\/p>\n<p>&nbsp;<\/p>\n<p>&nbsp;<\/p>\n<p>&nbsp;<\/p>\n<p>&nbsp;<\/p>\n<p>&nbsp;<\/p>\n<p>&nbsp;<\/p>\n<p>&nbsp;<\/p>\n<p>&nbsp;<\/p>\n<p>&nbsp;<\/p>\n<p>&nbsp;<\/p>\n<p>&nbsp;<\/p>\n","protected":false},"excerpt":{"rendered":"<p>MAR DEL PLATA &#8211; Participar\u00e1n 9.400 chicos y estar\u00e1n abiertas hasta el 8 de febrero. Se busca generar interacci\u00f3n entre los chicos.<\/p>\n","protected":false},"author":4,"featured_media":0,"comment_status":"open","ping_status":"open","sticky":false,"template":"","format":"standard","meta":{"_jetpack_newsletter_access":"","_jetpack_dont_email_post_to_subs":false,"_jetpack_newsletter_tier_id":0,"_jetpack_memberships_contains_paywalled_content":false,"_jetpack_memberships_contains_paid_content":false,"footnotes":""},"categories":[1],"tags":[],"class_list":["post-11259","post","type-post","status-publish","format-standard","hentry","category-sociedad"],"jetpack_featured_media_url":"","jetpack_shortlink":"https:\/\/wp.me\/p2JWE0-2VB","jetpack-related-posts":[{"id":37830,"url":"https:\/\/www.24baires.com\/?p=37830","url_meta":{"origin":11259,"position":0},"title":"\u201cEscuelas Abiertas en Verano\u201d, por mayor inclusi\u00f3n social","author":"Grupo Sierra","date":"03\/01\/2014","format":false,"excerpt":"Con Servicio de Alimentaci\u00f3n Escolar (SAE) impulsa pol\u00edticas alimentarias y de educaci\u00f3n para favorecer la inclusi\u00f3n social, la integraci\u00f3n y la promoci\u00f3n de tareas f\u00edsicas, culturales y de recreaci\u00f3n. El programa se extender\u00e1 desde este viernes 3 de enero hasta el 7 de febrero, en 2.064 sedes. Unos 200.000 ni\u00f1os\u2026","rel":"","context":"En \u00abProvincia\u00bb","block_context":{"text":"Provincia","link":"https:\/\/www.24baires.com\/?cat=40"},"img":{"alt_text":"","src":"","width":0,"height":0},"classes":[]},{"id":59857,"url":"https:\/\/www.24baires.com\/?p=59857","url_meta":{"origin":11259,"position":1},"title":"Alumnos exhiben producciones art\u00edsticas que ilustrar\u00e1n la Constituci\u00f3n bonaerense","author":"AF","date":"10\/01\/2015","format":false,"excerpt":"En el marco de las actividades de verano programadas por el gobierno bonaerense a trav\u00e9s de la Direcci\u00f3n General de Cultura y Educaci\u00f3n, se realiz\u00f3 este viernes en la ciudad de Mar del Plata, la presentaci\u00f3n de la muestra \u201cLa Constituci\u00f3n Provincial Ilustrada\u201d compuesta por 17 producciones art\u00edsticas realizadas por\u2026","rel":"","context":"En \u00abSociedad\u00bb","block_context":{"text":"Sociedad","link":"https:\/\/www.24baires.com\/?cat=1"},"img":{"alt_text":"alumnos-09-01-2015-15-29-18","src":"https:\/\/i0.wp.com\/www.24baires.com\/wp-content\/uploads\/2015\/01\/alumnos-09-01-2015-15-29-18.png?resize=350%2C200","width":350,"height":200},"classes":[]},{"id":38592,"url":"https:\/\/www.24baires.com\/?p=38592","url_meta":{"origin":11259,"position":2},"title":"Los chicos de Berisso, a pleno con las Escuelas Abiertas en Verano","author":"Grupo Sierra","date":"16\/01\/2014","format":false,"excerpt":"La Inspectora Jefe Mar\u00eda Cecilia Echaide, informa que el Programa est\u00e1 desarroll\u00e1ndose con \u00e9xito, disfrutando de la iniciativa unos cuatrocientos chicos. \u201cCon actividades campamentiles, propuestas por el CE 67 en la Isla Paulino, recreativas de la EP 20 en el Camping de Choferes y la EP 23 en la Agremiaci\u00f3n\u2026","rel":"","context":"En \u00abLocales\u00bb","block_context":{"text":"Locales","link":"https:\/\/www.24baires.com\/?cat=38"},"img":{"alt_text":"escuela de verano","src":"https:\/\/i0.wp.com\/www.24baires.com\/wp-content\/uploads\/2014\/01\/escuela-de-verano-300x261.jpg?resize=350%2C200","width":350,"height":200},"classes":[]},{"id":14121,"url":"https:\/\/www.24baires.com\/?p=14121","url_meta":{"origin":11259,"position":3},"title":"Escuelas de verano recuerdan la Asamblea General Constituyente del a\u00f1o XIII","author":"AF","date":"31\/01\/2013","format":false,"excerpt":"En las sedes donde funcionan las Escuelas Abiertas en Verano de la Direcci\u00f3n General de Cultura y Educaci\u00f3n, se lleva adelante estos d\u00edas tareas de recreaci\u00f3n con respecto a la ense\u00f1anza de la historia. All\u00ed los profesores les ense\u00f1an a los chicos la importancia de conmemorar el 31 de enero\u2026","rel":"","context":"En \u00abSociedad\u00bb","block_context":{"text":"Sociedad","link":"https:\/\/www.24baires.com\/?cat=1"},"img":{"alt_text":"escuela verano","src":"https:\/\/i0.wp.com\/www.24baires.com\/wp-content\/uploads\/2013\/01\/escuela-verano.png?resize=350%2C200","width":350,"height":200},"classes":[]},{"id":37861,"url":"https:\/\/www.24baires.com\/?p=37861","url_meta":{"origin":11259,"position":4},"title":"Comenzaron a funcionar las \u00abEscuelas Abiertas en Verano\u00bb en la Provincia","author":"GB","date":"03\/01\/2014","format":false,"excerpt":"A partir de este viernes comenzaron \u00a0las \"Escuelas Abiertas en Verano\", luego del asueto que dio el Gobernador Daniel Scioli a los empleados de la administraci\u00f3n p\u00fablica. Est\u00e1n implementadas a trav\u00e9s de la Direcci\u00f3n General de Cultura y Educaci\u00f3n, gestionada por Nora De Luc\u00eda y desarrollar\u00e1n actividades recreativas, art\u00edsticas y\u2026","rel":"","context":"En \u00abSociedad\u00bb","block_context":{"text":"Sociedad","link":"https:\/\/www.24baires.com\/?cat=1"},"img":{"alt_text":"escuela_de_verano","src":"https:\/\/i0.wp.com\/www.24baires.com\/wp-content\/uploads\/2014\/01\/escuela_de_verano-300x178.jpg?resize=350%2C200","width":350,"height":200},"classes":[]},{"id":37892,"url":"https:\/\/www.24baires.com\/?p=37892","url_meta":{"origin":11259,"position":5},"title":"Azul se suma a Escuelas Abiertas, con 800 chicos","author":"Grupo Sierra","date":"04\/01\/2014","format":false,"excerpt":"El Gobierno Municipal, junto con inspectores distritales, present\u00f3 el Programa Escuelas Abiertas de Verano, del que participar\u00e1n 800 ni\u00f1os de 11 escuelas de Azul, Cachar\u00ed y Chillar en la Pileta Municipal y en la del Club San Mart\u00edn a partir de este viernes 3 de enero. El subsecretario de Deportes,\u2026","rel":"","context":"En \u00abLocales\u00bb","block_context":{"text":"Locales","link":"https:\/\/www.24baires.com\/?cat=38"},"img":{"alt_text":"","src":"","width":0,"height":0},"classes":[]}],"jetpack_sharing_enabled":true,"jetpack_likes_enabled":true,"_links":{"self":[{"href":"https:\/\/www.24baires.com\/index.php?rest_route=\/wp\/v2\/posts\/11259","targetHints":{"allow":["GET"]}}],"collection":[{"href":"https:\/\/www.24baires.com\/index.php?rest_route=\/wp\/v2\/posts"}],"about":[{"href":"https:\/\/www.24baires.com\/index.php?rest_route=\/wp\/v2\/types\/post"}],"author":[{"embeddable":true,"href":"https:\/\/www.24baires.com\/index.php?rest_route=\/wp\/v2\/users\/4"}],"replies":[{"embeddable":true,"href":"https:\/\/www.24baires.com\/index.php?rest_route=%2Fwp%2Fv2%2Fcomments&post=11259"}],"version-history":[{"count":1,"href":"https:\/\/www.24baires.com\/index.php?rest_route=\/wp\/v2\/posts\/11259\/revisions"}],"predecessor-version":[{"id":11260,"href":"https:\/\/www.24baires.com\/index.php?rest_route=\/wp\/v2\/posts\/11259\/revisions\/11260"}],"wp:attachment":[{"href":"https:\/\/www.24baires.com\/index.php?rest_route=%2Fwp%2Fv2%2Fmedia&parent=11259"}],"wp:term":[{"taxonomy":"category","embeddable":true,"href":"https:\/\/www.24baires.com\/index.php?rest_route=%2Fwp%2Fv2%2Fcategories&post=11259"},{"taxonomy":"post_tag","embeddable":true,"href":"https:\/\/www.24baires.com\/index.php?rest_route=%2Fwp%2Fv2%2Ftags&post=11259"}],"curies":[{"name":"wp","href":"https:\/\/api.w.org\/{rel}","templated":true}]}}