{"id":112577,"date":"2019-10-21T19:30:14","date_gmt":"2019-10-21T22:30:14","guid":{"rendered":"http:\/\/www.24baires.com\/?p=112577"},"modified":"2019-10-21T20:44:41","modified_gmt":"2019-10-21T23:44:41","slug":"el-63-de-los-productos-de-la-canasta-basica-trepo-por-encima-del-promedio","status":"publish","type":"post","link":"https:\/\/www.24baires.com\/?p=112577","title":{"rendered":"El 63% de los productos de la canasta b\u00e1sica trep\u00f3 por encima del promedio"},"content":{"rendered":"<p><img data-recalc-dims=\"1\" loading=\"lazy\" decoding=\"async\" src=\"https:\/\/i0.wp.com\/www.24baires.com\/wp-content\/uploads\/2016\/03\/carrito-canasta.jpg?resize=560%2C307\" alt=\"\" width=\"560\" height=\"307\" class=\"aligncenter size-full wp-image-79783\" srcset=\"https:\/\/i0.wp.com\/www.24baires.com\/wp-content\/uploads\/2016\/03\/carrito-canasta.jpg?w=560&amp;ssl=1 560w, https:\/\/i0.wp.com\/www.24baires.com\/wp-content\/uploads\/2016\/03\/carrito-canasta.jpg?resize=300%2C164&amp;ssl=1 300w\" sizes=\"auto, (max-width: 560px) 100vw, 560px\" \/>Treinta y siete de los 59 productos relevados por el Indec en el Gran Buenos Aires subieron por encima del aumento promedio del \u00faltimo a\u00f1o. Estos incrementos impactan de lleno sobre los m\u00e1s pobres.<!--more--><\/p>\n<p>La inflaci\u00f3n nacional trepo 53,5 por ciento durante los \u00faltimos 12 meses y en el Gran Buenos Aires sum\u00f3 52,4 por ciento. No obstante, 37 de los 59 productos relevados en esa zona crecieron por encima del promedio, seg\u00fan un informe elaborado por el Observatorio de Pol\u00edticas P\u00fablicas de la Universidad Nacional de Avellaneda.<\/p>\n<p>Cebolla (186,8 por ciento), zapallo anco (102), queso pategr\u00e1s (94,8), leche en polvo (93,6), queso sardo (93), manteca (89,3), queso cremoso (88,7), yogur firme (85,4), dulce de leche (80,5), salchichas tipo viena (79,4), lechuga (75,9), papa (73,9), galletitas dulces (73,9), leche fresca (69,7 por ciento) son los rubros que m\u00e1s aumentaron. Otras subas importantes ocurrieron en el pan (66,5 por ciento), yerba (66,4), pollo entero (60,6) y carne picada com\u00fan (52,5 por ciento). Estas subas impactan de lleno sobre los m\u00e1s pobres que destinan casi todo su ingreso a la compra de alimentos.<\/p>\n<p>El informe de UNDAV destaca tambi\u00e9n que a ra\u00edz de la aceleraci\u00f3n de la inflaci\u00f3n se profundiz\u00f3 la p\u00e9rdida del poder adquisitivo. \u201cLos asalariados del sector p\u00fablico llevan perdidos un 3,9 por ciento del salario real en 12 meses. Los registrados privados (o formales) perdieron un 5,5 por ciento. Los privados informales (o no registrados) perdieron un 11,6 por ciento y los que cobran el Salario M\u00ednimo Vital y M\u00f3vil perdieron un 18 por ciento\u201d, destaca el trabajo.<\/p>\n<p>Por otro lado, tomando la evoluci\u00f3n de la remuneraci\u00f3n imponible promedio de los trabajadores estables (Ripte) y deflactando hacia atr\u00e1s con el IPC del Indec a partir de abril del 2016 y antes con el IPC de la CABA, se obtiene que desde noviembre la ca\u00edda del salario real es del 18,2 por ciento. Esto significa que para sostener el salario real promedio de noviembre del 2015 entonces el trabajador deber\u00eda recibir 9.781 pesos adicionales. \u201cM\u00e1s de dos meses al a\u00f1o se le ha quitado al trabajador desde el 2015 en t\u00e9rminos de poder adquisitivo. De los cuales, dos tercios de esta quita fueron realizados durante la crisis que se inicia en abril del 2018\u201d, asegur\u00f3 Undav.<\/p>\n<p>A su vez, lo que viene seguir\u00e1 siendo dif\u00edcil. La entidad Consumidores Libres que dirige H\u00e9ctor Polino inform\u00f3 que la inflaci\u00f3n en la primera quincena de octubre fue del 2,1 por ciento, lo cual implica una continuidad en la din\u00e1mica de precios de agosto y septiembre. En las \u00faltimas semanas se pusieron en pr\u00e1ctica nuevas listas de precios por parte de las empresas l\u00edderes, que implicaron en muchos casos fuertes subas a pesar de la rebaja impositiva del IVA en art\u00edculos esenciales hasta fin de a\u00f1o que implement\u00f3 el Gobierno de cara a las elecciones.<\/p>\n","protected":false},"excerpt":{"rendered":"<p>Treinta y siete de los 59 productos relevados por el Indec en el Gran Buenos Aires subieron por encima del aumento promedio del \u00faltimo a\u00f1o. Estos incrementos impactan de lleno sobre los m\u00e1s pobres.<\/p>\n","protected":false},"author":4,"featured_media":0,"comment_status":"open","ping_status":"open","sticky":false,"template":"","format":"standard","meta":{"_jetpack_newsletter_access":"","_jetpack_dont_email_post_to_subs":false,"_jetpack_newsletter_tier_id":0,"_jetpack_memberships_contains_paywalled_content":false,"_jetpack_memberships_contains_paid_content":false,"footnotes":""},"categories":[45],"tags":[],"class_list":["post-112577","post","type-post","status-publish","format-standard","hentry","category-economia"],"jetpack_featured_media_url":"","jetpack_shortlink":"https:\/\/wp.me\/p2JWE0-thL","jetpack-related-posts":[{"id":113051,"url":"https:\/\/www.24baires.com\/?p=113051","url_meta":{"origin":112577,"position":0},"title":"Los alimentos subieron hasta un 90%","author":"AF","date":"19\/11\/2019","format":false,"excerpt":"La Universidad Nacional de Avellaneda public\u00f3 el detalle de los productos que m\u00e1s aumentaron. La proporci\u00f3n que ocupa la canasta b\u00e1sica en relaci\u00f3n con los ingresos m\u00ednimos. Los alimentos se encarecieron hasta un 90% a nivel interanual en octubre al tiempo que los servicios de salud tuvieron un alza superior\u2026","rel":"","context":"En \u00abEconom\u00eda\u00bb","block_context":{"text":"Econom\u00eda","link":"https:\/\/www.24baires.com\/?cat=45"},"img":{"alt_text":"","src":"https:\/\/i0.wp.com\/www.24baires.com\/wp-content\/uploads\/2018\/12\/alimentos.jpg?resize=350%2C200","width":350,"height":200,"srcset":"https:\/\/i0.wp.com\/www.24baires.com\/wp-content\/uploads\/2018\/12\/alimentos.jpg?resize=350%2C200 1x, https:\/\/i0.wp.com\/www.24baires.com\/wp-content\/uploads\/2018\/12\/alimentos.jpg?resize=525%2C300 1.5x"},"classes":[]},{"id":110980,"url":"https:\/\/www.24baires.com\/?p=110980","url_meta":{"origin":112577,"position":1},"title":"El precio de los l\u00e1cteos aument\u00f3 un 80 por ciento en el \u00faltimo a\u00f1o","author":"GB","date":"28\/06\/2019","format":false,"excerpt":"A ra\u00edz de las constantes subas y a la p\u00e9rdida de poder adquisitivo de los salarios, el consumo de leche baj\u00f3 12,1%. El Observatorio de Pol\u00edticas P\u00fablicas de la Universidad Nacional de Avellaneda (UNDAV) dio a conocer que el aumento de precios en los productos l\u00e1cteos alcanz\u00f3 el 80% promedio\u2026","rel":"","context":"En \u00abEconom\u00eda\u00bb","block_context":{"text":"Econom\u00eda","link":"https:\/\/www.24baires.com\/?cat=45"},"img":{"alt_text":"","src":"https:\/\/i0.wp.com\/www.24baires.com\/wp-content\/uploads\/2018\/08\/supermercado.jpg?resize=350%2C200","width":350,"height":200,"srcset":"https:\/\/i0.wp.com\/www.24baires.com\/wp-content\/uploads\/2018\/08\/supermercado.jpg?resize=350%2C200 1x, https:\/\/i0.wp.com\/www.24baires.com\/wp-content\/uploads\/2018\/08\/supermercado.jpg?resize=525%2C300 1.5x"},"classes":[]},{"id":105509,"url":"https:\/\/www.24baires.com\/?p=105509","url_meta":{"origin":112577,"position":2},"title":"Los productos del Precios Cuidados aumentaron hasta un 52%","author":"GB","date":"20\/11\/2018","format":false,"excerpt":"El aceite, la leche, quesos y la yerba fueron los alimentos que m\u00e1s se incrementaron seg\u00fan un relevamiento que realiz\u00f3 el Centro de Econom\u00eda Pol\u00edtica Argentina (CEPA). A ra\u00edz de un informe realizado por el Centro de Econom\u00eda Pol\u00edtica Argentina (CEPA) se conoci\u00f3 que los productos del programa Precios Cuidados\u2026","rel":"","context":"En \u00abConsumidores\u00bb","block_context":{"text":"Consumidores","link":"https:\/\/www.24baires.com\/?cat=78"},"img":{"alt_text":"","src":"https:\/\/i0.wp.com\/www.24baires.com\/wp-content\/uploads\/2018\/09\/precios-cuidados.jpg?resize=350%2C200","width":350,"height":200,"srcset":"https:\/\/i0.wp.com\/www.24baires.com\/wp-content\/uploads\/2018\/09\/precios-cuidados.jpg?resize=350%2C200 1x, https:\/\/i0.wp.com\/www.24baires.com\/wp-content\/uploads\/2018\/09\/precios-cuidados.jpg?resize=525%2C300 1.5x"},"classes":[]},{"id":108155,"url":"https:\/\/www.24baires.com\/?p=108155","url_meta":{"origin":112577,"position":3},"title":"Los alimentos b\u00e1sicos se convirtieron en un lujo: aumentaron hasta 164% en el \u00faltimo a\u00f1o","author":"GB","date":"14\/05\/2019","format":false,"excerpt":"Los productos que m\u00e1s subieron son harina, fideos, pollo, yerba mate, pan franc\u00e9s, carne picada, arroz blanco y dulce de leche. El Observatorio de Pol\u00edticas P\u00fablicas de la Universidad Nacional de Avellaneda (UNDAV) dio a conocer que el precio de los alimentos b\u00e1sicos aument\u00f3 hasta un 164% en el \u00faltimo\u2026","rel":"","context":"En \u00abEconom\u00eda\u00bb","block_context":{"text":"Econom\u00eda","link":"https:\/\/www.24baires.com\/?cat=45"},"img":{"alt_text":"","src":"https:\/\/i0.wp.com\/www.24baires.com\/wp-content\/uploads\/2015\/02\/precios-acordados-g%C3%B3ndola-super.jpg?resize=350%2C200","width":350,"height":200,"srcset":"https:\/\/i0.wp.com\/www.24baires.com\/wp-content\/uploads\/2015\/02\/precios-acordados-g%C3%B3ndola-super.jpg?resize=350%2C200 1x, https:\/\/i0.wp.com\/www.24baires.com\/wp-content\/uploads\/2015\/02\/precios-acordados-g%C3%B3ndola-super.jpg?resize=525%2C300 1.5x"},"classes":[]},{"id":107644,"url":"https:\/\/www.24baires.com\/?p=107644","url_meta":{"origin":112577,"position":4},"title":"Los l\u00e1cteos subieron hasta 40% en quince d\u00edas","author":"GB","date":"12\/04\/2019","format":false,"excerpt":"Los quesos, la manteca y el yogur bebible, los que m\u00e1s subieron. El kilo de cremoso no baja de los $340 mientras que el pote de 200 gramos de manteca roza los $100. \u00bfQu\u00e9 pas\u00f3 que aumentaron tanto? Las remarcaciones en las g\u00f3ndolas fueron una constante en 2018, pero lo\u2026","rel":"","context":"En \u00abEconom\u00eda\u00bb","block_context":{"text":"Econom\u00eda","link":"https:\/\/www.24baires.com\/?cat=45"},"img":{"alt_text":"","src":"https:\/\/i0.wp.com\/www.24baires.com\/wp-content\/uploads\/2019\/03\/lacteos-veronica.jpg?resize=350%2C200","width":350,"height":200,"srcset":"https:\/\/i0.wp.com\/www.24baires.com\/wp-content\/uploads\/2019\/03\/lacteos-veronica.jpg?resize=350%2C200 1x, https:\/\/i0.wp.com\/www.24baires.com\/wp-content\/uploads\/2019\/03\/lacteos-veronica.jpg?resize=525%2C300 1.5x"},"classes":[]},{"id":112103,"url":"https:\/\/www.24baires.com\/?p=112103","url_meta":{"origin":112577,"position":5},"title":"Durante la primera semana de septiembre los precios subieron un 6,5%","author":"AF","date":"16\/09\/2019","format":false,"excerpt":"El Centro de Estudios Scalabrini Ortiz midi\u00f3 una aceleraci\u00f3n de las remarcaciones en lo que va del mes. La consultura Elypsis advriti\u00f3 que los alimentos aumentaron 10,5 por ciento desde las PASO. El descalabro cambiario registrado tras las elecciones primarias comienza a reflejarse con mayor intensidad en las g\u00f3ndolas. Durante\u2026","rel":"","context":"En \u00abSociedad\u00bb","block_context":{"text":"Sociedad","link":"https:\/\/www.24baires.com\/?cat=1"},"img":{"alt_text":"","src":"https:\/\/i0.wp.com\/www.24baires.com\/wp-content\/uploads\/2013\/03\/supermercado2.jpg?resize=350%2C200","width":350,"height":200,"srcset":"https:\/\/i0.wp.com\/www.24baires.com\/wp-content\/uploads\/2013\/03\/supermercado2.jpg?resize=350%2C200 1x, https:\/\/i0.wp.com\/www.24baires.com\/wp-content\/uploads\/2013\/03\/supermercado2.jpg?resize=525%2C300 1.5x"},"classes":[]}],"jetpack_sharing_enabled":true,"jetpack_likes_enabled":true,"_links":{"self":[{"href":"https:\/\/www.24baires.com\/index.php?rest_route=\/wp\/v2\/posts\/112577","targetHints":{"allow":["GET"]}}],"collection":[{"href":"https:\/\/www.24baires.com\/index.php?rest_route=\/wp\/v2\/posts"}],"about":[{"href":"https:\/\/www.24baires.com\/index.php?rest_route=\/wp\/v2\/types\/post"}],"author":[{"embeddable":true,"href":"https:\/\/www.24baires.com\/index.php?rest_route=\/wp\/v2\/users\/4"}],"replies":[{"embeddable":true,"href":"https:\/\/www.24baires.com\/index.php?rest_route=%2Fwp%2Fv2%2Fcomments&post=112577"}],"version-history":[{"count":1,"href":"https:\/\/www.24baires.com\/index.php?rest_route=\/wp\/v2\/posts\/112577\/revisions"}],"predecessor-version":[{"id":112578,"href":"https:\/\/www.24baires.com\/index.php?rest_route=\/wp\/v2\/posts\/112577\/revisions\/112578"}],"wp:attachment":[{"href":"https:\/\/www.24baires.com\/index.php?rest_route=%2Fwp%2Fv2%2Fmedia&parent=112577"}],"wp:term":[{"taxonomy":"category","embeddable":true,"href":"https:\/\/www.24baires.com\/index.php?rest_route=%2Fwp%2Fv2%2Fcategories&post=112577"},{"taxonomy":"post_tag","embeddable":true,"href":"https:\/\/www.24baires.com\/index.php?rest_route=%2Fwp%2Fv2%2Ftags&post=112577"}],"curies":[{"name":"wp","href":"https:\/\/api.w.org\/{rel}","templated":true}]}}