{"id":11255,"date":"2013-01-05T10:16:45","date_gmt":"2013-01-05T13:16:45","guid":{"rendered":"http:\/\/www.24baires.com\/?p=11255"},"modified":"2013-01-05T10:16:51","modified_gmt":"2013-01-05T13:16:51","slug":"realizaran-mas-controles-para-evitar-el-desabastecimiento-de-nafta-en-la-costa","status":"publish","type":"post","link":"https:\/\/www.24baires.com\/?p=11255","title":{"rendered":"Realizar\u00e1n m\u00e1s controles para evitar el desabastecimiento de nafta en la Costa"},"content":{"rendered":"<p><a href=\"http:\/\/www.24baires.com\/sociedad\/11255-realizaran-mas-controles-para-evitar-el-desabastecimiento-de-nafta-en-la-costa\/attachment\/surtidor\/\" rel=\"attachment wp-att-11256\"><img data-recalc-dims=\"1\" loading=\"lazy\" decoding=\"async\" class=\"alignleft size-medium wp-image-11256\" alt=\"surtidor\" src=\"https:\/\/i0.wp.com\/www.24baires.com\/wp-content\/uploads\/2013\/01\/surtidor.jpg?resize=300%2C199\" width=\"300\" height=\"199\" srcset=\"https:\/\/i0.wp.com\/www.24baires.com\/wp-content\/uploads\/2013\/01\/surtidor.jpg?resize=300%2C199&amp;ssl=1 300w, https:\/\/i0.wp.com\/www.24baires.com\/wp-content\/uploads\/2013\/01\/surtidor.jpg?w=500&amp;ssl=1 500w\" sizes=\"auto, (max-width: 300px) 100vw, 300px\" \/><\/a>El ministro de la Producci\u00f3n, Ciencia y Tecnolog\u00eda, Cristian Breitenstein, dispuso medidas concretas en resguardo de los intereses de los consumidores y usuarios de la Provincia, a ra\u00edz de las manifestaciones p\u00fablicas por una presunta falta de combustibles en la zona de la Costa Atl\u00e1ntica. \u00abEnviaremos inspectores dependientes de la Direcci\u00f3n Provincial de Comercio a fin de controlar que la distribuci\u00f3n y el expendio de nafta y gasoil se ejecuten con normalidad en la costa\u00bb, asegur\u00f3 Breitenstein.<!--more--><\/p>\n<p>El titular de la cartera productiva explic\u00f3 que la informaci\u00f3n recabada ser\u00e1 remitida a la Secretar\u00eda de Comercio Interior del Ministerio de Econom\u00eda y Finanzas de la Naci\u00f3n, la autoridad de aplicaci\u00f3n competente.<\/p>\n<p>Breitenstein se\u00f1al\u00f3 que \u201cel gobernador Daniel Scioli nos pidi\u00f3 controlar los abusos y defender al turista\u201d y remarc\u00f3 que las acciones se realizar\u00e1n por \u201ccontroles de precios, abastecimiento y calidad de los productos ante el gran consumo que en esta temporada est\u00e1 siendo muy alto, por encima de las expectativas\u201d.<\/p>\n<p>\u201cHubo una gran demanda estacional que se sum\u00f3 a un incremento interanual del 8% en el consumo de naftas\u201d agreg\u00f3 y expres\u00f3: \u201cApelamos y exigimos responsabilidad a los actores de la cadena encargados de hacer llegar normalmente el combustible a los usuarios y consumidores, a los fines de que tomen las medidas que sean necesarias para cumplir en debida forma con su tarea, sin ocasionar perjuicio o molestia alguna a los ciudadanos de nuestra Provincia\u00bb.<\/p>\n<p>Desde la cartera productiva tomaron contacto con autoridades de FECOBA con quienes se acord\u00f3 trabajar en conjunto para coordinar acciones y evitar cualquier situaci\u00f3n que pudiera afectar el normal abastecimiento de combustibles a los ciudadanos. Adem\u00e1s, se articular\u00e1 con los municipios costeros.<\/p>\n","protected":false},"excerpt":{"rendered":"<p>El ministro de la Producci\u00f3n, Ciencia y Tecnolog\u00eda, Cristian Breitenstein, dispuso medidas concretas en resguardo de los intereses de los consumidores y usuarios de la Provincia, a ra\u00edz de las manifestaciones p\u00fablicas por una presunta falta de combustibles en la zona de la Costa Atl\u00e1ntica. \u00abEnviaremos inspectores dependientes de la Direcci\u00f3n Provincial de Comercio a fin de controlar que la [&#8230;]<\/p>\n","protected":false},"author":4,"featured_media":0,"comment_status":"open","ping_status":"open","sticky":false,"template":"","format":"standard","meta":{"_jetpack_newsletter_access":"","_jetpack_dont_email_post_to_subs":false,"_jetpack_newsletter_tier_id":0,"_jetpack_memberships_contains_paywalled_content":false,"_jetpack_memberships_contains_paid_content":false,"footnotes":""},"categories":[1],"tags":[],"class_list":["post-11255","post","type-post","status-publish","format-standard","hentry","category-sociedad"],"jetpack_featured_media_url":"","jetpack_shortlink":"https:\/\/wp.me\/p2JWE0-2Vx","jetpack-related-posts":[{"id":51522,"url":"https:\/\/www.24baires.com\/?p=51522","url_meta":{"origin":11255,"position":0},"title":"El sciolismo reclam\u00f3 que los intendentes del FR dejen sin efecto el impuesto a los combustibles","author":"GB","date":"10\/08\/2014","format":false,"excerpt":"El ministro de la Producci\u00f3n bonaerense, Cristian Breitenstein, sostuvo que \u201clas ciudades gobernadas por jefes comunales que responden al Frente Renovador cobran una \u2018tasa vial\u2019 a la nafta que implica 40 centavos extra por litro de nafta premium, 30 en s\u00faper, 20 en gasoil y 15 centavos en GNC\u201d. Dijo\u2026","rel":"","context":"En \u00abProvincia\u00bb","block_context":{"text":"Provincia","link":"https:\/\/www.24baires.com\/?cat=40"},"img":{"alt_text":"","src":"","width":0,"height":0},"classes":[]},{"id":12148,"url":"https:\/\/www.24baires.com\/?p=12148","url_meta":{"origin":11255,"position":1},"title":"Comercios bonaerenses est\u00e1n obligados a exhibir los precios de venta al p\u00fablico","author":"AF","date":"14\/01\/2013","format":false,"excerpt":"El ministerio de la Producci\u00f3n, Ciencia y Tecnolog\u00eda bonaerense, a cargo de Cristian Breitenstein intensific\u00f3 los Operativos de Control en la Costa Atl\u00e1ntica, para garantizar el derecho de los consumidores a recibir plena informaci\u00f3n sobre los precios de bienes y servicios que se ofrecen a la venta, en el marco\u2026","rel":"","context":"En \u00abEconom\u00eda\u00bb","block_context":{"text":"Econom\u00eda","link":"https:\/\/www.24baires.com\/?cat=45"},"img":{"alt_text":"","src":"","width":0,"height":0},"classes":[]},{"id":89367,"url":"https:\/\/www.24baires.com\/?p=89367","url_meta":{"origin":11255,"position":2},"title":"Empresarios presionan para un nuevo aumento del combustible","author":"AF","date":"02\/11\/2016","format":false,"excerpt":"El vicepresidente de la Confederaci\u00f3n de Entidades de Comercio de Hidrocarburos y Afines (Cecha), Walter Costa, advirti\u00f3 hoy que el 31 de octubre venci\u00f3 el congelamiento del precio de las naftas acordado entre el Gobierno y los empresarios, y que a\u00fan falta \"el \u00faltimo tramo del plan\" establecido por el\u2026","rel":"","context":"En \u00abEconom\u00eda\u00bb","block_context":{"text":"Econom\u00eda","link":"https:\/\/www.24baires.com\/?cat=45"},"img":{"alt_text":"surtidor nafta","src":"https:\/\/i0.wp.com\/www.24baires.com\/wp-content\/uploads\/2013\/02\/surtidor-nafta.jpg?resize=350%2C200","width":350,"height":200,"srcset":"https:\/\/i0.wp.com\/www.24baires.com\/wp-content\/uploads\/2013\/02\/surtidor-nafta.jpg?resize=350%2C200 1x, https:\/\/i0.wp.com\/www.24baires.com\/wp-content\/uploads\/2013\/02\/surtidor-nafta.jpg?resize=525%2C300 1.5x"},"classes":[]},{"id":91443,"url":"https:\/\/www.24baires.com\/?p=91443","url_meta":{"origin":11255,"position":3},"title":"El Gobierno quita retenciones petroleras y aumenta la nafta","author":"GB","date":"08\/01\/2017","format":false,"excerpt":"As\u00ed, el sector petrolero retorna al juego de las reglas del mercado. En los primeros d\u00edas de esta semana, el litro de nafta pasar\u00e1 a costar 18,44 pesos. El Gobierno nacional ha decidido poner fin a la aplicaci\u00f3n de las retenciones a las exportaciones de petr\u00f3leo y sus derivados, seg\u00fan\u2026","rel":"","context":"En \u00abEconom\u00eda\u00bb","block_context":{"text":"Econom\u00eda","link":"https:\/\/www.24baires.com\/?cat=45"},"img":{"alt_text":"","src":"https:\/\/i0.wp.com\/www.24baires.com\/wp-content\/uploads\/2013\/02\/surtidor-nafta.jpg?resize=350%2C200","width":350,"height":200,"srcset":"https:\/\/i0.wp.com\/www.24baires.com\/wp-content\/uploads\/2013\/02\/surtidor-nafta.jpg?resize=350%2C200 1x, https:\/\/i0.wp.com\/www.24baires.com\/wp-content\/uploads\/2013\/02\/surtidor-nafta.jpg?resize=525%2C300 1.5x"},"classes":[]},{"id":52842,"url":"https:\/\/www.24baires.com\/?p=52842","url_meta":{"origin":11255,"position":4},"title":"Aumenta un 4% el precio de las naftas en todo el pa\u00eds","author":"AF","date":"01\/09\/2014","format":false,"excerpt":"Durante esta semana, los precios de las naftas y el gasoil registrar\u00e1n el sexto aumento en lo que va del a\u00f1o: esta vez ser\u00e1 del 4 por ciento aproximadamente y ya llega a 34 puntos si se toma las variaciones que se dieron desde enero. En la Capital Federal la\u2026","rel":"","context":"En \u00abEconom\u00eda\u00bb","block_context":{"text":"Econom\u00eda","link":"https:\/\/www.24baires.com\/?cat=45"},"img":{"alt_text":"surtidor nafta","src":"https:\/\/i0.wp.com\/www.24baires.com\/wp-content\/uploads\/2013\/02\/surtidor-nafta.jpg?resize=350%2C200","width":350,"height":200,"srcset":"https:\/\/i0.wp.com\/www.24baires.com\/wp-content\/uploads\/2013\/02\/surtidor-nafta.jpg?resize=350%2C200 1x, https:\/\/i0.wp.com\/www.24baires.com\/wp-content\/uploads\/2013\/02\/surtidor-nafta.jpg?resize=525%2C300 1.5x"},"classes":[]},{"id":51748,"url":"https:\/\/www.24baires.com\/?p=51748","url_meta":{"origin":11255,"position":5},"title":"Breitenstein neg\u00f3 despidos masivos en la Provincia","author":"Grupo Sierra","date":"13\/08\/2014","format":false,"excerpt":"El ministro bonaerense de la Producci\u00f3n dijo que no existe una \"situaci\u00f3n generalizada\" de despidos y suspensiones en las f\u00e1bricas y comercios ubicados en la provincia y afirm\u00f3 que s\u00f3lo \"hay casos aislados\". El funcionario se mostr\u00f3 preocupado por la situaci\u00f3n econ\u00f3mica porque, seg\u00fan dijo, observa una \"desaceleraci\u00f3n\" de la\u2026","rel":"","context":"En \u00abProvincia\u00bb","block_context":{"text":"Provincia","link":"https:\/\/www.24baires.com\/?cat=40"},"img":{"alt_text":"breitenstein2","src":"https:\/\/i0.wp.com\/www.24baires.com\/wp-content\/uploads\/2014\/05\/breitenstein2.jpg?resize=350%2C200","width":350,"height":200,"srcset":"https:\/\/i0.wp.com\/www.24baires.com\/wp-content\/uploads\/2014\/05\/breitenstein2.jpg?resize=350%2C200 1x, https:\/\/i0.wp.com\/www.24baires.com\/wp-content\/uploads\/2014\/05\/breitenstein2.jpg?resize=525%2C300 1.5x"},"classes":[]}],"jetpack_sharing_enabled":true,"jetpack_likes_enabled":true,"_links":{"self":[{"href":"https:\/\/www.24baires.com\/index.php?rest_route=\/wp\/v2\/posts\/11255","targetHints":{"allow":["GET"]}}],"collection":[{"href":"https:\/\/www.24baires.com\/index.php?rest_route=\/wp\/v2\/posts"}],"about":[{"href":"https:\/\/www.24baires.com\/index.php?rest_route=\/wp\/v2\/types\/post"}],"author":[{"embeddable":true,"href":"https:\/\/www.24baires.com\/index.php?rest_route=\/wp\/v2\/users\/4"}],"replies":[{"embeddable":true,"href":"https:\/\/www.24baires.com\/index.php?rest_route=%2Fwp%2Fv2%2Fcomments&post=11255"}],"version-history":[{"count":2,"href":"https:\/\/www.24baires.com\/index.php?rest_route=\/wp\/v2\/posts\/11255\/revisions"}],"predecessor-version":[{"id":11258,"href":"https:\/\/www.24baires.com\/index.php?rest_route=\/wp\/v2\/posts\/11255\/revisions\/11258"}],"wp:attachment":[{"href":"https:\/\/www.24baires.com\/index.php?rest_route=%2Fwp%2Fv2%2Fmedia&parent=11255"}],"wp:term":[{"taxonomy":"category","embeddable":true,"href":"https:\/\/www.24baires.com\/index.php?rest_route=%2Fwp%2Fv2%2Fcategories&post=11255"},{"taxonomy":"post_tag","embeddable":true,"href":"https:\/\/www.24baires.com\/index.php?rest_route=%2Fwp%2Fv2%2Ftags&post=11255"}],"curies":[{"name":"wp","href":"https:\/\/api.w.org\/{rel}","templated":true}]}}