{"id":112530,"date":"2019-10-17T11:00:57","date_gmt":"2019-10-17T14:00:57","guid":{"rendered":"http:\/\/www.24baires.com\/?p=112530"},"modified":"2019-10-17T09:55:50","modified_gmt":"2019-10-17T12:55:50","slug":"la-inflacion-de-septiembre-fue-la-tercera-mas-alta-en-ocho-anos","status":"publish","type":"post","link":"https:\/\/www.24baires.com\/?p=112530","title":{"rendered":"La inflaci\u00f3n de septiembre fue la tercera m\u00e1s alta en ocho a\u00f1os"},"content":{"rendered":"<p><img data-recalc-dims=\"1\" loading=\"lazy\" decoding=\"async\" src=\"https:\/\/i0.wp.com\/www.24baires.com\/wp-content\/uploads\/2017\/07\/fila-supermercado.jpg?resize=560%2C312\" alt=\"\" width=\"560\" height=\"312\" class=\"aligncenter size-full wp-image-95941\" srcset=\"https:\/\/i0.wp.com\/www.24baires.com\/wp-content\/uploads\/2017\/07\/fila-supermercado.jpg?w=560&amp;ssl=1 560w, https:\/\/i0.wp.com\/www.24baires.com\/wp-content\/uploads\/2017\/07\/fila-supermercado.jpg?resize=300%2C167&amp;ssl=1 300w\" sizes=\"auto, (max-width: 560px) 100vw, 560px\" \/>La inflaci\u00f3n de septiembre alcanz\u00f3 el 5,9% y se convirti\u00f3 en el tercer registro m\u00e1s alto desde 2011, impulsada principalmente por los rubros de vestimenta, salud y alimentos.<!--more--><\/p>\n<p>Seg\u00fan inform\u00f3 el Instituto Nacional de Estad\u00edstica y Censos (Indec) el \u00cdndice de Precios al Consumidor (IPC) mostr\u00f3 un alza del 5,9% en el mes de septiembre, y acumula un 37,7% en lo que va del a\u00f1o. La inflaci\u00f3n anual, en tanto, trep\u00f3 al 53,5%.<\/p>\n<p>Tanto consultores como el propio Gobierno esperaban que el \u00edndice de septiembre ronde los 6 puntos, debido al impacto de la devaluaci\u00f3n posterior a las PASO. De este modo, el del mes pasado se convirti\u00f3 en el tercer registro m\u00e1s alto de los \u00faltimos ocho a\u00f1os, superado solo por el 6,7% de abril de 2016 y el 6,5% de septiembre del a\u00f1o pasado.<\/p>\n","protected":false},"excerpt":{"rendered":"<p>La inflaci\u00f3n de septiembre alcanz\u00f3 el 5,9% y se convirti\u00f3 en el tercer registro m\u00e1s alto desde 2011, impulsada principalmente por los rubros de vestimenta, salud y alimentos.<\/p>\n","protected":false},"author":8,"featured_media":0,"comment_status":"open","ping_status":"open","sticky":false,"template":"","format":"standard","meta":{"_jetpack_newsletter_access":"","_jetpack_dont_email_post_to_subs":false,"_jetpack_newsletter_tier_id":0,"_jetpack_memberships_contains_paywalled_content":false,"_jetpack_memberships_contains_paid_content":false,"footnotes":""},"categories":[45],"tags":[],"class_list":["post-112530","post","type-post","status-publish","format-standard","hentry","category-economia"],"jetpack_featured_media_url":"","jetpack_shortlink":"https:\/\/wp.me\/p2JWE0-th0","jetpack-related-posts":[{"id":104933,"url":"https:\/\/www.24baires.com\/?p=104933","url_meta":{"origin":112530,"position":0},"title":"Seg\u00fan proyecciones privadas, la inflaci\u00f3n de septiembre oscilar\u00e1 entre 5,5% y 7,7%","author":"GB","date":"15\/10\/2018","format":false,"excerpt":"El pr\u00f3ximo mi\u00e9rcoles se difundir\u00e1 el \u00edndice elaborado por el Instituto Nacional de Estad\u00edsticas y Censos, pero como es habitual la consultoras privadas anticiparon el incremento para el mes de septiembre. La inflaci\u00f3n m\u00e1s alta de los \u00faltimos 2 a\u00f1os fue la registrada en el mes de agosto pasado cuando\u2026","rel":"","context":"En \u00abEconom\u00eda\u00bb","block_context":{"text":"Econom\u00eda","link":"https:\/\/www.24baires.com\/?cat=45"},"img":{"alt_text":"","src":"https:\/\/i0.wp.com\/www.24baires.com\/wp-content\/uploads\/2018\/08\/supermercado.jpg?resize=350%2C200","width":350,"height":200,"srcset":"https:\/\/i0.wp.com\/www.24baires.com\/wp-content\/uploads\/2018\/08\/supermercado.jpg?resize=350%2C200 1x, https:\/\/i0.wp.com\/www.24baires.com\/wp-content\/uploads\/2018\/08\/supermercado.jpg?resize=525%2C300 1.5x"},"classes":[]},{"id":104854,"url":"https:\/\/www.24baires.com\/?p=104854","url_meta":{"origin":112530,"position":1},"title":"Consultoras privadas proyectan una inflaci\u00f3n del 48% para 2018","author":"AF","date":"09\/10\/2018","format":false,"excerpt":"La suba de las naftas y la desbandada del d\u00f3lar impulsaron los aumentos de precios en todos los rubros, seg\u00fan coincidieron los analistas. Pulverizada la meta de 15,7% que proyectaba el Presupuesto 2018, hoy la suba de precios acumula un 24,7% en los primeros ocho meses del a\u00f1o, y lo\u2026","rel":"","context":"En \u00abSociedad\u00bb","block_context":{"text":"Sociedad","link":"https:\/\/www.24baires.com\/?cat=1"},"img":{"alt_text":"","src":"https:\/\/i0.wp.com\/www.24baires.com\/wp-content\/uploads\/2016\/05\/supermercado-vac%C3%ADo.jpg?resize=350%2C200","width":350,"height":200,"srcset":"https:\/\/i0.wp.com\/www.24baires.com\/wp-content\/uploads\/2016\/05\/supermercado-vac%C3%ADo.jpg?resize=350%2C200 1x, https:\/\/i0.wp.com\/www.24baires.com\/wp-content\/uploads\/2016\/05\/supermercado-vac%C3%ADo.jpg?resize=525%2C300 1.5x"},"classes":[]},{"id":105471,"url":"https:\/\/www.24baires.com\/?p=105471","url_meta":{"origin":112530,"position":2},"title":"La inflaci\u00f3n ya acumula 39,5% en 10 meses","author":"GB","date":"16\/11\/2018","format":false,"excerpt":"Las alzas en los combustibles y en el gas, junto con el transporte, la medicina paga y los alimentos fueron lo que m\u00e1s impactaron en el \u00edndice de precios del mes pasado. La inflaci\u00f3n de octubre fue de 5,4%, inform\u00f3 esta tarde el Instituto Nacional de Estad\u00edstica y Censos (INDEC).\u2026","rel":"","context":"En \u00abEconom\u00eda\u00bb","block_context":{"text":"Econom\u00eda","link":"https:\/\/www.24baires.com\/?cat=45"},"img":{"alt_text":"","src":"https:\/\/i0.wp.com\/www.24baires.com\/wp-content\/uploads\/2018\/08\/supermercado.jpg?resize=350%2C200","width":350,"height":200,"srcset":"https:\/\/i0.wp.com\/www.24baires.com\/wp-content\/uploads\/2018\/08\/supermercado.jpg?resize=350%2C200 1x, https:\/\/i0.wp.com\/www.24baires.com\/wp-content\/uploads\/2018\/08\/supermercado.jpg?resize=525%2C300 1.5x"},"classes":[]},{"id":98046,"url":"https:\/\/www.24baires.com\/?p=98046","url_meta":{"origin":112530,"position":3},"title":"La inflaci\u00f3n anual ya super\u00f3 el 17% proyectado por el Indec para 2017","author":"AF","date":"12\/10\/2017","format":false,"excerpt":"El \u00cdndice de Precios al Consumidor de septiembre mostr\u00f3 una suba mensual de 1,9 por ciento y un acumulado anual de 17,6 por ciento, por encima de la meta fijada por el Gobierno para todo 2017. El dato oficial rebas\u00f3 incluso las mediciones de la UMET y del Congreso, que\u2026","rel":"","context":"En \u00abEconom\u00eda\u00bb","block_context":{"text":"Econom\u00eda","link":"https:\/\/www.24baires.com\/?cat=45"},"img":{"alt_text":"","src":"https:\/\/i0.wp.com\/www.24baires.com\/wp-content\/uploads\/2013\/02\/indec.jpg?resize=350%2C200","width":350,"height":200,"srcset":"https:\/\/i0.wp.com\/www.24baires.com\/wp-content\/uploads\/2013\/02\/indec.jpg?resize=350%2C200 1x, https:\/\/i0.wp.com\/www.24baires.com\/wp-content\/uploads\/2013\/02\/indec.jpg?resize=525%2C300 1.5x"},"classes":[]},{"id":112000,"url":"https:\/\/www.24baires.com\/?p=112000","url_meta":{"origin":112530,"position":4},"title":"Estiman una inflaci\u00f3n cercana al 6%","author":"AF","date":"09\/09\/2019","format":false,"excerpt":"Se trata de un relevamiento privado en base a 20 mil productos online de supermercados. Mientras se espera el indice de inflaci\u00f3n de agosto del INDEC, desde el Centro de Estudios Econ\u00f3micos y Sociales Scalabrini Ortiz (CESO) publicaron su propio relevamiento en base al seguimiento de m\u00e1s de 20 mil\u2026","rel":"","context":"En \u00abEconom\u00eda\u00bb","block_context":{"text":"Econom\u00eda","link":"https:\/\/www.24baires.com\/?cat=45"},"img":{"alt_text":"","src":"https:\/\/i0.wp.com\/www.24baires.com\/wp-content\/uploads\/2018\/08\/supermercado.jpg?resize=350%2C200","width":350,"height":200,"srcset":"https:\/\/i0.wp.com\/www.24baires.com\/wp-content\/uploads\/2018\/08\/supermercado.jpg?resize=350%2C200 1x, https:\/\/i0.wp.com\/www.24baires.com\/wp-content\/uploads\/2018\/08\/supermercado.jpg?resize=525%2C300 1.5x"},"classes":[]},{"id":112103,"url":"https:\/\/www.24baires.com\/?p=112103","url_meta":{"origin":112530,"position":5},"title":"Durante la primera semana de septiembre los precios subieron un 6,5%","author":"AF","date":"16\/09\/2019","format":false,"excerpt":"El Centro de Estudios Scalabrini Ortiz midi\u00f3 una aceleraci\u00f3n de las remarcaciones en lo que va del mes. La consultura Elypsis advriti\u00f3 que los alimentos aumentaron 10,5 por ciento desde las PASO. El descalabro cambiario registrado tras las elecciones primarias comienza a reflejarse con mayor intensidad en las g\u00f3ndolas. Durante\u2026","rel":"","context":"En \u00abSociedad\u00bb","block_context":{"text":"Sociedad","link":"https:\/\/www.24baires.com\/?cat=1"},"img":{"alt_text":"","src":"https:\/\/i0.wp.com\/www.24baires.com\/wp-content\/uploads\/2013\/03\/supermercado2.jpg?resize=350%2C200","width":350,"height":200,"srcset":"https:\/\/i0.wp.com\/www.24baires.com\/wp-content\/uploads\/2013\/03\/supermercado2.jpg?resize=350%2C200 1x, https:\/\/i0.wp.com\/www.24baires.com\/wp-content\/uploads\/2013\/03\/supermercado2.jpg?resize=525%2C300 1.5x"},"classes":[]}],"jetpack_sharing_enabled":true,"jetpack_likes_enabled":true,"_links":{"self":[{"href":"https:\/\/www.24baires.com\/index.php?rest_route=\/wp\/v2\/posts\/112530","targetHints":{"allow":["GET"]}}],"collection":[{"href":"https:\/\/www.24baires.com\/index.php?rest_route=\/wp\/v2\/posts"}],"about":[{"href":"https:\/\/www.24baires.com\/index.php?rest_route=\/wp\/v2\/types\/post"}],"author":[{"embeddable":true,"href":"https:\/\/www.24baires.com\/index.php?rest_route=\/wp\/v2\/users\/8"}],"replies":[{"embeddable":true,"href":"https:\/\/www.24baires.com\/index.php?rest_route=%2Fwp%2Fv2%2Fcomments&post=112530"}],"version-history":[{"count":1,"href":"https:\/\/www.24baires.com\/index.php?rest_route=\/wp\/v2\/posts\/112530\/revisions"}],"predecessor-version":[{"id":112531,"href":"https:\/\/www.24baires.com\/index.php?rest_route=\/wp\/v2\/posts\/112530\/revisions\/112531"}],"wp:attachment":[{"href":"https:\/\/www.24baires.com\/index.php?rest_route=%2Fwp%2Fv2%2Fmedia&parent=112530"}],"wp:term":[{"taxonomy":"category","embeddable":true,"href":"https:\/\/www.24baires.com\/index.php?rest_route=%2Fwp%2Fv2%2Fcategories&post=112530"},{"taxonomy":"post_tag","embeddable":true,"href":"https:\/\/www.24baires.com\/index.php?rest_route=%2Fwp%2Fv2%2Ftags&post=112530"}],"curies":[{"name":"wp","href":"https:\/\/api.w.org\/{rel}","templated":true}]}}