{"id":112506,"date":"2019-10-15T18:09:52","date_gmt":"2019-10-15T21:09:52","guid":{"rendered":"http:\/\/www.24baires.com\/?p=112506"},"modified":"2019-10-15T18:09:52","modified_gmt":"2019-10-15T21:09:52","slug":"el-fmi-pronostica-una-inflacion-anual-superior-al-57","status":"publish","type":"post","link":"https:\/\/www.24baires.com\/?p=112506","title":{"rendered":"El FMI pronostica una inflaci\u00f3n anual superior al 57%"},"content":{"rendered":"<p><img data-recalc-dims=\"1\" loading=\"lazy\" decoding=\"async\" src=\"https:\/\/i0.wp.com\/www.24baires.com\/wp-content\/uploads\/2019\/08\/fmi.jpg?resize=560%2C314\" alt=\"\" width=\"560\" height=\"314\" class=\"aligncenter size-full wp-image-111842\" srcset=\"https:\/\/i0.wp.com\/www.24baires.com\/wp-content\/uploads\/2019\/08\/fmi.jpg?w=560&amp;ssl=1 560w, https:\/\/i0.wp.com\/www.24baires.com\/wp-content\/uploads\/2019\/08\/fmi.jpg?resize=300%2C168&amp;ssl=1 300w\" sizes=\"auto, (max-width: 560px) 100vw, 560px\" \/>As\u00ed lo indic\u00f3 en el Panorama Econ\u00f3mico Mundial, donde tambi\u00e9n se refiri\u00f3 al desplome de la econom\u00eda y la inflaci\u00f3n.<!--more--><\/p>\n<p>El Fondo Monetario Internacional (FMI) estima que la econom\u00eda argentina se contraer\u00e1 3,1% este a\u00f1o y que la inflaci\u00f3n ser\u00e1 del 57,3%, mientras que el pron\u00f3stico para 2020 es menos oscuro.<\/p>\n<p>\u00abLa contracci\u00f3n en Argentina continu\u00f3 a trav\u00e9s del primer semestre del a\u00f1o, aunque a un ritmo m\u00e1s lento, y los riesgos para el futuro van a la baja a pesar del fuerte deterioro de las condiciones del mercado\u00bb, asegur\u00f3 el organismo en el Panorama Econ\u00f3mico Mundial, publicado este martes en Washington, durante el inicio de la Asamblea Anual.<\/p>\n<p>Adem\u00e1s, el FMI indic\u00f3 que el saldo de la cuenta corriente registrar\u00e1 un d\u00e9ficit del 1,2% del Producto Bruto Interno este a\u00f1o y alcanzar\u00eda un super\u00e1vit el 0,3% en 2020.<\/p>\n<p>En materia de inflaci\u00f3n, el organismo estim\u00f3 que los precios terminar\u00e1n 2019 con un alza del 57,3% y acumular\u00e1n una suba del 39,2% a lo largo de 2020.<\/p>\n<p>En ese contexto, el desempleo que ascender\u00e1 hasta el 10,6% en diciembre de este a\u00f1o y podr\u00eda bajar al 10,1% en 2020. <\/p>\n","protected":false},"excerpt":{"rendered":"<p>As\u00ed lo indic\u00f3 en el Panorama Econ\u00f3mico Mundial, donde tambi\u00e9n se refiri\u00f3 al desplome de la econom\u00eda y la inflaci\u00f3n.<\/p>\n","protected":false},"author":4,"featured_media":0,"comment_status":"open","ping_status":"open","sticky":false,"template":"","format":"standard","meta":{"_jetpack_newsletter_access":"","_jetpack_dont_email_post_to_subs":false,"_jetpack_newsletter_tier_id":0,"_jetpack_memberships_contains_paywalled_content":false,"_jetpack_memberships_contains_paid_content":false,"footnotes":""},"categories":[45],"tags":[],"class_list":["post-112506","post","type-post","status-publish","format-standard","hentry","category-economia"],"jetpack_featured_media_url":"","jetpack_shortlink":"https:\/\/wp.me\/p2JWE0-tgC","jetpack-related-posts":[{"id":116456,"url":"https:\/\/www.24baires.com\/?p=116456","url_meta":{"origin":112506,"position":0},"title":"El FMI dijo que Argentina caer\u00e1 este a\u00f1o y repuntar\u00e1 en 2021","author":"AF","date":"13\/10\/2020","format":false,"excerpt":"El FMI prev\u00e9 que la econom\u00eda argentina caer\u00e1 este a\u00f1o 11,8% y repuntar\u00e1 4,9% en 2021. El Fondo Monetario Internacional (FMI) vaticin\u00f3 hoy que la econom\u00eda argentina caer\u00e1 este a\u00f1o un 11,8% y repuntar\u00e1 el 4,9% durante 2021. As\u00ed lo indic\u00f3 en el Informe de Perspectivas Econ\u00f3micas (WEO, por sus\u2026","rel":"","context":"En \u00abEconom\u00eda\u00bb","block_context":{"text":"Econom\u00eda","link":"https:\/\/www.24baires.com\/?cat=45"},"img":{"alt_text":"","src":"https:\/\/i0.wp.com\/www.24baires.com\/wp-content\/uploads\/2019\/08\/fmi.jpg?resize=350%2C200","width":350,"height":200,"srcset":"https:\/\/i0.wp.com\/www.24baires.com\/wp-content\/uploads\/2019\/08\/fmi.jpg?resize=350%2C200 1x, https:\/\/i0.wp.com\/www.24baires.com\/wp-content\/uploads\/2019\/08\/fmi.jpg?resize=525%2C300 1.5x"},"classes":[]},{"id":93886,"url":"https:\/\/www.24baires.com\/?p=93886","url_meta":{"origin":112506,"position":1},"title":"El FMI estima que Argentina alcanzar\u00e1 una inflaci\u00f3n del 25,6% en 2017","author":"AF","date":"18\/04\/2017","format":false,"excerpt":"Seg\u00fan un informe elaborado por el Fondo Monetario Internacional, la inflaci\u00f3n de este a\u00f1o en Argentina se ubicar\u00e1 muchos puntos por encima del 17 por ciento que estableci\u00f3 el gobierno de Mauricio Macri. Incluso para 2018, la suba ser\u00eda del 18 por ciento. Las \u00faltimas proyecciones del Fondo Monetario Internacional\u2026","rel":"","context":"En \u00abEconom\u00eda\u00bb","block_context":{"text":"Econom\u00eda","link":"https:\/\/www.24baires.com\/?cat=45"},"img":{"alt_text":"","src":"https:\/\/i0.wp.com\/www.24baires.com\/wp-content\/uploads\/2015\/04\/fmi.jpg?resize=350%2C200","width":350,"height":200,"srcset":"https:\/\/i0.wp.com\/www.24baires.com\/wp-content\/uploads\/2015\/04\/fmi.jpg?resize=350%2C200 1x, https:\/\/i0.wp.com\/www.24baires.com\/wp-content\/uploads\/2015\/04\/fmi.jpg?resize=525%2C300 1.5x"},"classes":[]},{"id":81336,"url":"https:\/\/www.24baires.com\/?p=81336","url_meta":{"origin":112506,"position":2},"title":"El FMI pronostica una recesi\u00f3n por las medidas del gobierno","author":"GB","date":"12\/04\/2016","format":false,"excerpt":"El Fondo Monetario Internacional asegur\u00f3 que debido a las \u00faltimas medidas impulsadas por la actual gesti\u00f3n, la Argentina tendr\u00e1 una \u201cleve\u201d ca\u00edda econ\u00f3mica. En el informe \u201cPerspectivas Econ\u00f3micas Globales\u201d, el Fondo Monetario Internacional (FMI) explic\u00f3 que el pa\u00eds tendr\u00e1 una baja del 1% del Producto Bruto Interno (PBI) debido a\u2026","rel":"","context":"En \u00abEconom\u00eda\u00bb","block_context":{"text":"Econom\u00eda","link":"https:\/\/www.24baires.com\/?cat=45"},"img":{"alt_text":"fmi","src":"https:\/\/i0.wp.com\/www.24baires.com\/wp-content\/uploads\/2015\/04\/fmi.jpg?resize=350%2C200","width":350,"height":200,"srcset":"https:\/\/i0.wp.com\/www.24baires.com\/wp-content\/uploads\/2015\/04\/fmi.jpg?resize=350%2C200 1x, https:\/\/i0.wp.com\/www.24baires.com\/wp-content\/uploads\/2015\/04\/fmi.jpg?resize=525%2C300 1.5x"},"classes":[]},{"id":111291,"url":"https:\/\/www.24baires.com\/?p=111291","url_meta":{"origin":112506,"position":3},"title":"El FMI anticipa menos consumo y menos inversi\u00f3n","author":"AF","date":"23\/07\/2019","format":false,"excerpt":"En una actualizaci\u00f3n del Panorama Econ\u00f3mico Mundial, el Fondo ratific\u00f3 que la econom\u00eda argentina caer\u00e1 1,3 por ciento este a\u00f1o. El consumo bajar\u00e1 4,8 y la inversi\u00f3n, 17,5 por ciento. El Fondo Monetario Internacional espera que la econom\u00eda argentina se contraiga 1,3 por ciento este a\u00f1o. Las estimaciones actualizadas del\u2026","rel":"","context":"En \u00abEconom\u00eda\u00bb","block_context":{"text":"Econom\u00eda","link":"https:\/\/www.24baires.com\/?cat=45"},"img":{"alt_text":"","src":"https:\/\/i0.wp.com\/www.24baires.com\/wp-content\/uploads\/2016\/04\/fmi.jpg?resize=350%2C200","width":350,"height":200,"srcset":"https:\/\/i0.wp.com\/www.24baires.com\/wp-content\/uploads\/2016\/04\/fmi.jpg?resize=350%2C200 1x, https:\/\/i0.wp.com\/www.24baires.com\/wp-content\/uploads\/2016\/04\/fmi.jpg?resize=525%2C300 1.5x"},"classes":[]},{"id":65140,"url":"https:\/\/www.24baires.com\/?p=65140","url_meta":{"origin":112506,"position":4},"title":"El FMI le pide a Argentina que recorte el gasto p\u00fablico y deval\u00fae","author":"AF","date":"29\/04\/2015","format":false,"excerpt":"El Fondo Monetario Internacional (FMI) present\u00f3 un informe en el que solicit\u00f3 que el pa\u00eds leve a cabo pol\u00edticas macroecon\u00f3micas restrictivas para afianzar el crecimiento. El Fondo Monetario Internacional (FMI) present\u00f3 su informe anual titulados Perspectivas Econ\u00f3micas del Hemisferio Occidental para 2015. \"El Norte se recupera, el Sur a\u00fan espera\"\u2026","rel":"","context":"En \u00abEconom\u00eda\u00bb","block_context":{"text":"Econom\u00eda","link":"https:\/\/www.24baires.com\/?cat=45"},"img":{"alt_text":"fmi","src":"https:\/\/i0.wp.com\/www.24baires.com\/wp-content\/uploads\/2015\/04\/fmi.jpg?resize=350%2C200","width":350,"height":200,"srcset":"https:\/\/i0.wp.com\/www.24baires.com\/wp-content\/uploads\/2015\/04\/fmi.jpg?resize=350%2C200 1x, https:\/\/i0.wp.com\/www.24baires.com\/wp-content\/uploads\/2015\/04\/fmi.jpg?resize=525%2C300 1.5x"},"classes":[]},{"id":107668,"url":"https:\/\/www.24baires.com\/?p=107668","url_meta":{"origin":112506,"position":5},"title":"El FMI se arrepinti\u00f3 y asegur\u00f3 que la crisis argentina puede empeorar","author":"GB","date":"15\/04\/2019","format":false,"excerpt":"Tal como ocurri\u00f3 con las previsiones de la primera versi\u00f3n del pacto que firm\u00f3 el Gobierno, el director del departamento del Hemisferio Occidental del Fondo admiti\u00f3 que el pron\u00f3stico de recuperaci\u00f3n de la econom\u00eda argentina que hizo el organismo para la segunda mitad del a\u00f1o y que Macri usa en\u2026","rel":"","context":"En \u00abPol\u00edtica\u00bb","block_context":{"text":"Pol\u00edtica","link":"https:\/\/www.24baires.com\/?cat=51"},"img":{"alt_text":"","src":"https:\/\/i0.wp.com\/www.24baires.com\/wp-content\/uploads\/2019\/04\/FMI.jpg?resize=350%2C200","width":350,"height":200,"srcset":"https:\/\/i0.wp.com\/www.24baires.com\/wp-content\/uploads\/2019\/04\/FMI.jpg?resize=350%2C200 1x, https:\/\/i0.wp.com\/www.24baires.com\/wp-content\/uploads\/2019\/04\/FMI.jpg?resize=525%2C300 1.5x"},"classes":[]}],"jetpack_sharing_enabled":true,"jetpack_likes_enabled":true,"_links":{"self":[{"href":"https:\/\/www.24baires.com\/index.php?rest_route=\/wp\/v2\/posts\/112506","targetHints":{"allow":["GET"]}}],"collection":[{"href":"https:\/\/www.24baires.com\/index.php?rest_route=\/wp\/v2\/posts"}],"about":[{"href":"https:\/\/www.24baires.com\/index.php?rest_route=\/wp\/v2\/types\/post"}],"author":[{"embeddable":true,"href":"https:\/\/www.24baires.com\/index.php?rest_route=\/wp\/v2\/users\/4"}],"replies":[{"embeddable":true,"href":"https:\/\/www.24baires.com\/index.php?rest_route=%2Fwp%2Fv2%2Fcomments&post=112506"}],"version-history":[{"count":1,"href":"https:\/\/www.24baires.com\/index.php?rest_route=\/wp\/v2\/posts\/112506\/revisions"}],"predecessor-version":[{"id":112507,"href":"https:\/\/www.24baires.com\/index.php?rest_route=\/wp\/v2\/posts\/112506\/revisions\/112507"}],"wp:attachment":[{"href":"https:\/\/www.24baires.com\/index.php?rest_route=%2Fwp%2Fv2%2Fmedia&parent=112506"}],"wp:term":[{"taxonomy":"category","embeddable":true,"href":"https:\/\/www.24baires.com\/index.php?rest_route=%2Fwp%2Fv2%2Fcategories&post=112506"},{"taxonomy":"post_tag","embeddable":true,"href":"https:\/\/www.24baires.com\/index.php?rest_route=%2Fwp%2Fv2%2Ftags&post=112506"}],"curies":[{"name":"wp","href":"https:\/\/api.w.org\/{rel}","templated":true}]}}