{"id":112403,"date":"2019-10-08T10:21:36","date_gmt":"2019-10-08T13:21:36","guid":{"rendered":"http:\/\/www.24baires.com\/?p=112403"},"modified":"2019-10-08T10:21:36","modified_gmt":"2019-10-08T13:21:36","slug":"la-canasta-basica-para-jubilados-ascendio-a-casi-38-000-pesos","status":"publish","type":"post","link":"https:\/\/www.24baires.com\/?p=112403","title":{"rendered":"La canasta b\u00e1sica para jubilados ascendi\u00f3 a casi 38.000 pesos"},"content":{"rendered":"<p><img data-recalc-dims=\"1\" loading=\"lazy\" decoding=\"async\" src=\"https:\/\/i0.wp.com\/www.24baires.com\/wp-content\/uploads\/2017\/12\/jubilados.jpg?resize=560%2C354\" alt=\"\" width=\"560\" height=\"354\" class=\"aligncenter size-full wp-image-99626\" srcset=\"https:\/\/i0.wp.com\/www.24baires.com\/wp-content\/uploads\/2017\/12\/jubilados.jpg?w=560&amp;ssl=1 560w, https:\/\/i0.wp.com\/www.24baires.com\/wp-content\/uploads\/2017\/12\/jubilados.jpg?resize=300%2C190&amp;ssl=1 300w\" sizes=\"auto, (max-width: 560px) 100vw, 560px\" \/>La Defensor\u00eda de la Tercera Edad advirti\u00f3 que 7 de cada 10 no cubren sus necesidades b\u00e1sicas. La jubilaci\u00f3n m\u00ednima es inferior a los 13.000 pesos<!--more--><\/p>\n<p>Los jubilados y jubiladas pertenecen a uno de los sectores m\u00e1s golpeados por la devaluaci\u00f3n y la inflaci\u00f3n de los \u00faltimos meses. As\u00ed lo revel\u00f3 la Defensor\u00eda de la Tercera Edad en un informe: la canasta b\u00e1sica alcanz\u00f3 en octubre los $37.815 y siete de cada diez no llega a cubrir sus necesidades b\u00e1sicas de subsistencia.<\/p>\n<p>El organismo conducido por Eugenio Semino se\u00f1al\u00f3 que la canasta de los jubilados se mide dos veces por a\u00f1o y que, en esta oportunidad, debido a los altos niveles de inflaci\u00f3n, se lleg\u00f3 a la conclusi\u00f3n de que quienes cubren sus necesidades b\u00e1sicas son apenas el 30% de los jubilados.<\/p>\n<p>En esa l\u00ednea, mostraron que existe \u201cun desfasaje con los haberes de alrededor de 2.500.000 jubilados y pensionados que perciben una remuneraci\u00f3n m\u00ednima de $12.937\u201d. Es decir, que quienes cobran el monto b\u00e1sico de jubilaci\u00f3n necesitan mensualmente 2,92 veces esa remuneraci\u00f3n para poder subsistir sin problemas. Para colmo, existen pensiones no contributivas y la pensi\u00f3n universal para adultos mayores que se ubican en $9.056 y $10.349.<\/p>\n<p>En diciembre de 2018, seg\u00fan la Defensor\u00eda, la canasta b\u00e1sica ten\u00eda un valor apenas superior a los 21.100 pesos. En abril de este a\u00f1o se actualiz\u00f3 a $30.500 y con la disparada del d\u00f3lar en agosto m\u00e1s el \u00faltimo relevamiento se ubic\u00f3 en $37.815.<\/p>\n","protected":false},"excerpt":{"rendered":"<p>La Defensor\u00eda de la Tercera Edad advirti\u00f3 que 7 de cada 10 no cubren sus necesidades b\u00e1sicas. La jubilaci\u00f3n m\u00ednima es inferior a los 13.000 pesos<\/p>\n","protected":false},"author":8,"featured_media":0,"comment_status":"open","ping_status":"open","sticky":false,"template":"","format":"standard","meta":{"_jetpack_newsletter_access":"","_jetpack_dont_email_post_to_subs":false,"_jetpack_newsletter_tier_id":0,"_jetpack_memberships_contains_paywalled_content":false,"_jetpack_memberships_contains_paid_content":false,"footnotes":""},"categories":[45],"tags":[],"class_list":["post-112403","post","type-post","status-publish","format-standard","hentry","category-economia"],"jetpack_featured_media_url":"","jetpack_shortlink":"https:\/\/wp.me\/p2JWE0-teX","jetpack-related-posts":[{"id":103991,"url":"https:\/\/www.24baires.com\/?p=103991","url_meta":{"origin":112403,"position":0},"title":"Siete de cada diez jubilados no alcanzan a cubrir los productos para subsistir","author":"AF","date":"20\/08\/2018","format":false,"excerpt":"La canasta b\u00e1sica para un jubilado lleg\u00f3 en agosto a los 21 mil pesos, seg\u00fan el relevamiento de la Defensor\u00eda de la Tercera Edad mientras que el haber m\u00ednimo, el que cobra la abrumadora mayor\u00eda de los jubilados, apenas llega a los 8.200 pesos. La Defensor\u00eda de la Tercera Edad\u2026","rel":"","context":"En \u00abSociedad\u00bb","block_context":{"text":"Sociedad","link":"https:\/\/www.24baires.com\/?cat=1"},"img":{"alt_text":"","src":"https:\/\/i0.wp.com\/www.24baires.com\/wp-content\/uploads\/2017\/12\/jubilados.jpg?resize=350%2C200","width":350,"height":200,"srcset":"https:\/\/i0.wp.com\/www.24baires.com\/wp-content\/uploads\/2017\/12\/jubilados.jpg?resize=350%2C200 1x, https:\/\/i0.wp.com\/www.24baires.com\/wp-content\/uploads\/2017\/12\/jubilados.jpg?resize=525%2C300 1.5x"},"classes":[]},{"id":112433,"url":"https:\/\/www.24baires.com\/?p=112433","url_meta":{"origin":112403,"position":1},"title":"La canasta b\u00e1sica de los jubilados ya ronda los tres haberes m\u00ednimos","author":"AF","date":"09\/10\/2019","format":false,"excerpt":"As\u00ed lo advirti\u00f3 la Defensor\u00eda de la Tercera Edad, que analiz\u00f3 la inflaci\u00f3n sufrida por esta franja etaria en lo que va del a\u00f1o y los rubros m\u00e1s afectados. La canasta b\u00e1sica de los jubilados aument\u00f3 24% en un lapso de seis meses y lleg\u00f3 en octubre a $37.815, es\u2026","rel":"","context":"En \u00abSociedad\u00bb","block_context":{"text":"Sociedad","link":"https:\/\/www.24baires.com\/?cat=1"},"img":{"alt_text":"","src":"https:\/\/i0.wp.com\/www.24baires.com\/wp-content\/uploads\/2017\/12\/jubilados.jpg?resize=350%2C200","width":350,"height":200,"srcset":"https:\/\/i0.wp.com\/www.24baires.com\/wp-content\/uploads\/2017\/12\/jubilados.jpg?resize=350%2C200 1x, https:\/\/i0.wp.com\/www.24baires.com\/wp-content\/uploads\/2017\/12\/jubilados.jpg?resize=525%2C300 1.5x"},"classes":[]},{"id":93835,"url":"https:\/\/www.24baires.com\/?p=93835","url_meta":{"origin":112403,"position":2},"title":"La UCA revel\u00f3 que el 40% de los jubilados no llega a fin de mes","author":"GB","date":"15\/04\/2017","format":false,"excerpt":"Casi la mitad no cubre con sus haberes sus necesidades b\u00e1sicas, seg\u00fan un estudio de la universidad. El 10% se encuentra en riesgo alimentario. El 40% de los jubilados no llega a fin de mes y uno de cada 10 se encuentra en riesgo alimentario, de acuerdo a la Universidad\u2026","rel":"","context":"En \u00abSociedad\u00bb","block_context":{"text":"Sociedad","link":"https:\/\/www.24baires.com\/?cat=1"},"img":{"alt_text":"","src":"https:\/\/i0.wp.com\/www.24baires.com\/wp-content\/uploads\/2014\/05\/jubilados2.jpg?resize=350%2C200","width":350,"height":200,"srcset":"https:\/\/i0.wp.com\/www.24baires.com\/wp-content\/uploads\/2014\/05\/jubilados2.jpg?resize=350%2C200 1x, https:\/\/i0.wp.com\/www.24baires.com\/wp-content\/uploads\/2014\/05\/jubilados2.jpg?resize=525%2C300 1.5x"},"classes":[]},{"id":100725,"url":"https:\/\/www.24baires.com\/?p=100725","url_meta":{"origin":112403,"position":3},"title":"Mandar a un chico a la escuela es 28 por ciento m\u00e1s caro que en 2017","author":"GB","date":"26\/02\/2018","format":false,"excerpt":"Surge de un estudio de la Defensor\u00eda del Pueblo, centrado en La Plata y el Conurbano, que revela que la canasta escolar cuesta unos 3.658 pesos. Qu\u00e9 productos se encarecieron mas. Un informe difundido por la Defensor\u00eda del Pueblo da cuenta de que, de a\u00f1o a a\u00f1o, el costo de\u2026","rel":"","context":"En \u00abConsumidores\u00bb","block_context":{"text":"Consumidores","link":"https:\/\/www.24baires.com\/?cat=78"},"img":{"alt_text":"","src":"https:\/\/i0.wp.com\/www.24baires.com\/wp-content\/uploads\/2014\/02\/%C3%BAtiles-escolares-300x199.jpg?resize=350%2C200","width":350,"height":200},"classes":[]},{"id":111028,"url":"https:\/\/www.24baires.com\/?p=111028","url_meta":{"origin":112403,"position":4},"title":"Alimentos de la canasta b\u00e1sica aumentaron casi 8% por encima de la inflaci\u00f3n","author":"GB","date":"02\/07\/2019","format":false,"excerpt":"Los productos que m\u00e1s subieron fueron: la harina 98,6%, los fideos 93%, pollo 92,2%, leche 85,5%, arroz blanco 79,7%, y aceite de girasol un 70,7%. El Observatorio de Pol\u00edticas P\u00fablicas de la Universidad Nacional de Avellaneda (UNDAV) dio a conocer que una jubilaci\u00f3n media deber\u00e1 destinar el 94,3% de su\u2026","rel":"","context":"En \u00abEconom\u00eda\u00bb","block_context":{"text":"Econom\u00eda","link":"https:\/\/www.24baires.com\/?cat=45"},"img":{"alt_text":"","src":"https:\/\/i0.wp.com\/www.24baires.com\/wp-content\/uploads\/2018\/08\/supermercado.jpg?resize=350%2C200","width":350,"height":200,"srcset":"https:\/\/i0.wp.com\/www.24baires.com\/wp-content\/uploads\/2018\/08\/supermercado.jpg?resize=350%2C200 1x, https:\/\/i0.wp.com\/www.24baires.com\/wp-content\/uploads\/2018\/08\/supermercado.jpg?resize=525%2C300 1.5x"},"classes":[]},{"id":106875,"url":"https:\/\/www.24baires.com\/?p=106875","url_meta":{"origin":112403,"position":5},"title":"Macri elimin\u00f3 el reintegro del 15% del IVA para compras con d\u00e9bito","author":"AF","date":"17\/02\/2019","format":false,"excerpt":"Cambiemos vuelve a ajustar a los mayores: ahora elimin\u00f3 el programa que beneficiaba por sus transacciones con tarjeta de d\u00e9bito a jubilados y beneficiarios de planes sociales. En l\u00ednea con el \u00faltimo documento del FMI que presiona sobre mayores cambios regresivos en el sistema jubilatorio, el gobierno de Mauricio Macri\u2026","rel":"","context":"En \u00abSociedad\u00bb","block_context":{"text":"Sociedad","link":"https:\/\/www.24baires.com\/?cat=1"},"img":{"alt_text":"","src":"https:\/\/i0.wp.com\/www.24baires.com\/wp-content\/uploads\/2014\/07\/tarjeta-de-credito-post-net.jpg?resize=350%2C200","width":350,"height":200,"srcset":"https:\/\/i0.wp.com\/www.24baires.com\/wp-content\/uploads\/2014\/07\/tarjeta-de-credito-post-net.jpg?resize=350%2C200 1x, https:\/\/i0.wp.com\/www.24baires.com\/wp-content\/uploads\/2014\/07\/tarjeta-de-credito-post-net.jpg?resize=525%2C300 1.5x"},"classes":[]}],"jetpack_sharing_enabled":true,"jetpack_likes_enabled":true,"_links":{"self":[{"href":"https:\/\/www.24baires.com\/index.php?rest_route=\/wp\/v2\/posts\/112403","targetHints":{"allow":["GET"]}}],"collection":[{"href":"https:\/\/www.24baires.com\/index.php?rest_route=\/wp\/v2\/posts"}],"about":[{"href":"https:\/\/www.24baires.com\/index.php?rest_route=\/wp\/v2\/types\/post"}],"author":[{"embeddable":true,"href":"https:\/\/www.24baires.com\/index.php?rest_route=\/wp\/v2\/users\/8"}],"replies":[{"embeddable":true,"href":"https:\/\/www.24baires.com\/index.php?rest_route=%2Fwp%2Fv2%2Fcomments&post=112403"}],"version-history":[{"count":1,"href":"https:\/\/www.24baires.com\/index.php?rest_route=\/wp\/v2\/posts\/112403\/revisions"}],"predecessor-version":[{"id":112404,"href":"https:\/\/www.24baires.com\/index.php?rest_route=\/wp\/v2\/posts\/112403\/revisions\/112404"}],"wp:attachment":[{"href":"https:\/\/www.24baires.com\/index.php?rest_route=%2Fwp%2Fv2%2Fmedia&parent=112403"}],"wp:term":[{"taxonomy":"category","embeddable":true,"href":"https:\/\/www.24baires.com\/index.php?rest_route=%2Fwp%2Fv2%2Fcategories&post=112403"},{"taxonomy":"post_tag","embeddable":true,"href":"https:\/\/www.24baires.com\/index.php?rest_route=%2Fwp%2Fv2%2Ftags&post=112403"}],"curies":[{"name":"wp","href":"https:\/\/api.w.org\/{rel}","templated":true}]}}