{"id":11240,"date":"2013-01-04T22:28:51","date_gmt":"2013-01-05T01:28:51","guid":{"rendered":"http:\/\/www.24baires.com\/?p=11240"},"modified":"2013-01-05T13:52:01","modified_gmt":"2013-01-05T16:52:01","slug":"avanza-la-causa-penal-contra-magnetto-y-otros-por-la-apropiacion-irregular-de-canal-13","status":"publish","type":"post","link":"https:\/\/www.24baires.com\/?p=11240","title":{"rendered":"Avanza la causa penal contra Magnetto y otros por \u00abla apropiaci\u00f3n irregular de Canal 13\u00bb"},"content":{"rendered":"<p>El ex delegado del personal de Canal 13, Jos\u00e9 Carbonelli, denunci\u00f3 penalmente \u201cpor asociaci\u00f3n il\u00edcita y por encubrimiento al delito por terrorismo de Estado\u201d a los due\u00f1os del<strong> Grupo Clar\u00edn, H\u00e9ctor Magnetto, Lucio Pagliaro, Ernestina Herrera de Noble, <\/strong>adem\u00e1s de los funcionarios<strong> Alberto Fern\u00e1ndez, Julio B\u00e1rbaro\u00a0y al ex Presidente Carlos Menem<\/strong>, cuyo principal fin fue la apropiaci\u00f3n irregular de Canal 13 por parte del Multimedios y la violaci\u00f3n del Pliego Licitatorio. \u00a0En el \u00faltimo mes la causa tuvo importantes avances.\u00a0<!--more--><br \/>\nLa causa fue radicada en el Juzgado Criminal y Correccional Federal N\u00ba 12 a Cargo del Juez Sergio Torres, con expediente N\u00ba 12.940\/12, \u00a0de fecha 7-12-12. contra Grupo Clar\u00edn, H\u00e9ctor Magnetto, Ernestina Herrera de Noble, Lucio Pagliaro y otros; ex Presidente C. Menem, Alberto Fern\u00e1ndez y Julio B\u00e1rbaro.<br \/>\nLa denuncia por encubrimiento del terrorismo de Estado \u201cse fundamenta en la complicidad de Menem y los due\u00f1os del multimedios en ocultar la deuda millonaria por 3.500.000 de d\u00f3lares que el Canal estatal deb\u00eda al empresario Reynaldo Defranco Fant\u00edn, antes de su privatizaci\u00f3n, que fuera estafado secuestrado y detenido por m\u00e1s de tres a\u00f1os por la dictadura militar, y al no reconocerles el pago de esa deuda fueron encubridores. En vez de saldarla y denunciar el delito por terrorismo de Estado, como lo hemos realizado en su oportunidad, y que a partir de nuestras denuncias institucional y p\u00fablica, este caso hoy, se est\u00e1 investigando en la justicia como delito de lesa humanidad a trav\u00e9s de un Dictamen del Fiscal Federal Federico Delgado.<\/p>\n<p>En la misma presentaci\u00f3n tambi\u00e9n denunci\u00f3 como \u201cmiembros de esa asociaci\u00f3n ilicita al ex Jefe de Gabinete Alberto Fern\u00e1ndez y al ex interventor del Comit\u00e9 Federal de Radiodifusi\u00f3n, Julio B\u00e1rbaro por violar los deberes de funcionario p\u00fablico, al ser los responsables de la operaci\u00f3n de prorrogarle por 20 a\u00f1os la licencia de Canal 13 al Grupo Clar\u00edn; ocultar los defalcos millonarios contra el Estado y los trabajadores en beneficio del mismo Grupo, desoyendo las resoluciones de los \u00f3rganos de control del Estado, como el Superior Tribunal de Cuentas de la Naci\u00f3n, la Auditor\u00eda General de la Naci\u00f3n, la Sindicatura General de la Naci\u00f3n, las C\u00e1mara de Diputados y Senadores del Congreso Nacional, el Ministerio de Trabajo y la C\u00e1mara Nacional de Apelaciones del Trabajo, entre otros\u201d.<\/p>\n<p>Carbonelli denunci\u00f3 ante la Justicia al CEO del Grupo, H\u00e9ctor Magnetto como Jefe de la asociaci\u00f3n il\u00edcita, por ser el coordinador de la pluralidad de planes delictivos que vienen cometiendo, que ahora intenta victimizarse, pero no podr\u00e1 acallar m\u00e1s nuestras denuncias sobre el defalco de 15.000.000 de d\u00f3lares cometido por el Grupo en perjuicio del Estado y de los trabajadores en la adquisici\u00f3n irregular de la Licencia de Canal 13, que fuera abonada a un valor irrisorio de 5 millones de d\u00f3lares y que adem\u00e1s fue pagada con los 7 millones de d\u00f3lares que ARTEAR S.A. nos rob\u00f3 de nuestros salarios a los trabajadores, probado por Resoluciones del Superior Tribunal de Cuentas de la Naci\u00f3n, el Ministerio de Trabajo y por la C\u00e1mara Nacional de Apelaciones del Trabajo.<\/p>\n<p>Carbonelli fund\u00f3 el derecho \u201cen lo normado por el art. 210 del CP. Ya que la asociaci\u00f3n il\u00edcita supone una asociaci\u00f3n estable, permanente, racionalizada y que se caracteriza por la eficiencia y la astucia de sus miembros en el quebrantamiento de la ley. La asociaci\u00f3n il\u00edcita no produce resultado visible en el mundo exterior y su prueba depende o del propio reconocimiento de los delincuentes y por el n\u00famero de delitos que en com\u00fan acuerdo llevan cabo, como la condonaci\u00f3n millonaria de 310.000.000 de d\u00f3lares en perjuicio del Estado, que el ex Presidente Menen, a trav\u00e9s de dos Decretos le otorg\u00f3 al Grupo, por incumplimientos de deudas por no pago de grav\u00e1menes y multas, ya que con ese dinero ahorrado se apropiaron m\u00e1s de 300 Licencias de televisi\u00f3n por cable en todo el pa\u00eds. Ese robo al Estado fue comprobado por la Sindicatura General de la Naci\u00f3n ante el ex COMFER.\u201d<\/p>\n<p>Asimismo, sostuvo ante la Justicia \u201cque el Grupo Clar\u00edn no puede desinvertir lo que nunca invirti\u00f3 y que antes de hacerlo, deber\u00e1 saldar los defalcos millonarios contra el Estado y los trabajadores, a quienes deber\u00e1n cumplimentar el pago de los 7.000.000 de d\u00f3lares adeudados, m\u00e1s los 120.000.000 de d\u00f3lares que debieron ser pagados a los trabajadores, por el 10% de las acciones por propiedad participada como fuera concedido a los empleados de todas las empresa Estatales que fueron privatizadas\u00bb.<\/p>\n<p>&nbsp;<\/p>\n<p>&nbsp;<\/p>\n","protected":false},"excerpt":{"rendered":"<p>El ex delegado del personal de Canal 13, Jos\u00e9 Carbonelli, denunci\u00f3 penalmente \u201cpor asociaci\u00f3n il\u00edcita y por encubrimiento al delito por terrorismo de Estado\u201d a los due\u00f1os del Grupo Clar\u00edn, H\u00e9ctor Magnetto, Lucio Pagliaro, Ernestina Herrera de Noble, adem\u00e1s de los funcionarios Alberto Fern\u00e1ndez, Julio B\u00e1rbaro\u00a0y al ex Presidente Carlos Menem, cuyo principal fin fue la apropiaci\u00f3n irregular de Canal [&#8230;]<\/p>\n","protected":false},"author":11,"featured_media":0,"comment_status":"open","ping_status":"open","sticky":false,"template":"","format":"standard","meta":{"_jetpack_newsletter_access":"","_jetpack_dont_email_post_to_subs":false,"_jetpack_newsletter_tier_id":0,"_jetpack_memberships_contains_paywalled_content":false,"_jetpack_memberships_contains_paid_content":false,"footnotes":""},"categories":[54],"tags":[],"class_list":["post-11240","post","type-post","status-publish","format-standard","hentry","category-medios"],"jetpack_featured_media_url":"","jetpack_shortlink":"https:\/\/wp.me\/p2JWE0-2Vi","jetpack-related-posts":[{"id":46639,"url":"https:\/\/www.24baires.com\/?p=46639","url_meta":{"origin":11240,"position":0},"title":"Solicitan la declaraci\u00f3n de Magnetto y Menem por apropiaci\u00f3n irregular de Canal 13","author":"AF","date":"24\/05\/2014","format":false,"excerpt":"Lo hizo ante la Justicia un ex delegado sindical del canal que denunci\u00f3 a los due\u00f1os del Grupon Clar\u00edn por \u201casociaci\u00f3n il\u00edcita y encubrimiento de terrorismo de Estado\u201d, y al ex presidente de la naci\u00f3n por \u201capropiaci\u00f3n irregular\" de la se\u00f1al de TV por parte del multimedio y la violaci\u00f3n\u2026","rel":"","context":"En \u00abMedios\u00bb","block_context":{"text":"Medios","link":"https:\/\/www.24baires.com\/?cat=54"},"img":{"alt_text":"menem magnetto","src":"https:\/\/i0.wp.com\/www.24baires.com\/wp-content\/uploads\/2014\/05\/menem-magnetto.jpg?resize=350%2C200","width":350,"height":200,"srcset":"https:\/\/i0.wp.com\/www.24baires.com\/wp-content\/uploads\/2014\/05\/menem-magnetto.jpg?resize=350%2C200 1x, https:\/\/i0.wp.com\/www.24baires.com\/wp-content\/uploads\/2014\/05\/menem-magnetto.jpg?resize=525%2C300 1.5x"},"classes":[]},{"id":61661,"url":"https:\/\/www.24baires.com\/?p=61661","url_meta":{"origin":11240,"position":1},"title":"Presentan al juez pruebas que \u00abconfirman la apropiaci\u00f3n irregular de Canal 13 por el Grupo Clar\u00edn\u00bb","author":"GB","date":"12\/02\/2015","format":false,"excerpt":"El ex delegado gremial Jos\u00e9 Carbonelli present\u00f3 esta semana ante Sergio Torres pruebas que, asever\u00f3, \u201cconfirman contundentemente que el Grupo Clar\u00edn se apropi\u00f3 irregularmente\u201d de la emisora. \u201cSe prob\u00f3 que entre el ex presidente Carlos Menem y el grupo monop\u00f3lico representado por H\u00e9ctor Magnetto celebraron un contrato nulo, de nulidad\u2026","rel":"","context":"En \u00abMedios\u00bb","block_context":{"text":"Medios","link":"https:\/\/www.24baires.com\/?cat=54"},"img":{"alt_text":"clar\u00edn","src":"https:\/\/i0.wp.com\/www.24baires.com\/wp-content\/uploads\/2014\/10\/clar%C3%ADn.jpg?resize=350%2C200","width":350,"height":200,"srcset":"https:\/\/i0.wp.com\/www.24baires.com\/wp-content\/uploads\/2014\/10\/clar%C3%ADn.jpg?resize=350%2C200 1x, https:\/\/i0.wp.com\/www.24baires.com\/wp-content\/uploads\/2014\/10\/clar%C3%ADn.jpg?resize=525%2C300 1.5x"},"classes":[]},{"id":38822,"url":"https:\/\/www.24baires.com\/?p=38822","url_meta":{"origin":11240,"position":2},"title":"Menem les condon\u00f3 u$s 310 millones de deuda y Clar\u00edn habla de canales estatales deficitarios","author":"Grupo Sierra","date":"19\/01\/2014","format":false,"excerpt":"El ex delegado gremial de Artear Jos\u00e9 Carbonelli acus\u00f3 al CEO de Clar\u00edn, H\u00e9ctor Magnetto, de \"inmoral\" porque argument\u00f3 que \"mientras (el expresidente Carlos) Menem les condon\u00f3 310 millones de d\u00f3lares por deudas impagas al Estado, hoy Clar\u00edn publica que canales estatales generaron deudas millonarias al Estado\u201d. \"Luego de beneficiarse\u2026","rel":"","context":"En \u00abMedios\u00bb","block_context":{"text":"Medios","link":"https:\/\/www.24baires.com\/?cat=54"},"img":{"alt_text":"","src":"","width":0,"height":0},"classes":[]},{"id":54569,"url":"https:\/\/www.24baires.com\/?p=54569","url_meta":{"origin":11240,"position":3},"title":"Investigan por maniobras fraudulentas al Grupo Clar\u00edn y al Banco Mariva","author":"AF","date":"01\/10\/2014","format":false,"excerpt":"La entidad est\u00e1 siendo investigada por el fiscal Miguel Osorio, en la misma causa que lo hace con Ernestina Herrera, H\u00e9ctor Magnetto, Jos\u00e9 Aranda y Lucio Pagliaro, por la transferencia a una entidad financiera de Bahamas de m\u00e1s de $ 3 millones en octubre de 2008. El Banco Mariva, se\u00f1alado\u2026","rel":"","context":"En \u00abEconom\u00eda\u00bb","block_context":{"text":"Econom\u00eda","link":"https:\/\/www.24baires.com\/?cat=45"},"img":{"alt_text":"clar\u00edn","src":"https:\/\/i0.wp.com\/www.24baires.com\/wp-content\/uploads\/2014\/10\/clar%C3%ADn.jpg?resize=350%2C200","width":350,"height":200,"srcset":"https:\/\/i0.wp.com\/www.24baires.com\/wp-content\/uploads\/2014\/10\/clar%C3%ADn.jpg?resize=350%2C200 1x, https:\/\/i0.wp.com\/www.24baires.com\/wp-content\/uploads\/2014\/10\/clar%C3%ADn.jpg?resize=525%2C300 1.5x"},"classes":[]},{"id":35863,"url":"https:\/\/www.24baires.com\/?p=35863","url_meta":{"origin":11240,"position":4},"title":"Investigan a los principales accionistas del Grupo Clar\u00edn por supuesto lavado de dinero","author":"AF","date":"28\/11\/2013","format":false,"excerpt":"La Procelac consider\u00f3 que corresponde investigar a Ernestina Herrera, H\u00e9ctor Magnetto, Jos\u00e9 Aranda y Lucio Pagliaro por la transferencia a un banco de Bahamas de m\u00e1s de 3 millones de pesos en octubre de 2008, un d\u00eda despu\u00e9s de que el grupo fuera denunciado por maniobras il\u00edcitas en la venta\u2026","rel":"","context":"En \u00abMedios\u00bb","block_context":{"text":"Medios","link":"https:\/\/www.24baires.com\/?cat=54"},"img":{"alt_text":"magnetto aranda pagliaro herrera","src":"https:\/\/i0.wp.com\/www.24baires.com\/wp-content\/uploads\/2013\/11\/magnetto-aranda-pagliaro-herrera.jpg?resize=350%2C200","width":350,"height":200,"srcset":"https:\/\/i0.wp.com\/www.24baires.com\/wp-content\/uploads\/2013\/11\/magnetto-aranda-pagliaro-herrera.jpg?resize=350%2C200 1x, https:\/\/i0.wp.com\/www.24baires.com\/wp-content\/uploads\/2013\/11\/magnetto-aranda-pagliaro-herrera.jpg?resize=525%2C300 1.5x"},"classes":[]},{"id":41949,"url":"https:\/\/www.24baires.com\/?p=41949","url_meta":{"origin":11240,"position":5},"title":"Magnetto se alej\u00f3 de Clar\u00edn hasta terminar con la adecuaci\u00f3n a la Ley de Medios","author":"Grupo Sierra","date":"11\/03\/2014","format":false,"excerpt":"El CEO del grupo y sus principales compa\u00f1eros en la gesti\u00f3n del multimedios dejaron sus puestos directivos para privilegiar su rol de accionistas. El nuevo presidente de la compa\u00f1\u00eda es Jorge Rendo. El CEO del Grupo Clar\u00edn, H\u00e9ctor Magnetto, y los principales accionistas de la compa\u00f1\u00eda Jos\u00e9 Aranda, Lucio Pagliaro\u2026","rel":"","context":"En \u00abPol\u00edtica\u00bb","block_context":{"text":"Pol\u00edtica","link":"https:\/\/www.24baires.com\/?cat=51"},"img":{"alt_text":"mitre_y_magnetto_Papel-Prensa","src":"https:\/\/i0.wp.com\/www.24baires.com\/wp-content\/uploads\/2013\/05\/mitre_y_magnetto_Papel-Prensa.jpg?resize=350%2C200","width":350,"height":200,"srcset":"https:\/\/i0.wp.com\/www.24baires.com\/wp-content\/uploads\/2013\/05\/mitre_y_magnetto_Papel-Prensa.jpg?resize=350%2C200 1x, https:\/\/i0.wp.com\/www.24baires.com\/wp-content\/uploads\/2013\/05\/mitre_y_magnetto_Papel-Prensa.jpg?resize=525%2C300 1.5x"},"classes":[]}],"jetpack_sharing_enabled":true,"jetpack_likes_enabled":true,"_links":{"self":[{"href":"https:\/\/www.24baires.com\/index.php?rest_route=\/wp\/v2\/posts\/11240","targetHints":{"allow":["GET"]}}],"collection":[{"href":"https:\/\/www.24baires.com\/index.php?rest_route=\/wp\/v2\/posts"}],"about":[{"href":"https:\/\/www.24baires.com\/index.php?rest_route=\/wp\/v2\/types\/post"}],"author":[{"embeddable":true,"href":"https:\/\/www.24baires.com\/index.php?rest_route=\/wp\/v2\/users\/11"}],"replies":[{"embeddable":true,"href":"https:\/\/www.24baires.com\/index.php?rest_route=%2Fwp%2Fv2%2Fcomments&post=11240"}],"version-history":[{"count":3,"href":"https:\/\/www.24baires.com\/index.php?rest_route=\/wp\/v2\/posts\/11240\/revisions"}],"predecessor-version":[{"id":11247,"href":"https:\/\/www.24baires.com\/index.php?rest_route=\/wp\/v2\/posts\/11240\/revisions\/11247"}],"wp:attachment":[{"href":"https:\/\/www.24baires.com\/index.php?rest_route=%2Fwp%2Fv2%2Fmedia&parent=11240"}],"wp:term":[{"taxonomy":"category","embeddable":true,"href":"https:\/\/www.24baires.com\/index.php?rest_route=%2Fwp%2Fv2%2Fcategories&post=11240"},{"taxonomy":"post_tag","embeddable":true,"href":"https:\/\/www.24baires.com\/index.php?rest_route=%2Fwp%2Fv2%2Ftags&post=11240"}],"curies":[{"name":"wp","href":"https:\/\/api.w.org\/{rel}","templated":true}]}}