{"id":112387,"date":"2019-10-07T10:00:58","date_gmt":"2019-10-07T13:00:58","guid":{"rendered":"http:\/\/www.24baires.com\/?p=112387"},"modified":"2019-10-07T08:14:12","modified_gmt":"2019-10-07T11:14:12","slug":"docentes-privados-denuncian-que-la-camara-empresaria-se-niega-a-pagar-el-bono","status":"publish","type":"post","link":"https:\/\/www.24baires.com\/?p=112387","title":{"rendered":"Docentes privados denuncian que la c\u00e1mara empresaria se niega a pagar el bono"},"content":{"rendered":"<p><img data-recalc-dims=\"1\" loading=\"lazy\" decoding=\"async\" src=\"https:\/\/i0.wp.com\/www.24baires.com\/wp-content\/uploads\/2017\/09\/sadop.jpg?resize=560%2C319\" alt=\"\" width=\"560\" height=\"319\" class=\"aligncenter size-full wp-image-97329\" srcset=\"https:\/\/i0.wp.com\/www.24baires.com\/wp-content\/uploads\/2017\/09\/sadop.jpg?w=560&amp;ssl=1 560w, https:\/\/i0.wp.com\/www.24baires.com\/wp-content\/uploads\/2017\/09\/sadop.jpg?resize=300%2C171&amp;ssl=1 300w\" sizes=\"auto, (max-width: 560px) 100vw, 560px\" \/>Desde Sadop critic\u00f3 durante a AIEPBA y explicaron que es \u00abun derecho otorgado a todos los trabajadores privados\u00bb.<!--more--><\/p>\n<p>El Sindicato Argentino de Docentes Privados (Sadop) asegur\u00f3 que los trabajdores del sector deben cobrar el bono de 5.000 pesos en todo el pa\u00eds y rechaz\u00f3 que la c\u00e1mara empresarial mostrara su intenci\u00f3n de no llevarlo a cabo.<\/p>\n<p>El gremio repudi\u00f3 la \u00abintenci\u00f3n de la C\u00e1mara Empresaria AIEPBA\u00bb que \u00aba trav\u00e9s de un comunicado mostr\u00f3 su intenci\u00f3n de no abonar el decreto\u00bb, que, explicaron es \u00abun derecho otorgado a todos los trabajadores privados\u00bb. \u00abDicho comunicado demuestra una profunda ignorancia en lo relativo a las normativas vigentes en cuanto a determinaci\u00f3n de salarios, de las paritarias, de las leyes de educaci\u00f3n provinciales y nacionales y, lo que es m\u00e1s grave a\u00fan, de la relaci\u00f3n de empleo privado que los due\u00f1os de las escuelas mantienen con los trabajadores docentes privados\u201d, se\u00f1alaron.<\/p>\n<p>A su vez, sostuvo que AIEPBA \u00abno solo lleva a conflictos laborales y perjuicios a nuestros docentes, sino que embarca a las escuelas privadas en una disputa que, ya lo ha demostrado la justicia con otros casos similares, termina perjudicando financieramente a dichas instituciones escolares asesoradas por esta c\u00e1mara\u201d.<\/p>\n<p>M\u00e1s adelante, manifestaron que \u00abdeber\u00eda ser innecesario aclarar que el decreto 665\/19 menciona taxativamente a quienes quedan excluidos de dicho beneficio, y los docentes privados no est\u00e1n en esa enumeraci\u00f3n\u00bb.<\/p>\n<p>\u00abNo sorprende la negativa al di\u00e1logo que manifiesta AIEPBA, c\u00e1mara empresaria que, repetimos, no solo genera conflictos laborales, sino que genera tambi\u00e9n un riesgo financiero innecesario para las escuelas privadas, por el mal asesoramiento que realizan\u201d, a\u00f1adieron.<\/p>\n<p>El sindicato mentiene una mesa de di\u00e1logo con las c\u00e1maras empresarias del pa\u00eds para establecer la modalidad de pago y advirti\u00f3: \u00abReclamaremos a las escuelas privadas que se nieguen a abonarlo\u00bb.<\/p>\n","protected":false},"excerpt":{"rendered":"<p>Desde Sadop critic\u00f3 durante a AIEPBA y explicaron que es \u00abun derecho otorgado a todos los trabajadores privados\u00bb.<\/p>\n","protected":false},"author":8,"featured_media":0,"comment_status":"open","ping_status":"open","sticky":false,"template":"","format":"standard","meta":{"_jetpack_newsletter_access":"","_jetpack_dont_email_post_to_subs":false,"_jetpack_newsletter_tier_id":0,"_jetpack_memberships_contains_paywalled_content":false,"_jetpack_memberships_contains_paid_content":false,"footnotes":""},"categories":[40],"tags":[],"class_list":["post-112387","post","type-post","status-publish","format-standard","hentry","category-provincia"],"jetpack_shortlink":"https:\/\/wp.me\/p2JWE0-teH","jetpack-related-posts":[{"id":107762,"url":"https:\/\/www.24baires.com\/?p=107762","url_meta":{"origin":112387,"position":0},"title":"Docentes privados de todo el pa\u00eds tambi\u00e9n se suman al paro del pr\u00f3ximo martes","author":"GB","date":"23\/04\/2019","format":false,"excerpt":"El Sindicato Argentino de Docentes Privados expres\u00f3 que \u201cla actual pol\u00edtica econ\u00f3mica provoca la permanente p\u00e9rdida de puestos de trabajo y empobrecimiento\u201d. El Sindicato Argentino de Docentes Privados (Sadop), liderado por Mar\u00eda Lazzaro, tambi\u00e9n convoc\u00f3 a un paro nacional de 24 horas para el martes 30 de abril en demanda\u2026","rel":"","context":"En \u00abPol\u00edtica\u00bb","block_context":{"text":"Pol\u00edtica","link":"https:\/\/www.24baires.com\/?cat=51"},"img":{"alt_text":"","src":"https:\/\/i0.wp.com\/www.24baires.com\/wp-content\/uploads\/2017\/09\/sadop.jpg?resize=350%2C200","width":350,"height":200,"srcset":"https:\/\/i0.wp.com\/www.24baires.com\/wp-content\/uploads\/2017\/09\/sadop.jpg?resize=350%2C200 1x, https:\/\/i0.wp.com\/www.24baires.com\/wp-content\/uploads\/2017\/09\/sadop.jpg?resize=525%2C300 1.5x"},"classes":[]},{"id":104156,"url":"https:\/\/www.24baires.com\/?p=104156","url_meta":{"origin":112387,"position":1},"title":"Sadop asegura que aument\u00f3 la adhesi\u00f3n a los paros en colegios privados","author":"GB","date":"29\/08\/2018","format":false,"excerpt":"La informaci\u00f3n fue brindada por Eugenia Vosilaitis, Secretaria Adjunta de SADOP La Plata. Adem\u00e1s asegur\u00f3 que buscan privatizar la escuela p\u00fablica, y asegur\u00f3 que es un mito que los colegios privados sean mejores que los p\u00fablicos. En el marco de la segunda jornada de paro que realiza el Frente de\u2026","rel":"","context":"En \u00abProvincia\u00bb","block_context":{"text":"Provincia","link":"https:\/\/www.24baires.com\/?cat=40"},"img":{"alt_text":"","src":"https:\/\/i0.wp.com\/www.24baires.com\/wp-content\/uploads\/2015\/04\/marcha-docentes.jpg?resize=350%2C200","width":350,"height":200,"srcset":"https:\/\/i0.wp.com\/www.24baires.com\/wp-content\/uploads\/2015\/04\/marcha-docentes.jpg?resize=350%2C200 1x, https:\/\/i0.wp.com\/www.24baires.com\/wp-content\/uploads\/2015\/04\/marcha-docentes.jpg?resize=525%2C300 1.5x"},"classes":[]},{"id":116256,"url":"https:\/\/www.24baires.com\/?p=116256","url_meta":{"origin":112387,"position":2},"title":"Docentes privados se suman al pedido de aumento salarial","author":"GB","date":"17\/09\/2020","format":false,"excerpt":"Sadop, el gremio que agrupa a docentes privados, reiter\u00f3 el pedido de incremento salarial y el apoyo a las protestas que se llevan a cabo. El Sindicato Argentino de Docentes Privados (Sadop) se sum\u00f3 al reclamo de aumento salarial y de mejoras en las condiciones laborales en medio de la\u2026","rel":"","context":"En \u00abProvincia\u00bb","block_context":{"text":"Provincia","link":"https:\/\/www.24baires.com\/?cat=40"},"img":{"alt_text":"","src":"https:\/\/i0.wp.com\/www.24baires.com\/wp-content\/uploads\/2017\/09\/sadop.jpg?resize=350%2C200","width":350,"height":200,"srcset":"https:\/\/i0.wp.com\/www.24baires.com\/wp-content\/uploads\/2017\/09\/sadop.jpg?resize=350%2C200 1x, https:\/\/i0.wp.com\/www.24baires.com\/wp-content\/uploads\/2017\/09\/sadop.jpg?resize=525%2C300 1.5x"},"classes":[]},{"id":114596,"url":"https:\/\/www.24baires.com\/?p=114596","url_meta":{"origin":112387,"position":3},"title":"Escuelas privadas congelar\u00e1n las cuotas hasta el final de la cuarentena","author":"GB","date":"03\/04\/2020","format":false,"excerpt":"El ministro de Educaci\u00f3n de la Naci\u00f3n, Nicol\u00e1s Trotta, firm\u00f3 un acuerdo con los titulares de la cartera de las 24 jurisdicciones y representantes de las escuelas privadas. Adem\u00e1s, se acord\u00f3 preservar toda fuente de trabajo, as\u00ed como seguir brindando educaci\u00f3n de forma virtual. El gobierno nacional logr\u00f3 que se\u2026","rel":"","context":"En \u00abPol\u00edtica\u00bb","block_context":{"text":"Pol\u00edtica","link":"https:\/\/www.24baires.com\/?cat=51"},"img":{"alt_text":"","src":"https:\/\/i0.wp.com\/www.24baires.com\/wp-content\/uploads\/2020\/04\/escuela-privada.jpg?resize=350%2C200","width":350,"height":200,"srcset":"https:\/\/i0.wp.com\/www.24baires.com\/wp-content\/uploads\/2020\/04\/escuela-privada.jpg?resize=350%2C200 1x, https:\/\/i0.wp.com\/www.24baires.com\/wp-content\/uploads\/2020\/04\/escuela-privada.jpg?resize=525%2C300 1.5x"},"classes":[]},{"id":94077,"url":"https:\/\/www.24baires.com\/?p=94077","url_meta":{"origin":112387,"position":4},"title":"La Justicia orden\u00f3 devolver a docentes el dinero descontado por paros","author":"AF","date":"25\/04\/2017","format":false,"excerpt":"La Justicia platense orden\u00f3 tambi\u00e9n al gobierno bonaerense que el bono otorgado a quienes no se adhirieron a las medidas de fuerza sea considerado como un adelanto de futuro aumento. El Juzgado en lo Contencioso Administrativo N\u00b0 2 de La Plata orden\u00f3 al gobierno de Mar\u00eda Eugenia Vidal devolver el\u2026","rel":"","context":"En \u00abSociedad\u00bb","block_context":{"text":"Sociedad","link":"https:\/\/www.24baires.com\/?cat=1"},"img":{"alt_text":"","src":"https:\/\/i0.wp.com\/www.24baires.com\/wp-content\/uploads\/2014\/03\/aula-vac%C3%ADa.jpg?resize=350%2C200","width":350,"height":200,"srcset":"https:\/\/i0.wp.com\/www.24baires.com\/wp-content\/uploads\/2014\/03\/aula-vac%C3%ADa.jpg?resize=350%2C200 1x, https:\/\/i0.wp.com\/www.24baires.com\/wp-content\/uploads\/2014\/03\/aula-vac%C3%ADa.jpg?resize=525%2C300 1.5x"},"classes":[]},{"id":97328,"url":"https:\/\/www.24baires.com\/?p=97328","url_meta":{"origin":112387,"position":5},"title":"Denuncian precarizaci\u00f3n laboral contra docentes extraprogram\u00e1ticos en Mar del Plata","author":"GB","date":"11\/09\/2017","format":false,"excerpt":"Desde el sindicato de Sadop informaron que, docentes exraprogram\u00e1ticos no cobraron retroactivos y sufrieron descuentos en algunos establecimientos de la ciudad de Mar del Plata. Se realizaron las presentaciones correspondientes en el Ministerio de Trabajo. La delegaci\u00f3n local del Sindicato Argentino de Docentes Privados (Sadop) denunci\u00f3 que en algunos establecimientos\u2026","rel":"","context":"En \u00abSindicales\u00bb","block_context":{"text":"Sindicales","link":"https:\/\/www.24baires.com\/?cat=326"},"img":{"alt_text":"","src":"https:\/\/i0.wp.com\/www.24baires.com\/wp-content\/uploads\/2017\/09\/sadop.jpg?resize=350%2C200","width":350,"height":200,"srcset":"https:\/\/i0.wp.com\/www.24baires.com\/wp-content\/uploads\/2017\/09\/sadop.jpg?resize=350%2C200 1x, https:\/\/i0.wp.com\/www.24baires.com\/wp-content\/uploads\/2017\/09\/sadop.jpg?resize=525%2C300 1.5x"},"classes":[]}],"jetpack_sharing_enabled":true,"jetpack_likes_enabled":true,"jetpack_featured_media_url":"","_links":{"self":[{"href":"https:\/\/www.24baires.com\/index.php?rest_route=\/wp\/v2\/posts\/112387","targetHints":{"allow":["GET"]}}],"collection":[{"href":"https:\/\/www.24baires.com\/index.php?rest_route=\/wp\/v2\/posts"}],"about":[{"href":"https:\/\/www.24baires.com\/index.php?rest_route=\/wp\/v2\/types\/post"}],"author":[{"embeddable":true,"href":"https:\/\/www.24baires.com\/index.php?rest_route=\/wp\/v2\/users\/8"}],"replies":[{"embeddable":true,"href":"https:\/\/www.24baires.com\/index.php?rest_route=%2Fwp%2Fv2%2Fcomments&post=112387"}],"version-history":[{"count":1,"href":"https:\/\/www.24baires.com\/index.php?rest_route=\/wp\/v2\/posts\/112387\/revisions"}],"predecessor-version":[{"id":112388,"href":"https:\/\/www.24baires.com\/index.php?rest_route=\/wp\/v2\/posts\/112387\/revisions\/112388"}],"wp:attachment":[{"href":"https:\/\/www.24baires.com\/index.php?rest_route=%2Fwp%2Fv2%2Fmedia&parent=112387"}],"wp:term":[{"taxonomy":"category","embeddable":true,"href":"https:\/\/www.24baires.com\/index.php?rest_route=%2Fwp%2Fv2%2Fcategories&post=112387"},{"taxonomy":"post_tag","embeddable":true,"href":"https:\/\/www.24baires.com\/index.php?rest_route=%2Fwp%2Fv2%2Ftags&post=112387"}],"curies":[{"name":"wp","href":"https:\/\/api.w.org\/{rel}","templated":true}]}}