{"id":112286,"date":"2019-09-30T12:00:48","date_gmt":"2019-09-30T15:00:48","guid":{"rendered":"http:\/\/www.24baires.com\/?p=112286"},"modified":"2019-09-30T08:41:41","modified_gmt":"2019-09-30T11:41:41","slug":"la-produccion-de-la-industria-pyme-cayo-63-en-agosto","status":"publish","type":"post","link":"https:\/\/www.24baires.com\/?p=112286","title":{"rendered":"La producci\u00f3n de la industria pyme cay\u00f3 6,3% en agosto"},"content":{"rendered":"<p><img data-recalc-dims=\"1\" loading=\"lazy\" decoding=\"async\" src=\"https:\/\/i0.wp.com\/www.24baires.com\/wp-content\/uploads\/2018\/05\/industriales.jpg?resize=560%2C373\" alt=\"\" width=\"560\" height=\"373\" class=\"aligncenter size-full wp-image-102252\" srcset=\"https:\/\/i0.wp.com\/www.24baires.com\/wp-content\/uploads\/2018\/05\/industriales.jpg?w=560&amp;ssl=1 560w, https:\/\/i0.wp.com\/www.24baires.com\/wp-content\/uploads\/2018\/05\/industriales.jpg?resize=300%2C200&amp;ssl=1 300w\" sizes=\"auto, (max-width: 560px) 100vw, 560px\" \/>En lo que va del 2019 el sector acumula una baja promedio de 7,7%, seg\u00fan difundi\u00f3 la CAME<!--more--><\/p>\n<p>La Confederaci\u00f3n Argentina de la Mediana Empresa (CAME) dio a conocer que la producci\u00f3n de la industria de las Peque\u00f1as y Medianas empresas (Pymes) en la Argentina cay\u00f3 6,3% en agosto frente a igual mes del a\u00f1o pasado. En lo que va del 2019, el sector acumula una baja promedio de 7,7% y menos de un tercio de las pymes tienen rentabilidad positiva.<\/p>\n<p>Los datos surgen de la Encuesta Mensual Industrial que la instituci\u00f3n realiza en base a un relevamiento entre 300 empresas de todo el pa\u00eds. Las firmas exportadoras son las que menos sintieron las consecuencias de los niveles de consumo, que s\u00ed perjudicaron a aquellas orientadas al mercado interno.<\/p>\n<p>En agosto, el sector de mejor comportamiento fue el de productos qu\u00edmicos, con un aumento anual de 2,4% y quebrando as\u00ed una racha de 15 meses consecutivos sin crecimiento. Los rubros menos afectados fueron los de alimentos y bebidas; material de transporte; productos electr\u00f3nicos e inform\u00e1tica, y papel, cart\u00f3n, edici\u00f3n e impresi\u00f3n.<\/p>\n<p>En cambio, los que m\u00e1s bajas registraron en su producci\u00f3n fueron los productos de caucho y pl\u00e1stico; los productos minerales no met\u00e1licos, y los productos de maderas y muebles.<\/p>\n<p>Por otra parte, solo 20,7% de las empresas consultadas cree que la producci\u00f3n aumentar\u00e1 en los pr\u00f3ximos seis meses, en funci\u00f3n de c\u00f3mo vienen sus pedidos y el mercado.<\/p>\n<p>Adem\u00e1s, el promedio de los industriales espera que se ubique en $72,5 a fin de a\u00f1o, en l\u00ednea con la cotizaci\u00f3n actual del d\u00f3lar futuro para esa fecha.<\/p>\n<p>Por \u00faltimo, la CAME precis\u00f3 que el \u00cdndice de Producci\u00f3n Industrial Pyme (IPIP), que mide el desempe\u00f1o mensual en la producci\u00f3n manufacturera de las peque\u00f1as y medianas empresas, se ubic\u00f3 en 75,6 puntos.<\/p>\n","protected":false},"excerpt":{"rendered":"<p>En lo que va del 2019 el sector acumula una baja promedio de 7,7%, seg\u00fan difundi\u00f3 la CAME<\/p>\n","protected":false},"author":8,"featured_media":0,"comment_status":"open","ping_status":"open","sticky":false,"template":"","format":"standard","meta":{"_jetpack_newsletter_access":"","_jetpack_dont_email_post_to_subs":false,"_jetpack_newsletter_tier_id":0,"_jetpack_memberships_contains_paywalled_content":false,"_jetpack_memberships_contains_paid_content":false,"footnotes":""},"categories":[45],"tags":[],"class_list":["post-112286","post","type-post","status-publish","format-standard","hentry","category-economia"],"jetpack_featured_media_url":"","jetpack_shortlink":"https:\/\/wp.me\/p2JWE0-td4","jetpack-related-posts":[{"id":107880,"url":"https:\/\/www.24baires.com\/?p=107880","url_meta":{"origin":112286,"position":0},"title":"La producci\u00f3n industrial de las pymes cay\u00f3 8,4% en marzo y crecen los pron\u00f3sticos negativos para este a\u00f1o","author":"GB","date":"29\/04\/2019","format":false,"excerpt":"El dato surge de un informe elaborado por la Confederaci\u00f3n Argentina de la Mediana y Peque\u00f1a Empresa (CAME), que compar\u00f3 el nivel de actividad con marzo de 2018. El calzado es uno de los productos m\u00e1s afectados. El 75% de los empresarios consultados no cree que este a\u00f1o se d\u00e9\u2026","rel":"","context":"En \u00abEconom\u00eda\u00bb","block_context":{"text":"Econom\u00eda","link":"https:\/\/www.24baires.com\/?cat=45"},"img":{"alt_text":"","src":"https:\/\/i0.wp.com\/www.24baires.com\/wp-content\/uploads\/2019\/04\/pyme.jpg?resize=350%2C200","width":350,"height":200,"srcset":"https:\/\/i0.wp.com\/www.24baires.com\/wp-content\/uploads\/2019\/04\/pyme.jpg?resize=350%2C200 1x, https:\/\/i0.wp.com\/www.24baires.com\/wp-content\/uploads\/2019\/04\/pyme.jpg?resize=525%2C300 1.5x"},"classes":[]},{"id":121673,"url":"https:\/\/www.24baires.com\/?p=121673","url_meta":{"origin":112286,"position":1},"title":"La actividad de pyme cay\u00f3 por noveno mes consecutivo y acumul\u00f3 un descenso del 16,9% en 2024","author":"GB","date":"23\/09\/2024","format":false,"excerpt":"La actividad manufacturera de las peque\u00f1as y medianas empresas baj\u00f3 8,7% en agosto respecto del mismo mes de 2023 y sum\u00f3 nueve meses consecutivos de retracci\u00f3n, seg\u00fan el relevamiento de la Confederaci\u00f3n Argentina de la Mediana Empresa (Came). \u201cLas industrias pymes a\u00fan no muestran se\u00f1ales firmes como para afirmar la\u2026","rel":"","context":"En \u00abEconom\u00eda\u00bb","block_context":{"text":"Econom\u00eda","link":"https:\/\/www.24baires.com\/?cat=45"},"img":{"alt_text":"","src":"https:\/\/i0.wp.com\/www.24baires.com\/wp-content\/uploads\/2017\/10\/pyme-1.jpg?resize=350%2C200","width":350,"height":200,"srcset":"https:\/\/i0.wp.com\/www.24baires.com\/wp-content\/uploads\/2017\/10\/pyme-1.jpg?resize=350%2C200 1x, https:\/\/i0.wp.com\/www.24baires.com\/wp-content\/uploads\/2017\/10\/pyme-1.jpg?resize=525%2C300 1.5x, https:\/\/i0.wp.com\/www.24baires.com\/wp-content\/uploads\/2017\/10\/pyme-1.jpg?resize=700%2C400 2x"},"classes":[]},{"id":112149,"url":"https:\/\/www.24baires.com\/?p=112149","url_meta":{"origin":112286,"position":2},"title":"Las concesionarias piden que se declare la emergencia automotriz","author":"AF","date":"19\/09\/2019","format":false,"excerpt":"Luego de que varias asociaciones de pymes reclamaran al Gobierno la declaraci\u00f3n de emergencia de las peque\u00f1as y medianas empresas, Acara solicitar\u00e1 beneficios impositivos y financieros, por lo menos, durante un a\u00f1o. La propuesta incluye a la maquinaria agr\u00edcola y vial. La asociaci\u00f3n que nuclea a las concesionarias (Acara) le\u2026","rel":"","context":"En \u00abSociedad\u00bb","block_context":{"text":"Sociedad","link":"https:\/\/www.24baires.com\/?cat=1"},"img":{"alt_text":"","src":"https:\/\/i0.wp.com\/www.24baires.com\/wp-content\/uploads\/2019\/04\/automotrices.jpg?resize=350%2C200","width":350,"height":200,"srcset":"https:\/\/i0.wp.com\/www.24baires.com\/wp-content\/uploads\/2019\/04\/automotrices.jpg?resize=350%2C200 1x, https:\/\/i0.wp.com\/www.24baires.com\/wp-content\/uploads\/2019\/04\/automotrices.jpg?resize=525%2C300 1.5x"},"classes":[]},{"id":98411,"url":"https:\/\/www.24baires.com\/?p=98411","url_meta":{"origin":112286,"position":3},"title":"Seg\u00fan CAME, la producci\u00f3n de la industria PyME creci\u00f3 3,3% en septiembre","author":"GB","date":"30\/10\/2017","format":false,"excerpt":"La Confederaci\u00f3n Argentina de la Mediana Empresa (CAME) asegur\u00f3 que la producci\u00f3n industrial del sector creci\u00f3 3,3% en septiembre, a la vez que aclar\u00f3 que \"la inversi\u00f3n llegar\u00e1 cuando las tasas de inter\u00e9s bancarias bajen\". El sector tuvo su tercer mes consecutivo de aumento y el 53,3% de las empresas\u2026","rel":"","context":"En \u00abEconom\u00eda\u00bb","block_context":{"text":"Econom\u00eda","link":"https:\/\/www.24baires.com\/?cat=45"},"img":{"alt_text":"","src":"https:\/\/i0.wp.com\/www.24baires.com\/wp-content\/uploads\/2017\/10\/pyme-1.jpg?resize=350%2C200","width":350,"height":200,"srcset":"https:\/\/i0.wp.com\/www.24baires.com\/wp-content\/uploads\/2017\/10\/pyme-1.jpg?resize=350%2C200 1x, https:\/\/i0.wp.com\/www.24baires.com\/wp-content\/uploads\/2017\/10\/pyme-1.jpg?resize=525%2C300 1.5x"},"classes":[]},{"id":120718,"url":"https:\/\/www.24baires.com\/?p=120718","url_meta":{"origin":112286,"position":4},"title":"Las ventas minoristas volvieron a rectroceder luego del salto de octubre","author":"GB","date":"04\/12\/2023","format":false,"excerpt":"Seg\u00fan el relevamiento de la CAME, las ventas minoristas bajaron 2,2 por ciento entre octubre y noviembre. La Confederaci\u00f3n Argentina de la Mediana Empresa (CAME) public\u00f3 el informe sobre las ventas minoristas del sector pyme con datos actualizados a noviembre. El informe, hecho con informaci\u00f3n de m\u00e1s de 1.300 comercios\u2026","rel":"","context":"En \u00abEconom\u00eda\u00bb","block_context":{"text":"Econom\u00eda","link":"https:\/\/www.24baires.com\/?cat=45"},"img":{"alt_text":"","src":"https:\/\/i0.wp.com\/www.24baires.com\/wp-content\/uploads\/2017\/09\/disminuyen-las-ventas.jpg?resize=350%2C200","width":350,"height":200,"srcset":"https:\/\/i0.wp.com\/www.24baires.com\/wp-content\/uploads\/2017\/09\/disminuyen-las-ventas.jpg?resize=350%2C200 1x, https:\/\/i0.wp.com\/www.24baires.com\/wp-content\/uploads\/2017\/09\/disminuyen-las-ventas.jpg?resize=525%2C300 1.5x, https:\/\/i0.wp.com\/www.24baires.com\/wp-content\/uploads\/2017\/09\/disminuyen-las-ventas.jpg?resize=700%2C400 2x"},"classes":[]},{"id":93622,"url":"https:\/\/www.24baires.com\/?p=93622","url_meta":{"origin":112286,"position":5},"title":"Para los gremios, la inflaci\u00f3n escal\u00f3 a 2,1% en marzo","author":"GB","date":"05\/04\/2017","format":false,"excerpt":"Seg\u00fan el \u00edndice que elabora el Instituto Estad\u00edstico de los Trabajadores (IET), la suba de precios peg\u00f3 un salto similar al de febrero, con lo cual en los \u00faltimos doce meses acumula 27,9%. Adem\u00e1s, el informe revel\u00f3 que el salario real de los asalariados formales se cay\u00f3 de 6,3% desde\u2026","rel":"","context":"En \u00abConsumidores\u00bb","block_context":{"text":"Consumidores","link":"https:\/\/www.24baires.com\/?cat=78"},"img":{"alt_text":"","src":"https:\/\/i0.wp.com\/www.24baires.com\/wp-content\/uploads\/2016\/12\/supermercado.jpg?resize=350%2C200","width":350,"height":200,"srcset":"https:\/\/i0.wp.com\/www.24baires.com\/wp-content\/uploads\/2016\/12\/supermercado.jpg?resize=350%2C200 1x, https:\/\/i0.wp.com\/www.24baires.com\/wp-content\/uploads\/2016\/12\/supermercado.jpg?resize=525%2C300 1.5x"},"classes":[]}],"jetpack_sharing_enabled":true,"jetpack_likes_enabled":true,"_links":{"self":[{"href":"https:\/\/www.24baires.com\/index.php?rest_route=\/wp\/v2\/posts\/112286","targetHints":{"allow":["GET"]}}],"collection":[{"href":"https:\/\/www.24baires.com\/index.php?rest_route=\/wp\/v2\/posts"}],"about":[{"href":"https:\/\/www.24baires.com\/index.php?rest_route=\/wp\/v2\/types\/post"}],"author":[{"embeddable":true,"href":"https:\/\/www.24baires.com\/index.php?rest_route=\/wp\/v2\/users\/8"}],"replies":[{"embeddable":true,"href":"https:\/\/www.24baires.com\/index.php?rest_route=%2Fwp%2Fv2%2Fcomments&post=112286"}],"version-history":[{"count":1,"href":"https:\/\/www.24baires.com\/index.php?rest_route=\/wp\/v2\/posts\/112286\/revisions"}],"predecessor-version":[{"id":112287,"href":"https:\/\/www.24baires.com\/index.php?rest_route=\/wp\/v2\/posts\/112286\/revisions\/112287"}],"wp:attachment":[{"href":"https:\/\/www.24baires.com\/index.php?rest_route=%2Fwp%2Fv2%2Fmedia&parent=112286"}],"wp:term":[{"taxonomy":"category","embeddable":true,"href":"https:\/\/www.24baires.com\/index.php?rest_route=%2Fwp%2Fv2%2Fcategories&post=112286"},{"taxonomy":"post_tag","embeddable":true,"href":"https:\/\/www.24baires.com\/index.php?rest_route=%2Fwp%2Fv2%2Ftags&post=112286"}],"curies":[{"name":"wp","href":"https:\/\/api.w.org\/{rel}","templated":true}]}}