{"id":112267,"date":"2019-09-27T16:30:23","date_gmt":"2019-09-27T19:30:23","guid":{"rendered":"http:\/\/www.24baires.com\/?p=112267"},"modified":"2019-09-27T13:37:53","modified_gmt":"2019-09-27T16:37:53","slug":"las-pymes-apuntaron-contra-sica-solo-le-interesa-la-timba-financiera","status":"publish","type":"post","link":"https:\/\/www.24baires.com\/?p=112267","title":{"rendered":"Las PYMES apuntaron contra Sica: \u201cS\u00f3lo le interesa la timba financiera\u201d"},"content":{"rendered":"<p><img data-recalc-dims=\"1\" loading=\"lazy\" decoding=\"async\" src=\"https:\/\/i0.wp.com\/www.24baires.com\/wp-content\/uploads\/2018\/12\/pyme.jpeg?resize=560%2C372\" alt=\"\" width=\"560\" height=\"372\" class=\"aligncenter size-full wp-image-105793\" srcset=\"https:\/\/i0.wp.com\/www.24baires.com\/wp-content\/uploads\/2018\/12\/pyme.jpeg?w=560&amp;ssl=1 560w, https:\/\/i0.wp.com\/www.24baires.com\/wp-content\/uploads\/2018\/12\/pyme.jpeg?resize=300%2C199&amp;ssl=1 300w\" sizes=\"auto, (max-width: 560px) 100vw, 560px\" \/>Desde la Asociaci\u00f3n Pyme cruzaron al ministro de Producci\u00f3n y Trabajo y se\u00f1alaron que \u201cno est\u00e1n en condiciones de pagar el bono\u201d.<!--more--><\/p>\n<p>El mundo de la peque\u00f1a y mediana empresa atraviesa horas duras en relaci\u00f3n al marco econ\u00f3mico del pa\u00eds. Asociaci\u00f3n Pyme, entidad que nuclea a una buena parte del sector, cruzaron con fuerza a la gesti\u00f3n de Mauricio Macri por el presente de la industria y el comercio, y en especial al ministro de Producci\u00f3n y Trabajo, Dante Sica.<\/p>\n<p>\u201cA Dante Sica de lo que menos se ha ocupado es del trabajo y la producci\u00f3n. Le importa m\u00e1s la timba financiera que el trabajo y la producci\u00f3n\u201d, destac\u00f3 el titular de Asociaci\u00f3n Pyme, Daniel Moreira, en el aire de Diagonales Radio, en relaci\u00f3n al titular de la cartera nacional de Trabajo, y descart\u00f3 la posibilidad de afrontar el mentado bono de 5.000 pesos que el Gobierno lanz\u00f3 en plena campa\u00f1a electoral.<\/p>\n<p>\u201cLas Pymes estamos trabajando para subsistir y encima nos dicen que tenemos que pagar un bono de forma compulsiva\u201d, dijo Moreira en di\u00e1logo con Vag\u00f3n 135 y agreg\u00f3: \u201cNo estamos en condiciones de pagarlo. La gran mayor\u00eda de las empresas pymes no pueden pagarlo. Est\u00e1n quebradas\u201d.<\/p>\n<p>Cabe destacar que la situaci\u00f3n fue advertida tambi\u00e9n en las \u00faltimas semanas por la Uni\u00f3n Industrial Argentina, desde donde anunciaron condiciones negativas para afrontar el bono. \u201cEl 80% del entramado productivo es pyme y no s\u00e9 si lo van a poder pagar\u201d, fueron las palabras del representante de la entidad Rodolfo Urtubey.<\/p>\n","protected":false},"excerpt":{"rendered":"<p>Desde la Asociaci\u00f3n Pyme cruzaron al ministro de Producci\u00f3n y Trabajo y se\u00f1alaron que \u201cno est\u00e1n en condiciones de pagar el bono\u201d.<\/p>\n","protected":false},"author":4,"featured_media":0,"comment_status":"open","ping_status":"open","sticky":false,"template":"","format":"standard","meta":{"_jetpack_newsletter_access":"","_jetpack_dont_email_post_to_subs":false,"_jetpack_newsletter_tier_id":0,"_jetpack_memberships_contains_paywalled_content":false,"_jetpack_memberships_contains_paid_content":false,"footnotes":""},"categories":[45],"tags":[],"class_list":["post-112267","post","type-post","status-publish","format-standard","hentry","category-economia"],"jetpack_featured_media_url":"","jetpack_shortlink":"https:\/\/wp.me\/p2JWE0-tcL","jetpack-related-posts":[{"id":112005,"url":"https:\/\/www.24baires.com\/?p=112005","url_meta":{"origin":112267,"position":0},"title":"Sica asegur\u00f3 que el Gobierno est\u00e1 cerca de concretar bono para trabajadores privados","author":"GB","date":"10\/09\/2019","format":false,"excerpt":"El ministro de Producci\u00f3n y Trabajo, Dante Sica, confirm\u00f3 este martes que el Gobierno est\u00e1 cerca de concretar un acuerdo con gremialistas y empresarios para habilitar un bono para los trabajadores del sector privado. No obstante, no confirm\u00f3 el monto y dijo que esperar\u00e1n el n\u00famero de la inflaci\u00f3n de\u2026","rel":"","context":"En \u00abPol\u00edtica\u00bb","block_context":{"text":"Pol\u00edtica","link":"https:\/\/www.24baires.com\/?cat=51"},"img":{"alt_text":"","src":"https:\/\/i0.wp.com\/www.24baires.com\/wp-content\/uploads\/2019\/06\/sica.jpg?resize=350%2C200","width":350,"height":200,"srcset":"https:\/\/i0.wp.com\/www.24baires.com\/wp-content\/uploads\/2019\/06\/sica.jpg?resize=350%2C200 1x, https:\/\/i0.wp.com\/www.24baires.com\/wp-content\/uploads\/2019\/06\/sica.jpg?resize=525%2C300 1.5x"},"classes":[]},{"id":106555,"url":"https:\/\/www.24baires.com\/?p=106555","url_meta":{"origin":112267,"position":1},"title":"Las pymes reclaman medidas frente a la crisis","author":"AF","date":"25\/01\/2019","format":false,"excerpt":"La UIA le present\u00f3 al ministro de Producci\u00f3n, Dante Sica, una serie de propuestas para promover la reactivaci\u00f3n en ese sector. Adem\u00e1s, le reclam\u00f3 la apertura de una mesa de di\u00e1logo. La Uni\u00f3n Industrial Argentina present\u00f3 un documento con propuestas para el sector pyme al ministro de Producci\u00f3n y Trabajo,\u2026","rel":"","context":"En \u00abEconom\u00eda\u00bb","block_context":{"text":"Econom\u00eda","link":"https:\/\/www.24baires.com\/?cat=45"},"img":{"alt_text":"","src":"https:\/\/i0.wp.com\/www.24baires.com\/wp-content\/uploads\/2017\/10\/pyme.jpg?resize=350%2C200","width":350,"height":200,"srcset":"https:\/\/i0.wp.com\/www.24baires.com\/wp-content\/uploads\/2017\/10\/pyme.jpg?resize=350%2C200 1x, https:\/\/i0.wp.com\/www.24baires.com\/wp-content\/uploads\/2017\/10\/pyme.jpg?resize=525%2C300 1.5x"},"classes":[]},{"id":105305,"url":"https:\/\/www.24baires.com\/?p=105305","url_meta":{"origin":112267,"position":2},"title":"El Gobierno aclar\u00f3 que el bono de fin de a\u00f1o ser\u00e1 de \u00abhasta $5.000\u00bb y no obligatorio","author":"AF","date":"06\/11\/2018","format":false,"excerpt":"El ministro de Producci\u00f3n y Trabajo dio precisiones sobre el acuerdo con la CGT y los empresarios que el Gobierno deber\u00e1 plasmar en un decreto. Los sindicalistas reclaman que los empleadores sean obligados a pagar el adicional. El ministro de Producci\u00f3n y Trabajo, Dante Sica, detall\u00f3 que el acuerdo alcanzado\u2026","rel":"","context":"En \u00abSociedad\u00bb","block_context":{"text":"Sociedad","link":"https:\/\/www.24baires.com\/?cat=1"},"img":{"alt_text":"","src":"https:\/\/i0.wp.com\/www.24baires.com\/wp-content\/uploads\/2018\/11\/macri-sica.jpg?resize=350%2C200","width":350,"height":200,"srcset":"https:\/\/i0.wp.com\/www.24baires.com\/wp-content\/uploads\/2018\/11\/macri-sica.jpg?resize=350%2C200 1x, https:\/\/i0.wp.com\/www.24baires.com\/wp-content\/uploads\/2018\/11\/macri-sica.jpg?resize=525%2C300 1.5x"},"classes":[]},{"id":105314,"url":"https:\/\/www.24baires.com\/?p=105314","url_meta":{"origin":112267,"position":3},"title":"Bono de fin de a\u00f1o: el Gobierno quiere que sea \u00abobligatorio para todo el sector privado\u00bb","author":"GB","date":"07\/11\/2018","format":false,"excerpt":"Tras la reuni\u00f3n con la CGT y con las c\u00e1maras empresariales, el Gobierno define por estas horas el decreto con la \"letra chica\" del acuerdo que establece un bono compensatorio para fin de a\u00f1o y, seg\u00fan inform\u00f3, quiere que sea \"obligatorio para todo el sector privado\". Al respecto, el ministro\u2026","rel":"","context":"En \u00abEconom\u00eda\u00bb","block_context":{"text":"Econom\u00eda","link":"https:\/\/www.24baires.com\/?cat=45"},"img":{"alt_text":"","src":"https:\/\/i0.wp.com\/www.24baires.com\/wp-content\/uploads\/2018\/11\/sica-300x200.jpg?resize=350%2C200","width":350,"height":200},"classes":[]},{"id":110927,"url":"https:\/\/www.24baires.com\/?p=110927","url_meta":{"origin":112267,"position":4},"title":"El Gobierno confirm\u00f3 que el aguinaldo pagar\u00e1 impuesto a las Ganancias","author":"GB","date":"25\/06\/2019","format":false,"excerpt":"Lo confirm\u00f3 el ministro de Producci\u00f3n, Dante Sica, en conferencia de prensa. Solo en 2016 el medio aguinaldo qued\u00f3 exento. El Gobierno nacional confirm\u00f3 que, otra vez, el medio aguinaldo pagar\u00e1 impuesto a las Ganancias. Lo afirm\u00f3 en conferencia de prensa el ministro de Producci\u00f3n y Trabajo, Dante Sica, quien\u2026","rel":"","context":"En \u00abPol\u00edtica\u00bb","block_context":{"text":"Pol\u00edtica","link":"https:\/\/www.24baires.com\/?cat=51"},"img":{"alt_text":"","src":"https:\/\/i0.wp.com\/www.24baires.com\/wp-content\/uploads\/2019\/06\/sica.jpg?resize=350%2C200","width":350,"height":200,"srcset":"https:\/\/i0.wp.com\/www.24baires.com\/wp-content\/uploads\/2019\/06\/sica.jpg?resize=350%2C200 1x, https:\/\/i0.wp.com\/www.24baires.com\/wp-content\/uploads\/2019\/06\/sica.jpg?resize=525%2C300 1.5x"},"classes":[]},{"id":106864,"url":"https:\/\/www.24baires.com\/?p=106864","url_meta":{"origin":112267,"position":5},"title":"El Gobierno reconoci\u00f3 que la industria sufre la mayor ca\u00edda del empleo","author":"AF","date":"15\/02\/2019","format":false,"excerpt":"As\u00ed lo asegur\u00f3 el ministro de Producci\u00f3n y Trabajo, Dante Sica. \"Estamos frente a una situaci\u00f3n compleja, no solo por la coyuntura, sino porque el cambio tecnol\u00f3gico nos est\u00e1 llevando a nuevas modalidades de trabajo\", agreg\u00f3. El ministro de Producci\u00f3n y Trabajo, Dante Sica, admiti\u00f3 hoy que \"la mayor ca\u00edda\u2026","rel":"","context":"En \u00abEconom\u00eda\u00bb","block_context":{"text":"Econom\u00eda","link":"https:\/\/www.24baires.com\/?cat=45"},"img":{"alt_text":"","src":"https:\/\/i0.wp.com\/www.24baires.com\/wp-content\/uploads\/2018\/05\/industriales.jpg?resize=350%2C200","width":350,"height":200,"srcset":"https:\/\/i0.wp.com\/www.24baires.com\/wp-content\/uploads\/2018\/05\/industriales.jpg?resize=350%2C200 1x, https:\/\/i0.wp.com\/www.24baires.com\/wp-content\/uploads\/2018\/05\/industriales.jpg?resize=525%2C300 1.5x"},"classes":[]}],"jetpack_sharing_enabled":true,"jetpack_likes_enabled":true,"_links":{"self":[{"href":"https:\/\/www.24baires.com\/index.php?rest_route=\/wp\/v2\/posts\/112267","targetHints":{"allow":["GET"]}}],"collection":[{"href":"https:\/\/www.24baires.com\/index.php?rest_route=\/wp\/v2\/posts"}],"about":[{"href":"https:\/\/www.24baires.com\/index.php?rest_route=\/wp\/v2\/types\/post"}],"author":[{"embeddable":true,"href":"https:\/\/www.24baires.com\/index.php?rest_route=\/wp\/v2\/users\/4"}],"replies":[{"embeddable":true,"href":"https:\/\/www.24baires.com\/index.php?rest_route=%2Fwp%2Fv2%2Fcomments&post=112267"}],"version-history":[{"count":1,"href":"https:\/\/www.24baires.com\/index.php?rest_route=\/wp\/v2\/posts\/112267\/revisions"}],"predecessor-version":[{"id":112268,"href":"https:\/\/www.24baires.com\/index.php?rest_route=\/wp\/v2\/posts\/112267\/revisions\/112268"}],"wp:attachment":[{"href":"https:\/\/www.24baires.com\/index.php?rest_route=%2Fwp%2Fv2%2Fmedia&parent=112267"}],"wp:term":[{"taxonomy":"category","embeddable":true,"href":"https:\/\/www.24baires.com\/index.php?rest_route=%2Fwp%2Fv2%2Fcategories&post=112267"},{"taxonomy":"post_tag","embeddable":true,"href":"https:\/\/www.24baires.com\/index.php?rest_route=%2Fwp%2Fv2%2Ftags&post=112267"}],"curies":[{"name":"wp","href":"https:\/\/api.w.org\/{rel}","templated":true}]}}