{"id":112248,"date":"2019-09-26T12:30:26","date_gmt":"2019-09-26T15:30:26","guid":{"rendered":"http:\/\/www.24baires.com\/?p=112248"},"modified":"2019-09-26T11:32:05","modified_gmt":"2019-09-26T14:32:05","slug":"la-devaluacion-causada-por-macri-tras-las-paso-provocara-aumentos-del-15-en-octubre","status":"publish","type":"post","link":"https:\/\/www.24baires.com\/?p=112248","title":{"rendered":"La devaluaci\u00f3n causada por Macri tras las PASO provocar\u00e1 aumentos del 15% en octubre"},"content":{"rendered":"<p><img data-recalc-dims=\"1\" loading=\"lazy\" decoding=\"async\" src=\"https:\/\/i0.wp.com\/www.24baires.com\/wp-content\/uploads\/2018\/08\/supermercado.jpg?resize=560%2C313\" alt=\"\" width=\"560\" height=\"313\" class=\"aligncenter size-full wp-image-103910\" srcset=\"https:\/\/i0.wp.com\/www.24baires.com\/wp-content\/uploads\/2018\/08\/supermercado.jpg?w=560&amp;ssl=1 560w, https:\/\/i0.wp.com\/www.24baires.com\/wp-content\/uploads\/2018\/08\/supermercado.jpg?resize=300%2C168&amp;ssl=1 300w\" sizes=\"auto, (max-width: 560px) 100vw, 560px\" \/>Los alimentos volver\u00e1n a subir de precio durante el d\u00e9cimo mes del a\u00f1o con un incremento promedio del 15% que llegar\u00e1 a todas las cadenas de supermercados, autoservicios mayoristas, almacenes y supermercados chinos. Tarag\u00fc\u00ed, Az\u00facar Ledesma, Sancor, Coca-Cola y Danone son algunas de las marcas que remarcar\u00e1n en octubre.<!--more--><\/p>\n<p>La devaluaci\u00f3n provocada por el Gobierno de Mauricio Macri despu\u00e9s de las elecciones primarias del 11 de agosto cuando por decisi\u00f3n presidencial se dej\u00f3 correr el valor el d\u00f3lar, contin\u00faa dando coletazos y en este mes de octubre el valor de los alimentos presentar\u00e1n un aumento en relaci\u00f3n al 15% que pagar\u00e1n los consumidores.<\/p>\n<p>Seg\u00fan inform\u00f3 el diario BAE Negocios desde el sector hipermeradistas confirmaron que la nueva lista de precios tendr\u00e1 un incremento del 15%. Algunas de las empresas que aplicar\u00e1n este aumento son SC Jonhson, Procter and Gamble, Tarag\u00fc\u00ed, Az\u00facar Ledesma, Sancor, Coca-Cola, Danone, Elite, Babysec y Quickfood.<\/p>\n<p>Uno de los motivos que lleva al traslado de precios hacia los consumidores es el aumento de dos bienes escenciales como la harina y el aceite que experimentaron una suba del 10% sin explicacion en los \u00faltimos d\u00edas. Dif\u00edcil ser\u00e1 evitarlos ya que los aumentos llegar\u00e1n a las cadenas de supermecados, autoservicios mayoristas, almacenes y supermercados chinos.<\/p>\n<p>Un dato preocupante tambi\u00e9n para el Gobierno es que tanto la harina como el aceite estuvieron alcanzados por la rebaja del IVA a 0%. Esto significa que su efecto qued\u00f3 licuado con las nuevas listas de precios que ya est\u00e1n en manos de todo el universo comercial. <\/p>\n<p>Desde el retail explican que se trata de subas de costos que estaban pendientes de traslado al consumidor, aunque advierten que las empresas tambi\u00e9n pueden estar buscando protecci\u00f3n de cara a un probable acuerdo de precios-salarios de parte del pr\u00f3ximo gobierno.<\/p>\n","protected":false},"excerpt":{"rendered":"<p>Los alimentos volver\u00e1n a subir de precio durante el d\u00e9cimo mes del a\u00f1o con un incremento promedio del 15% que llegar\u00e1 a todas las cadenas de supermercados, autoservicios mayoristas, almacenes y supermercados chinos. Tarag\u00fc\u00ed, Az\u00facar Ledesma, Sancor, Coca-Cola y Danone son algunas de las marcas que remarcar\u00e1n en octubre.<\/p>\n","protected":false},"author":8,"featured_media":0,"comment_status":"open","ping_status":"open","sticky":false,"template":"","format":"standard","meta":{"_jetpack_newsletter_access":"","_jetpack_dont_email_post_to_subs":false,"_jetpack_newsletter_tier_id":0,"_jetpack_memberships_contains_paywalled_content":false,"_jetpack_memberships_contains_paid_content":false,"footnotes":""},"categories":[45],"tags":[],"class_list":["post-112248","post","type-post","status-publish","format-standard","hentry","category-economia"],"jetpack_featured_media_url":"","jetpack_shortlink":"https:\/\/wp.me\/p2JWE0-tcs","jetpack-related-posts":[{"id":112103,"url":"https:\/\/www.24baires.com\/?p=112103","url_meta":{"origin":112248,"position":0},"title":"Durante la primera semana de septiembre los precios subieron un 6,5%","author":"AF","date":"16\/09\/2019","format":false,"excerpt":"El Centro de Estudios Scalabrini Ortiz midi\u00f3 una aceleraci\u00f3n de las remarcaciones en lo que va del mes. La consultura Elypsis advriti\u00f3 que los alimentos aumentaron 10,5 por ciento desde las PASO. El descalabro cambiario registrado tras las elecciones primarias comienza a reflejarse con mayor intensidad en las g\u00f3ndolas. Durante\u2026","rel":"","context":"En \u00abSociedad\u00bb","block_context":{"text":"Sociedad","link":"https:\/\/www.24baires.com\/?cat=1"},"img":{"alt_text":"","src":"https:\/\/i0.wp.com\/www.24baires.com\/wp-content\/uploads\/2013\/03\/supermercado2.jpg?resize=350%2C200","width":350,"height":200,"srcset":"https:\/\/i0.wp.com\/www.24baires.com\/wp-content\/uploads\/2013\/03\/supermercado2.jpg?resize=350%2C200 1x, https:\/\/i0.wp.com\/www.24baires.com\/wp-content\/uploads\/2013\/03\/supermercado2.jpg?resize=525%2C300 1.5x"},"classes":[]},{"id":91755,"url":"https:\/\/www.24baires.com\/?p=91755","url_meta":{"origin":112248,"position":1},"title":"El INDEC ratifica que se estanc\u00f3 el consumo frente a la fuerte inflaci\u00f3n","author":"AF","date":"20\/01\/2017","format":false,"excerpt":"A pesar de que durante el mes de noviembre las ventas en supermercados y shoppings crecieron, se not\u00f3 la contracci\u00f3n del consumo debido al 41 % de inflaci\u00f3n generado durante todo el 2016. La facturaci\u00f3n por las ventas en los supermercados creci\u00f3 durante noviembre el 22,5 por ciento en relaci\u00f3n\u2026","rel":"","context":"En \u00abEconom\u00eda\u00bb","block_context":{"text":"Econom\u00eda","link":"https:\/\/www.24baires.com\/?cat=45"},"img":{"alt_text":"","src":"https:\/\/i0.wp.com\/www.24baires.com\/wp-content\/uploads\/2016\/05\/supermercado-vac%C3%ADo.jpg?resize=350%2C200","width":350,"height":200,"srcset":"https:\/\/i0.wp.com\/www.24baires.com\/wp-content\/uploads\/2016\/05\/supermercado-vac%C3%ADo.jpg?resize=350%2C200 1x, https:\/\/i0.wp.com\/www.24baires.com\/wp-content\/uploads\/2016\/05\/supermercado-vac%C3%ADo.jpg?resize=525%2C300 1.5x"},"classes":[]},{"id":120466,"url":"https:\/\/www.24baires.com\/?p=120466","url_meta":{"origin":112248,"position":2},"title":"La inflaci\u00f3n de agosto fue del 12,4%","author":"AF","date":"13\/09\/2023","format":false,"excerpt":"El IPC del INDEC fue el m\u00e1s alto en 30 a\u00f1os, con Alimentos y Bebidas con suba de 15,6. La carne tuvo un alza de m\u00e1s de 25 puntos. Prepagas y regulados tambi\u00e9n empujaron. La inflaci\u00f3n del mes de agosto quebr\u00f3 la barrera psicol\u00f3gica y salt\u00f3 a dos digitos en\u2026","rel":"","context":"En \u00abEconom\u00eda\u00bb","block_context":{"text":"Econom\u00eda","link":"https:\/\/www.24baires.com\/?cat=45"},"img":{"alt_text":"","src":"https:\/\/i0.wp.com\/www.24baires.com\/wp-content\/uploads\/2023\/06\/supermercado.jpg?resize=350%2C200","width":350,"height":200,"srcset":"https:\/\/i0.wp.com\/www.24baires.com\/wp-content\/uploads\/2023\/06\/supermercado.jpg?resize=350%2C200 1x, https:\/\/i0.wp.com\/www.24baires.com\/wp-content\/uploads\/2023\/06\/supermercado.jpg?resize=525%2C300 1.5x, https:\/\/i0.wp.com\/www.24baires.com\/wp-content\/uploads\/2023\/06\/supermercado.jpg?resize=700%2C400 2x"},"classes":[]},{"id":111789,"url":"https:\/\/www.24baires.com\/?p=111789","url_meta":{"origin":112248,"position":3},"title":"Los aumentos de precios en g\u00f3ndola superan el 25% por el efecto PASO","author":"GB","date":"26\/08\/2019","format":false,"excerpt":"La eliminaci\u00f3n del IVA permiti\u00f3 amortiguar las subas que llegaron tras la fuerte devaluaci\u00f3n del peso que comenz\u00f3 el lunes 12. Fideos secos, bebidas sin alcohol, aceites, jugos concentrados y galletitas dulces aparecen a la cabeza de los productos en los que se registraron mayores aumentos en las \u00faltimas dos\u2026","rel":"","context":"En \u00abConsumidores\u00bb","block_context":{"text":"Consumidores","link":"https:\/\/www.24baires.com\/?cat=78"},"img":{"alt_text":"","src":"https:\/\/i0.wp.com\/www.24baires.com\/wp-content\/uploads\/2018\/08\/supermercado.jpg?resize=350%2C200","width":350,"height":200,"srcset":"https:\/\/i0.wp.com\/www.24baires.com\/wp-content\/uploads\/2018\/08\/supermercado.jpg?resize=350%2C200 1x, https:\/\/i0.wp.com\/www.24baires.com\/wp-content\/uploads\/2018\/08\/supermercado.jpg?resize=525%2C300 1.5x"},"classes":[]},{"id":76080,"url":"https:\/\/www.24baires.com\/?p=76080","url_meta":{"origin":112248,"position":4},"title":"\u00abLos bruscos aumentos son por las expectativas de devaluaci\u00f3n\u00bb","author":"GB","date":"07\/12\/2015","format":false,"excerpt":"Lo hizo el Observatorio de Precios, que en las \u00faltimas semanas detect\u00f3 subas generalizadas. Del informe se desprende que los aumentos m\u00e1s fuertes son en alimentos y medicamentos. El informe del Observatorio de Precios de la Secretar\u00eda de Comercio \u2013organismo creado por ley en septiembre del a\u00f1o pasado\u2013 da cuenta\u2026","rel":"","context":"En \u00abEconom\u00eda\u00bb","block_context":{"text":"Econom\u00eda","link":"https:\/\/www.24baires.com\/?cat=45"},"img":{"alt_text":"","src":"","width":0,"height":0},"classes":[]},{"id":100208,"url":"https:\/\/www.24baires.com\/?p=100208","url_meta":{"origin":112248,"position":5},"title":"En lo que va del a\u00f1o, los productos de la canasta familiar aumentaron un 10%","author":"GB","date":"28\/01\/2018","format":false,"excerpt":"Es a ra\u00edz de los incrementos en naftas y escalada en el precio del dolar de las \u00faltimas semanas. En lo poco que va del a\u00f1o, los productos de la canasta familiar aumentaron un 10%, a ra\u00edz de los aumentos en nafta y el proceso devaluatorio que enfrenta el pa\u00eds\u2026","rel":"","context":"En \u00abConsumidores\u00bb","block_context":{"text":"Consumidores","link":"https:\/\/www.24baires.com\/?cat=78"},"img":{"alt_text":"","src":"https:\/\/i0.wp.com\/www.24baires.com\/wp-content\/uploads\/2017\/07\/fila-supermercado.jpg?resize=350%2C200","width":350,"height":200,"srcset":"https:\/\/i0.wp.com\/www.24baires.com\/wp-content\/uploads\/2017\/07\/fila-supermercado.jpg?resize=350%2C200 1x, https:\/\/i0.wp.com\/www.24baires.com\/wp-content\/uploads\/2017\/07\/fila-supermercado.jpg?resize=525%2C300 1.5x"},"classes":[]}],"jetpack_sharing_enabled":true,"jetpack_likes_enabled":true,"_links":{"self":[{"href":"https:\/\/www.24baires.com\/index.php?rest_route=\/wp\/v2\/posts\/112248","targetHints":{"allow":["GET"]}}],"collection":[{"href":"https:\/\/www.24baires.com\/index.php?rest_route=\/wp\/v2\/posts"}],"about":[{"href":"https:\/\/www.24baires.com\/index.php?rest_route=\/wp\/v2\/types\/post"}],"author":[{"embeddable":true,"href":"https:\/\/www.24baires.com\/index.php?rest_route=\/wp\/v2\/users\/8"}],"replies":[{"embeddable":true,"href":"https:\/\/www.24baires.com\/index.php?rest_route=%2Fwp%2Fv2%2Fcomments&post=112248"}],"version-history":[{"count":1,"href":"https:\/\/www.24baires.com\/index.php?rest_route=\/wp\/v2\/posts\/112248\/revisions"}],"predecessor-version":[{"id":112249,"href":"https:\/\/www.24baires.com\/index.php?rest_route=\/wp\/v2\/posts\/112248\/revisions\/112249"}],"wp:attachment":[{"href":"https:\/\/www.24baires.com\/index.php?rest_route=%2Fwp%2Fv2%2Fmedia&parent=112248"}],"wp:term":[{"taxonomy":"category","embeddable":true,"href":"https:\/\/www.24baires.com\/index.php?rest_route=%2Fwp%2Fv2%2Fcategories&post=112248"},{"taxonomy":"post_tag","embeddable":true,"href":"https:\/\/www.24baires.com\/index.php?rest_route=%2Fwp%2Fv2%2Ftags&post=112248"}],"curies":[{"name":"wp","href":"https:\/\/api.w.org\/{rel}","templated":true}]}}