{"id":112243,"date":"2019-09-26T10:30:10","date_gmt":"2019-09-26T13:30:10","guid":{"rendered":"http:\/\/www.24baires.com\/?p=112243"},"modified":"2019-09-26T10:14:16","modified_gmt":"2019-09-26T13:14:16","slug":"tras-el-reves-del-fondo-monetario-peligran-los-desembolsos-del-bid-y-el-banco-mundial","status":"publish","type":"post","link":"https:\/\/www.24baires.com\/?p=112243","title":{"rendered":"Tras el rev\u00e9s del Fondo Monetario, peligran los desembolsos del BID y el Banco Mundial"},"content":{"rendered":"<p><img data-recalc-dims=\"1\" loading=\"lazy\" decoding=\"async\" src=\"https:\/\/i0.wp.com\/www.24baires.com\/wp-content\/uploads\/2019\/09\/banco-mundial.jpg?resize=560%2C314\" alt=\"\" width=\"560\" height=\"314\" class=\"aligncenter size-full wp-image-112244\" srcset=\"https:\/\/i0.wp.com\/www.24baires.com\/wp-content\/uploads\/2019\/09\/banco-mundial.jpg?w=560&amp;ssl=1 560w, https:\/\/i0.wp.com\/www.24baires.com\/wp-content\/uploads\/2019\/09\/banco-mundial.jpg?resize=300%2C168&amp;ssl=1 300w\" sizes=\"auto, (max-width: 560px) 100vw, 560px\" \/>El anuncio del FMI de poner en suspenso el programa con el pa\u00eds tendr\u00e1 un impacto negativo sobre los futuros pr\u00e9stamos devenidos por el Banco Interamericano de Desarrollo y el BM. La decisi\u00f3n de los organismos internacionales se vincula adem\u00e1s con la baja calificaci\u00f3n de riesgo de Argentina.<!--more--><\/p>\n<p>La decisi\u00f3n del director gerente interino del FMI, David Lipton, quien anunci\u00f3 que el programa con el pa\u00eds estar\u00e1 en suspenso durante alg\u00fan tiempo tendr\u00e1 impactos secundarios sobre el plan financiero del BID (Banco Interamericano de Desarrollo) y el Banco Mundial para con Argentina.<\/p>\n<p>Los desembolsos en cuesti\u00f3n para este a\u00f1o llegan a 4.500 millones de d\u00f3lares y el a\u00f1o pr\u00f3ximo otro 3.000 millones del BID y el Banco Mundial. No obstante, durante este s\u00f3lo lleg\u00f3 una fracci\u00f3n y el panorama es complicado para el a\u00f1o pr\u00f3ximo, con lo cual el pr\u00f3ximo gobierno debe mostrarse solvencia y garant\u00eda para que la delicada situaci\u00f3n financiera del pa\u00eds no se profundice.<\/p>\n<p>La decisi\u00f3n de ambos organismos internacionales se supedita tanto al anuncio del FMI como tambi\u00e9n a la baja de la calificaci\u00f3n de deuda que sufri\u00f3 la Argentina. El problema es de orden t\u00e9cnico pero tambi\u00e9n guarda relaci\u00f3n con la coyuntura pol\u00edtica.<\/p>\n<p>Hay que recalcar que el suspenso establecido por el FMI sobre su programa financiero de Argentina tiene que ver con que el pa\u00eds atraviese la incertidumbre pol\u00edtica producto de las elecciones del 27 de octubre y la severa crisis econ\u00f3mica en que se meti\u00f3 bajo la administraci\u00f3n Macri.<\/p>\n<p>Adem\u00e1s, detr\u00e1s de la decisi\u00f3n de Lipton se encuentra la influencia del gobierno norteamericano. Por lo tanto, ya sea para en el BID como en el Banco Mundial, la posici\u00f3n de Donald Trump ser\u00e1 decisiva. Sin el apoyo de Estados Unidos, las posibilidades de que ambos organismo apruebe pr\u00e9stamos a favor de la Argentina son casi nulas.<\/p>\n","protected":false},"excerpt":{"rendered":"<p>El anuncio del FMI de poner en suspenso el programa con el pa\u00eds tendr\u00e1 un impacto negativo sobre los futuros pr\u00e9stamos devenidos por el Banco Interamericano de Desarrollo y el BM. La decisi\u00f3n de los organismos internacionales se vincula adem\u00e1s con la baja calificaci\u00f3n de riesgo de Argentina.<\/p>\n","protected":false},"author":8,"featured_media":0,"comment_status":"open","ping_status":"open","sticky":false,"template":"","format":"standard","meta":{"_jetpack_newsletter_access":"","_jetpack_dont_email_post_to_subs":false,"_jetpack_newsletter_tier_id":0,"_jetpack_memberships_contains_paywalled_content":false,"_jetpack_memberships_contains_paid_content":false,"footnotes":""},"categories":[45],"tags":[],"class_list":["post-112243","post","type-post","status-publish","format-standard","hentry","category-economia"],"jetpack_featured_media_url":"","jetpack_shortlink":"https:\/\/wp.me\/p2JWE0-tcn","jetpack-related-posts":[{"id":119297,"url":"https:\/\/www.24baires.com\/?p=119297","url_meta":{"origin":112243,"position":0},"title":"El BID libera cr\u00e9ditos por US$3000 millones","author":"AF","date":"06\/09\/2022","format":false,"excerpt":"El ministro de Econom\u00eda mantuvo un encuentro con el presidente del Banco Interamericano de Desarrollo, Mauricio Claver-Carone, en Estados Unidos y all\u00ed se acord\u00f3 el esquema crediticio. El ministro de Econom\u00eda, Sergio Massa, y el presidente del Banco Interamericano de Desarrollo (BID), Mauricio Claver-Carone, anunciaron este martes en Washington que\u2026","rel":"","context":"En \u00abPol\u00edtica\u00bb","block_context":{"text":"Pol\u00edtica","link":"https:\/\/www.24baires.com\/?cat=51"},"img":{"alt_text":"","src":"https:\/\/i0.wp.com\/www.24baires.com\/wp-content\/uploads\/2022\/09\/massa-bid.jpg?resize=350%2C200","width":350,"height":200,"srcset":"https:\/\/i0.wp.com\/www.24baires.com\/wp-content\/uploads\/2022\/09\/massa-bid.jpg?resize=350%2C200 1x, https:\/\/i0.wp.com\/www.24baires.com\/wp-content\/uploads\/2022\/09\/massa-bid.jpg?resize=525%2C300 1.5x, https:\/\/i0.wp.com\/www.24baires.com\/wp-content\/uploads\/2022\/09\/massa-bid.jpg?resize=700%2C400 2x"},"classes":[]},{"id":108407,"url":"https:\/\/www.24baires.com\/?p=108407","url_meta":{"origin":112243,"position":1},"title":"Sin el pr\u00e9stamo del BID los bancos empiezan a huir del sistema PPP que promovi\u00f3 el Gobierno","author":"GB","date":"27\/05\/2019","format":false,"excerpt":"El sistema por el cual el Gobierno anunci\u00f3 en 2018 haber recibido ofertas por 32 mil millones de d\u00f3lares no prosper\u00f3 y los fondos del Banco Interamericano de Desarrollo al fideicomiso tampoco llegaron. El Banco Ita\u00fa ya se baj\u00f3 y el JP Morgan, Morgan Stanley y Citibank seguir\u00edan los mismos\u2026","rel":"","context":"En \u00abEconom\u00eda\u00bb","block_context":{"text":"Econom\u00eda","link":"https:\/\/www.24baires.com\/?cat=45"},"img":{"alt_text":"","src":"https:\/\/i0.wp.com\/www.24baires.com\/wp-content\/uploads\/2019\/05\/Plan-PPP-300x148.jpg?resize=350%2C200","width":350,"height":200},"classes":[]},{"id":119419,"url":"https:\/\/www.24baires.com\/?p=119419","url_meta":{"origin":112243,"position":2},"title":"Massa viajar\u00e1 a la Asamblea del FMI y a la cumbre del G20","author":"AF","date":"05\/10\/2022","format":false,"excerpt":"El ministro de Econom\u00eda arribar\u00eda a la capital de Estados Unidos el pr\u00f3ximo mi\u00e9rcoles, con la posibilidad de que la segunda revisi\u00f3n del programa con el FMI sea aprobada por el Directorio del organismo. El ministro de Econom\u00eda, Sergio Massa, viajar\u00e1 a Washington la pr\u00f3xima semana para participar de la\u2026","rel":"","context":"En \u00abPol\u00edtica\u00bb","block_context":{"text":"Pol\u00edtica","link":"https:\/\/www.24baires.com\/?cat=51"},"img":{"alt_text":"","src":"https:\/\/i0.wp.com\/www.24baires.com\/wp-content\/uploads\/2022\/10\/massa.jpg?resize=350%2C200","width":350,"height":200,"srcset":"https:\/\/i0.wp.com\/www.24baires.com\/wp-content\/uploads\/2022\/10\/massa.jpg?resize=350%2C200 1x, https:\/\/i0.wp.com\/www.24baires.com\/wp-content\/uploads\/2022\/10\/massa.jpg?resize=525%2C300 1.5x, https:\/\/i0.wp.com\/www.24baires.com\/wp-content\/uploads\/2022\/10\/massa.jpg?resize=700%2C400 2x"},"classes":[]},{"id":119265,"url":"https:\/\/www.24baires.com\/?p=119265","url_meta":{"origin":112243,"position":3},"title":"Massa viaja a Washington con agenda amplia","author":"AF","date":"25\/08\/2022","format":false,"excerpt":"Tendr\u00e1 reuniones con Georgieva, del FMI y con Claver Carone, del BID, por la deuda y los d\u00f3lares. Con qu\u00e9 gigantes de la energ\u00eda se ver\u00e1 y c\u00f3mo es la amplia comitiva. En lo que ser\u00e1 su primera excursi\u00f3n fuera del pa\u00eds desde que es el ministro de Econom\u00eda, Sergio\u2026","rel":"","context":"En \u00abPol\u00edtica\u00bb","block_context":{"text":"Pol\u00edtica","link":"https:\/\/www.24baires.com\/?cat=51"},"img":{"alt_text":"","src":"https:\/\/i0.wp.com\/www.24baires.com\/wp-content\/uploads\/2022\/08\/massa-washington.jpg?resize=350%2C200","width":350,"height":200,"srcset":"https:\/\/i0.wp.com\/www.24baires.com\/wp-content\/uploads\/2022\/08\/massa-washington.jpg?resize=350%2C200 1x, https:\/\/i0.wp.com\/www.24baires.com\/wp-content\/uploads\/2022\/08\/massa-washington.jpg?resize=525%2C300 1.5x, https:\/\/i0.wp.com\/www.24baires.com\/wp-content\/uploads\/2022\/08\/massa-washington.jpg?resize=700%2C400 2x"},"classes":[]},{"id":102604,"url":"https:\/\/www.24baires.com\/?p=102604","url_meta":{"origin":112243,"position":4},"title":"El massismo advirti\u00f3 que \u201cse viene un flor de ajuste\u201d tras el acuerdo con el FMI","author":"GB","date":"08\/06\/2018","format":false,"excerpt":"Aldo Pignanelli se\u00f1al\u00f3 que \u201cel gobierno tiene que recurrir al Fondo dada su aberrante gesti\u00f3n econ\u00f3mica y eso es como quemar las naves\u201d. Luego de que el ministro de Hacienda y el presidente del Banco Central anunciar\u00e1n el resultado de la reuni\u00f3n del Directorio del FMI, que representa a los\u2026","rel":"","context":"En \u00abPol\u00edtica\u00bb","block_context":{"text":"Pol\u00edtica","link":"https:\/\/www.24baires.com\/?cat=51"},"img":{"alt_text":"","src":"https:\/\/i0.wp.com\/www.24baires.com\/wp-content\/uploads\/2018\/06\/pignanelli.jpg?resize=350%2C200","width":350,"height":200,"srcset":"https:\/\/i0.wp.com\/www.24baires.com\/wp-content\/uploads\/2018\/06\/pignanelli.jpg?resize=350%2C200 1x, https:\/\/i0.wp.com\/www.24baires.com\/wp-content\/uploads\/2018\/06\/pignanelli.jpg?resize=525%2C300 1.5x"},"classes":[]},{"id":105234,"url":"https:\/\/www.24baires.com\/?p=105234","url_meta":{"origin":112243,"position":5},"title":"Crece la deuda externa: el Banco Mundial le prestar\u00e1 al pa\u00eds U$S 950","author":"AF","date":"01\/11\/2018","format":false,"excerpt":"Dicen que es para ayudar a los m\u00e1s necesitados. Se suma al pr\u00e9stamo que el FMI acordara el viernes \u00faltimo con Argentina para fortalecer el programa de ayuda aprobado en junio, que pas\u00f3 de 50.000 millones a m\u00e1s de 56.000 millones de d\u00f3lares. El Banco Mundial aprob\u00f3 dos pr\u00e9stamos para\u2026","rel":"","context":"En \u00abEconom\u00eda\u00bb","block_context":{"text":"Econom\u00eda","link":"https:\/\/www.24baires.com\/?cat=45"},"img":{"alt_text":"","src":"https:\/\/i0.wp.com\/www.24baires.com\/wp-content\/uploads\/2018\/11\/dujovne-frigerio.jpg?resize=350%2C200","width":350,"height":200,"srcset":"https:\/\/i0.wp.com\/www.24baires.com\/wp-content\/uploads\/2018\/11\/dujovne-frigerio.jpg?resize=350%2C200 1x, https:\/\/i0.wp.com\/www.24baires.com\/wp-content\/uploads\/2018\/11\/dujovne-frigerio.jpg?resize=525%2C300 1.5x"},"classes":[]}],"jetpack_sharing_enabled":true,"jetpack_likes_enabled":true,"_links":{"self":[{"href":"https:\/\/www.24baires.com\/index.php?rest_route=\/wp\/v2\/posts\/112243","targetHints":{"allow":["GET"]}}],"collection":[{"href":"https:\/\/www.24baires.com\/index.php?rest_route=\/wp\/v2\/posts"}],"about":[{"href":"https:\/\/www.24baires.com\/index.php?rest_route=\/wp\/v2\/types\/post"}],"author":[{"embeddable":true,"href":"https:\/\/www.24baires.com\/index.php?rest_route=\/wp\/v2\/users\/8"}],"replies":[{"embeddable":true,"href":"https:\/\/www.24baires.com\/index.php?rest_route=%2Fwp%2Fv2%2Fcomments&post=112243"}],"version-history":[{"count":1,"href":"https:\/\/www.24baires.com\/index.php?rest_route=\/wp\/v2\/posts\/112243\/revisions"}],"predecessor-version":[{"id":112245,"href":"https:\/\/www.24baires.com\/index.php?rest_route=\/wp\/v2\/posts\/112243\/revisions\/112245"}],"wp:attachment":[{"href":"https:\/\/www.24baires.com\/index.php?rest_route=%2Fwp%2Fv2%2Fmedia&parent=112243"}],"wp:term":[{"taxonomy":"category","embeddable":true,"href":"https:\/\/www.24baires.com\/index.php?rest_route=%2Fwp%2Fv2%2Fcategories&post=112243"},{"taxonomy":"post_tag","embeddable":true,"href":"https:\/\/www.24baires.com\/index.php?rest_route=%2Fwp%2Fv2%2Ftags&post=112243"}],"curies":[{"name":"wp","href":"https:\/\/api.w.org\/{rel}","templated":true}]}}