{"id":112239,"date":"2019-09-25T18:00:00","date_gmt":"2019-09-25T21:00:00","guid":{"rendered":"http:\/\/www.24baires.com\/?p=112239"},"modified":"2019-09-25T17:42:37","modified_gmt":"2019-09-25T20:42:37","slug":"desde-ypf-aseguran-que-los-precios-de-los-combustibles-estan-un-20-atrasados","status":"publish","type":"post","link":"https:\/\/www.24baires.com\/?p=112239","title":{"rendered":"Desde YPF aseguran que los precios de los combustibles est\u00e1n un 20% atrasados"},"content":{"rendered":"<p><img data-recalc-dims=\"1\" loading=\"lazy\" decoding=\"async\" src=\"https:\/\/i0.wp.com\/www.24baires.com\/wp-content\/uploads\/2018\/01\/ypf.jpg?resize=560%2C373\" alt=\"\" width=\"560\" height=\"373\" class=\"aligncenter size-full wp-image-100130\" srcset=\"https:\/\/i0.wp.com\/www.24baires.com\/wp-content\/uploads\/2018\/01\/ypf.jpg?w=560&amp;ssl=1 560w, https:\/\/i0.wp.com\/www.24baires.com\/wp-content\/uploads\/2018\/01\/ypf.jpg?resize=300%2C200&amp;ssl=1 300w\" sizes=\"auto, (max-width: 560px) 100vw, 560px\" \/>Daniel Gonz\u00e1lez revel\u00f3 que, aunque no es el porcentaje m\u00e1s alto registrado, s\u00ed es el resultado de la medida del Gobierno de congelar los valores hasta el 15 de noviembre.<!--more--><\/p>\n<p>Parec\u00eda una buena idea cuando fue anunciada, pero el congelamiento en los precios de los combustibles que el Gobierno puso en efecto hasta el 15 de noviembre dej\u00f3 los valores con un atraso del 20% con respecto al que deber\u00edan tener.<\/p>\n<p>\u00abLos precios de los combustibles est\u00e1n atrasados un 20%\u00bb, sentenci\u00f3 Daniel Gonz\u00e1lez, CEO de YPF, durante la Exposici\u00f3n Internacional del Petr\u00f3leo y del Gas que se realiza hasta el jueves en el predio de La Rural en Palermo.<\/p>\n<p>Gonz\u00e1lez reconoci\u00f3 que el a\u00f1o pasado se registraron diferencias mayores entre el precio que YPF paga por el petr\u00f3leo y el que abona el consumidor por su combustible, inform\u00f3 el sitio La Naci\u00f3n.<\/p>\n<p>Parte del desfase se debe al congelamiento impuesto por el Gobierno, pero tambi\u00e9n juega un papel importante el precio internacional del crudo: este mi\u00e9rcoles el barril del petr\u00f3leo Brent cerr\u00f3 a US$63,07, pero en la Argentina su valor fue fijado en US$59 hasta el 15 de noviembre.<\/p>\n<p>El Gobierno tambi\u00e9n garantiz\u00f3 un tipo de cambio a $49,30 que ahora qued\u00f3 desfasado, sobre todo porque el d\u00f3lar mayorista cerr\u00f3 a $56,90 el martes de esta semana.<\/p>\n<p>\u00abYa tuvimos un atraso del 20% en las naftas en momentos anteriores y no es dif\u00edcil de gestionar, ya lo hemos hecho, con disciplina\u00bb, expres\u00f3 por su parte Miguel Guti\u00e9rrez, presidente de YPF, quien apareci\u00f3 junto con Gonz\u00e1lez.<\/p>\n<p>Las medidas que denotan la \u00abdisciplina\u00bb de la empresa fue fijar el tipo de cambio para pagar todos los servicios que les brindan sus proveedores, e invertir dentro de las posibilidades reales.<\/p>\n<p>\u00abEstamos reci\u00e9n iniciando el proceso de planeamiento del a\u00f1o pr\u00f3ximo. En muchos proyectos tenemos socios con los cuales hay que consensuar. Puede que haya menos perforaciones, pero tambi\u00e9n estas son m\u00e1s productivas y no necesariamente implique una ca\u00edda en la producci\u00f3n\u00bb, asegur\u00f3 Gonz\u00e1lez.<\/p>\n","protected":false},"excerpt":{"rendered":"<p>Daniel Gonz\u00e1lez revel\u00f3 que, aunque no es el porcentaje m\u00e1s alto registrado, s\u00ed es el resultado de la medida del Gobierno de congelar los valores hasta el 15 de noviembre.<\/p>\n","protected":false},"author":4,"featured_media":0,"comment_status":"open","ping_status":"open","sticky":false,"template":"","format":"standard","meta":{"_jetpack_newsletter_access":"","_jetpack_dont_email_post_to_subs":false,"_jetpack_newsletter_tier_id":0,"_jetpack_memberships_contains_paywalled_content":false,"_jetpack_memberships_contains_paid_content":false,"footnotes":""},"categories":[45],"tags":[],"class_list":["post-112239","post","type-post","status-publish","format-standard","hentry","category-economia"],"jetpack_featured_media_url":"","jetpack_shortlink":"https:\/\/wp.me\/p2JWE0-tcj","jetpack-related-posts":[{"id":114281,"url":"https:\/\/www.24baires.com\/?p=114281","url_meta":{"origin":112239,"position":0},"title":"YPF aument\u00f3 las naftas","author":"GB","date":"03\/03\/2020","format":false,"excerpt":"Los combustibles l\u00edquidos siguen a precio congelado, pero la suba de un impuesto hace que suban igual. El incremento fue de entre 13 y 15 centavos. Por la suba de un impuesto, las naftas de YPF subieron este lunes entre 13 y 15 centavos y se espera que en las\u2026","rel":"","context":"En \u00abConsumidores\u00bb","block_context":{"text":"Consumidores","link":"https:\/\/www.24baires.com\/?cat=78"},"img":{"alt_text":"","src":"https:\/\/i0.wp.com\/www.24baires.com\/wp-content\/uploads\/2014\/03\/naftas-surtidores-300x180.jpg?resize=350%2C200","width":350,"height":200},"classes":[]},{"id":115919,"url":"https:\/\/www.24baires.com\/?p=115919","url_meta":{"origin":112239,"position":1},"title":"Analizan el aumento de combustibles como parte de \u00abun plan integral\u00bb con YPF","author":"GB","date":"12\/08\/2020","format":false,"excerpt":"El ministro de Econom\u00eda, Mart\u00edn Guzm\u00e1n, se refiri\u00f3 al incremento del precio de naftas y gasoil. Desde el Gobierno nacional analizan todas las posibilidades de implementaci\u00f3n de un aumento de combustibles en todo el pa\u00eds mientras los sectores privados presionan para que se concrete. De esta manera, el Ejecutivo adelant\u00f3\u2026","rel":"","context":"En \u00abEconom\u00eda\u00bb","block_context":{"text":"Econom\u00eda","link":"https:\/\/www.24baires.com\/?cat=45"},"img":{"alt_text":"","src":"https:\/\/i0.wp.com\/www.24baires.com\/wp-content\/uploads\/2013\/02\/surtidor-nafta.jpg?resize=350%2C200","width":350,"height":200,"srcset":"https:\/\/i0.wp.com\/www.24baires.com\/wp-content\/uploads\/2013\/02\/surtidor-nafta.jpg?resize=350%2C200 1x, https:\/\/i0.wp.com\/www.24baires.com\/wp-content\/uploads\/2013\/02\/surtidor-nafta.jpg?resize=525%2C300 1.5x"},"classes":[]},{"id":105715,"url":"https:\/\/www.24baires.com\/?p=105715","url_meta":{"origin":112239,"position":2},"title":"YPF anunci\u00f3 que baj\u00f3 hasta 1,5% sus naftas pero aument\u00f3 3,2% el gasoil","author":"GB","date":"03\/12\/2018","format":false,"excerpt":"La petrolera dio a conocer la modificaci\u00f3n de precios en sus combustibles debido a los valores del petr\u00f3leo crudo, el tipo de cambio, los biocombustibles y los impuestos internos en el \u00faltimo mes. Desde este lunes YPF bajo hasta un 1,5% sus naftas y aument\u00f3 un 3,2% el gasoil. La\u2026","rel":"","context":"En \u00abConsumidores\u00bb","block_context":{"text":"Consumidores","link":"https:\/\/www.24baires.com\/?cat=78"},"img":{"alt_text":"","src":"https:\/\/i0.wp.com\/www.24baires.com\/wp-content\/uploads\/2018\/01\/ypf.jpg?resize=350%2C200","width":350,"height":200,"srcset":"https:\/\/i0.wp.com\/www.24baires.com\/wp-content\/uploads\/2018\/01\/ypf.jpg?resize=350%2C200 1x, https:\/\/i0.wp.com\/www.24baires.com\/wp-content\/uploads\/2018\/01\/ypf.jpg?resize=525%2C300 1.5x"},"classes":[]},{"id":102031,"url":"https:\/\/www.24baires.com\/?p=102031","url_meta":{"origin":112239,"position":3},"title":"Una buena: congelan el precio de la nafta hasta julio","author":"AF","date":"08\/05\/2018","format":false,"excerpt":"Seg\u00fan adelant\u00f3 C5N, el ministerio de Energ\u00eda lleg\u00f3 a un acuerdo con las petroleras para diferir la nueva suba que ten\u00edan prevista. Apenas siete meses despu\u00e9s de haber dispuesto la liberaci\u00f3n de los precios de los combustibles, el gobierno de Mauricio Macri resolvi\u00f3 este martes dar marcha y volver a\u2026","rel":"","context":"En \u00abEconom\u00eda\u00bb","block_context":{"text":"Econom\u00eda","link":"https:\/\/www.24baires.com\/?cat=45"},"img":{"alt_text":"","src":"https:\/\/i0.wp.com\/www.24baires.com\/wp-content\/uploads\/2013\/02\/surtidor-nafta.jpg?resize=350%2C200","width":350,"height":200,"srcset":"https:\/\/i0.wp.com\/www.24baires.com\/wp-content\/uploads\/2013\/02\/surtidor-nafta.jpg?resize=350%2C200 1x, https:\/\/i0.wp.com\/www.24baires.com\/wp-content\/uploads\/2013\/02\/surtidor-nafta.jpg?resize=525%2C300 1.5x"},"classes":[]},{"id":106682,"url":"https:\/\/www.24baires.com\/?p=106682","url_meta":{"origin":112239,"position":4},"title":"YPF no se qued\u00f3 atr\u00e1s y aument\u00f3 sus combustibles","author":"GB","date":"05\/02\/2019","format":false,"excerpt":"Del mismo modo que lo hizo Shell, la petrolera que posee acciones del Estado resolvi\u00f3 incrementar el valor de sus naftas y gasoil desde este martes. Luego de que Shell anunciara el aumento de 2 por ciento en sus combustibles, YPF dio a conocer que tambi\u00e9n subi\u00f3 el valor de\u2026","rel":"","context":"En \u00abEconom\u00eda\u00bb","block_context":{"text":"Econom\u00eda","link":"https:\/\/www.24baires.com\/?cat=45"},"img":{"alt_text":"","src":"https:\/\/i0.wp.com\/www.24baires.com\/wp-content\/uploads\/2014\/03\/naftas-surtidores-300x180.jpg?resize=350%2C200","width":350,"height":200},"classes":[]},{"id":120387,"url":"https:\/\/www.24baires.com\/?p=120387","url_meta":{"origin":112239,"position":5},"title":"Massa anunci\u00f3 un acuerdo para congelar el precio de los combustibles","author":"AF","date":"17\/08\/2023","format":false,"excerpt":"Ser\u00e1 hasta despu\u00e9s de las elecciones generales de octubre. Este jueves, YPF subi\u00f3 sus precios 12,5 por ciento. El ministro de Econom\u00eda, Sergio Massa, inform\u00f3 que los precios de los combustibles permanecer\u00e1n congelados hasta el 31 de octubre pr\u00f3ximo. Esta decisi\u00f3n se tom\u00f3 como respuesta al aumento del 12,5% que\u2026","rel":"","context":"En \u00abEconom\u00eda\u00bb","block_context":{"text":"Econom\u00eda","link":"https:\/\/www.24baires.com\/?cat=45"},"img":{"alt_text":"","src":"https:\/\/i0.wp.com\/www.24baires.com\/wp-content\/uploads\/2018\/01\/ypf.jpg?resize=350%2C200","width":350,"height":200,"srcset":"https:\/\/i0.wp.com\/www.24baires.com\/wp-content\/uploads\/2018\/01\/ypf.jpg?resize=350%2C200 1x, https:\/\/i0.wp.com\/www.24baires.com\/wp-content\/uploads\/2018\/01\/ypf.jpg?resize=525%2C300 1.5x, https:\/\/i0.wp.com\/www.24baires.com\/wp-content\/uploads\/2018\/01\/ypf.jpg?resize=700%2C400 2x"},"classes":[]}],"jetpack_sharing_enabled":true,"jetpack_likes_enabled":true,"_links":{"self":[{"href":"https:\/\/www.24baires.com\/index.php?rest_route=\/wp\/v2\/posts\/112239","targetHints":{"allow":["GET"]}}],"collection":[{"href":"https:\/\/www.24baires.com\/index.php?rest_route=\/wp\/v2\/posts"}],"about":[{"href":"https:\/\/www.24baires.com\/index.php?rest_route=\/wp\/v2\/types\/post"}],"author":[{"embeddable":true,"href":"https:\/\/www.24baires.com\/index.php?rest_route=\/wp\/v2\/users\/4"}],"replies":[{"embeddable":true,"href":"https:\/\/www.24baires.com\/index.php?rest_route=%2Fwp%2Fv2%2Fcomments&post=112239"}],"version-history":[{"count":1,"href":"https:\/\/www.24baires.com\/index.php?rest_route=\/wp\/v2\/posts\/112239\/revisions"}],"predecessor-version":[{"id":112240,"href":"https:\/\/www.24baires.com\/index.php?rest_route=\/wp\/v2\/posts\/112239\/revisions\/112240"}],"wp:attachment":[{"href":"https:\/\/www.24baires.com\/index.php?rest_route=%2Fwp%2Fv2%2Fmedia&parent=112239"}],"wp:term":[{"taxonomy":"category","embeddable":true,"href":"https:\/\/www.24baires.com\/index.php?rest_route=%2Fwp%2Fv2%2Fcategories&post=112239"},{"taxonomy":"post_tag","embeddable":true,"href":"https:\/\/www.24baires.com\/index.php?rest_route=%2Fwp%2Fv2%2Ftags&post=112239"}],"curies":[{"name":"wp","href":"https:\/\/api.w.org\/{rel}","templated":true}]}}