{"id":112210,"date":"2019-09-24T13:00:12","date_gmt":"2019-09-24T16:00:12","guid":{"rendered":"http:\/\/www.24baires.com\/?p=112210"},"modified":"2019-09-24T12:35:32","modified_gmt":"2019-09-24T15:35:32","slug":"bono-de-5-mil-cuanto-alcanza-a-cubrir-la-perdida-salarial-y-por-que-no-todos-podrian-cobrarlo","status":"publish","type":"post","link":"https:\/\/www.24baires.com\/?p=112210","title":{"rendered":"Bono de $5 mil: cu\u00e1nto alcanza a cubrir la p\u00e9rdida salarial y por qu\u00e9 no todos podr\u00edan cobrarlo"},"content":{"rendered":"<p><img data-recalc-dims=\"1\" loading=\"lazy\" decoding=\"async\" src=\"https:\/\/i0.wp.com\/www.24baires.com\/wp-content\/uploads\/2019\/09\/sicacgt.jpg?resize=560%2C349\" alt=\"\" width=\"560\" height=\"349\" class=\"aligncenter size-full wp-image-112211\" srcset=\"https:\/\/i0.wp.com\/www.24baires.com\/wp-content\/uploads\/2019\/09\/sicacgt.jpg?w=560&amp;ssl=1 560w, https:\/\/i0.wp.com\/www.24baires.com\/wp-content\/uploads\/2019\/09\/sicacgt.jpg?resize=300%2C187&amp;ssl=1 300w\" sizes=\"auto, (max-width: 560px) 100vw, 560px\" \/>Un estudio advierte que el bono que se acord\u00f3 para el sector privado correr\u00e1 por la voluntad de las empresas y que, por la crisis, muchas Pymes no podr\u00edan pagarlo. Adem\u00e1s, contar\u00e1 como parte de un aumento para futuras paritarias y no alcanza a cubrir lo que se perdi\u00f3 con la \u00faltima devaluaci\u00f3n.<!--more--><\/p>\n<p>El bono que el gobierno acord\u00f3 junto la CGT y las c\u00e1maras empresariales un bono de cinco mil pesos para los trabajadores privados y que esta ma\u00f1ana el presidente Macri celebr\u00f3, tiene su letra chica y en s\u00edntesis, tendr\u00e1 dificultades para que pueda ser cobrado por la mayor\u00eda de los trabajadores.<\/p>\n<p>Un informe que elabor\u00f3 el Centro de Econom\u00eda Pol\u00edtica Argentina (CEPA) advierte que el bono tiene el mismo valor nomila que desde hace un a\u00f1o, a pesar que la inflaci\u00f3n de interanual ya acumula un 55 por ceinto.<\/p>\n<p>En un segundo punto, el estudio explica que el bono \u201cs\u00f3lo cubre a asalariados registrados en relaci\u00f3n de dependencia\u201d, quedando afuera los \u201ctrabajadores no registrados y desocupados (aunque este \u00faltimo universo estar\u00eda siendo considerado para su incorporaci\u00f3n)\u201d.<\/p>\n<p>A su vez, analizan que por la fuerte crisis que viven las Pymes, muchas ya consideran \u201cde imposible cumplimiento\u201d al pago de ese bono. Por otro lado hay otros dos puntos que pasaron por alto: el pago no ser\u00e1 remunerativo y a su vez podr\u00eda contar como parte de un aumento para futuras paritarias.<\/p>\n<p>\u201cEsta breve descripci\u00f3n cabe incorporar otros elementos adicionales: su car\u00e1cter ser\u00e1 no remunerativo, lo que permite para los empleadores aliviar su carga, pero deja de aportar a ANSES y Obras Sociales. Y su consideraci\u00f3n como adelanto de futuros aumentos, lo que quita su car\u00e1cter extraordinario y significa que ser\u00e1 absorbido por las pr\u00f3ximas paritarias de cada sindicato\u201d, indican desde la CEPA.<\/p>\n<p>Por \u00faltimo, el informe hace \u00e9nfasis en c\u00f3mo la \u00faltima devaluaci\u00f3n de la moneda tras los resultados de las PASO del 11 de agosto, los salariso se licuaron considerablemente. Por eso, un bono de cinco mil pesos no alcanza a cubrir los m\u00e1s de 14 mil pesos que se necesitar\u00eda para empatarle a la inflaci\u00f3n.<\/p>\n<p>\u201cEl efecto del incremento en las expectativas inflacionarias (que pasan de 40% a 55%) implica que si se quisiera equiparar el poder de compra habr\u00eda que adosar en septiembre de 2019 la suma de $14.480. Es decir, la p\u00e9rdida derivada de la inflaci\u00f3n adicional de 15 puntos para solo 4 meses (septiembre, octubre, noviembre y diciembre) alcanza dicho monto\u201d, detallan.<\/p>\n","protected":false},"excerpt":{"rendered":"<p>Un estudio advierte que el bono que se acord\u00f3 para el sector privado correr\u00e1 por la voluntad de las empresas y que, por la crisis, muchas Pymes no podr\u00edan pagarlo. Adem\u00e1s, contar\u00e1 como parte de un aumento para futuras paritarias y no alcanza a cubrir lo que se perdi\u00f3 con la \u00faltima devaluaci\u00f3n.<\/p>\n","protected":false},"author":8,"featured_media":0,"comment_status":"open","ping_status":"open","sticky":false,"template":"","format":"standard","meta":{"_jetpack_newsletter_access":"","_jetpack_dont_email_post_to_subs":false,"_jetpack_newsletter_tier_id":0,"_jetpack_memberships_contains_paywalled_content":false,"_jetpack_memberships_contains_paid_content":false,"footnotes":""},"categories":[45],"tags":[],"class_list":["post-112210","post","type-post","status-publish","format-standard","hentry","category-economia"],"jetpack_featured_media_url":"","jetpack_shortlink":"https:\/\/wp.me\/p2JWE0-tbQ","jetpack-related-posts":[{"id":112452,"url":"https:\/\/www.24baires.com\/?p=112452","url_meta":{"origin":112210,"position":0},"title":"Las empleadas dom\u00e9sticas cobrar\u00e1n un bono de hasta 3 mil pesos","author":"AF","date":"10\/10\/2019","format":false,"excerpt":"Las empleadas dom\u00e9sticas recibir\u00e1n un bono extraordinario no remunerativo de hasta 3 mil pesos, que se pagar\u00e1 en dos cuotas en octubre y noviembre. As\u00ed lo confirmaron hoy el Ministerio de Producci\u00f3n y Trabajo y la Uni\u00f3n Personal Auxiliar de Casas Particulares (Upacp). El beneficio alcanza a todas aquellas personas\u2026","rel":"","context":"En \u00abSociedad\u00bb","block_context":{"text":"Sociedad","link":"https:\/\/www.24baires.com\/?cat=1"},"img":{"alt_text":"","src":"https:\/\/i0.wp.com\/www.24baires.com\/wp-content\/uploads\/2018\/08\/empleada-dom%C3%A9stica.jpg?resize=350%2C200","width":350,"height":200,"srcset":"https:\/\/i0.wp.com\/www.24baires.com\/wp-content\/uploads\/2018\/08\/empleada-dom%C3%A9stica.jpg?resize=350%2C200 1x, https:\/\/i0.wp.com\/www.24baires.com\/wp-content\/uploads\/2018\/08\/empleada-dom%C3%A9stica.jpg?resize=525%2C300 1.5x"},"classes":[]},{"id":118853,"url":"https:\/\/www.24baires.com\/?p=118853","url_meta":{"origin":112210,"position":1},"title":"Anuncian bono y aumento para jubilados bonaerenses","author":"GB","date":"12\/05\/2022","format":false,"excerpt":"El jefe provincial Axel Kicillof detall\u00f3 c\u00f3mo cobrar\u00e1n dicho bono los jubilados y pensionados que se encuentren bajo la \u00f3rbita del Instituto de Previsi\u00f3n Social. El gobernador de la provincia de Buenos Aires, Axel Kicillof, se reuni\u00f3 con el ministro de Hacienda y Finanzas, Pablo L\u00f3pez, y la presidenta del\u2026","rel":"","context":"En \u00abProvincia\u00bb","block_context":{"text":"Provincia","link":"https:\/\/www.24baires.com\/?cat=40"},"img":{"alt_text":"","src":"https:\/\/i0.wp.com\/www.24baires.com\/wp-content\/uploads\/2022\/05\/Kicillof-IPS-1024x683-1.jpg?resize=350%2C200","width":350,"height":200,"srcset":"https:\/\/i0.wp.com\/www.24baires.com\/wp-content\/uploads\/2022\/05\/Kicillof-IPS-1024x683-1.jpg?resize=350%2C200 1x, https:\/\/i0.wp.com\/www.24baires.com\/wp-content\/uploads\/2022\/05\/Kicillof-IPS-1024x683-1.jpg?resize=525%2C300 1.5x, https:\/\/i0.wp.com\/www.24baires.com\/wp-content\/uploads\/2022\/05\/Kicillof-IPS-1024x683-1.jpg?resize=700%2C400 2x"},"classes":[]},{"id":114863,"url":"https:\/\/www.24baires.com\/?p=114863","url_meta":{"origin":112210,"position":2},"title":"Trabajadores de la Salud acordaron un bono de 5 mil pesos con Provincia","author":"GB","date":"29\/04\/2020","format":false,"excerpt":"El titular del Sindicato de Salud P\u00fablica, Miguel \u00c1ngel Zubieta, confirm\u00f3 el acuerdo y brind\u00f3 los detalles de la negociaci\u00f3n. Tras una reuni\u00f3n paritaria sectorial de Salud de agentes alcanzados por la Ley 10.430 en la provincia de Buenos Aires, se defini\u00f3 que la bonificaci\u00f3n para el personal sanitario que\u2026","rel":"","context":"En \u00abProvincia\u00bb","block_context":{"text":"Provincia","link":"https:\/\/www.24baires.com\/?cat=40"},"img":{"alt_text":"","src":"https:\/\/i0.wp.com\/www.24baires.com\/wp-content\/uploads\/2020\/04\/paritaria-salud.jpg?resize=350%2C200","width":350,"height":200,"srcset":"https:\/\/i0.wp.com\/www.24baires.com\/wp-content\/uploads\/2020\/04\/paritaria-salud.jpg?resize=350%2C200 1x, https:\/\/i0.wp.com\/www.24baires.com\/wp-content\/uploads\/2020\/04\/paritaria-salud.jpg?resize=525%2C300 1.5x"},"classes":[]},{"id":105934,"url":"https:\/\/www.24baires.com\/?p=105934","url_meta":{"origin":112210,"position":3},"title":"Secco dar\u00e1 un bono de fin de a\u00f1o de 12 mil pesos a los municipales","author":"GB","date":"14\/12\/2018","format":false,"excerpt":"El intendente de Ensenada destac\u00f3 el \"esfuerzo\" del municipio y remarc\u00f3: \"Anunciamos cosas que sabemos que podemos pagar\". Qu\u00e9 otros jefes comunales pagar\u00e1n el plus navide\u00f1o. El intendente de Ensenada, Mario Secco, anunci\u00f3 que los trabajadores municipales recibir\u00e1n un \"s\u00faper bono\" de fin de a\u00f1o de 12.000 pesos. El bono\u2026","rel":"","context":"En \u00abMunicipios\u00bb","block_context":{"text":"Municipios","link":"https:\/\/www.24baires.com\/?cat=44"},"img":{"alt_text":"","src":"https:\/\/i0.wp.com\/www.24baires.com\/wp-content\/uploads\/2016\/04\/secco.jpg?resize=350%2C200","width":350,"height":200,"srcset":"https:\/\/i0.wp.com\/www.24baires.com\/wp-content\/uploads\/2016\/04\/secco.jpg?resize=350%2C200 1x, https:\/\/i0.wp.com\/www.24baires.com\/wp-content\/uploads\/2016\/04\/secco.jpg?resize=525%2C300 1.5x"},"classes":[]},{"id":105430,"url":"https:\/\/www.24baires.com\/?p=105430","url_meta":{"origin":112210,"position":4},"title":"El gobierno nacional confirm\u00f3 que jubilados y pensionados no percibir\u00e1n el bono","author":"GB","date":"14\/11\/2018","format":false,"excerpt":"El vicejefe de Gabinete, Andr\u00e9s Ibarra, dio a conocer que el sector pasivo no cobrar\u00e1 la suma que recibir\u00e1n tanto trabajadores estatales, fuerzas de seguridad como privados. Una nueva decisi\u00f3n del gobierno nacional golpea a los jubilados y pensionados de todo el pa\u00eds en un momento en el cual el\u2026","rel":"","context":"En \u00abPol\u00edtica\u00bb","block_context":{"text":"Pol\u00edtica","link":"https:\/\/www.24baires.com\/?cat=51"},"img":{"alt_text":"","src":"https:\/\/i0.wp.com\/www.24baires.com\/wp-content\/uploads\/2016\/05\/MACRI-JUBILADO.jpg?resize=350%2C200","width":350,"height":200,"srcset":"https:\/\/i0.wp.com\/www.24baires.com\/wp-content\/uploads\/2016\/05\/MACRI-JUBILADO.jpg?resize=350%2C200 1x, https:\/\/i0.wp.com\/www.24baires.com\/wp-content\/uploads\/2016\/05\/MACRI-JUBILADO.jpg?resize=525%2C300 1.5x"},"classes":[]},{"id":105404,"url":"https:\/\/www.24baires.com\/?p=105404","url_meta":{"origin":112210,"position":5},"title":"Pymes advierten que un bono no sirve y que deber\u00e1n \u201cendeudarse\u201d para pagarlo","author":"GB","date":"13\/11\/2018","format":false,"excerpt":"Leonardo Bilanski es titular de la Asociaci\u00f3n de Empresarios Nacionales y propone una reapertura de paritarias para motorizar el mercado interno. \u201cSi no hay control de precios esta plata se la llevan a los mismos de siempre\u201d, advirti\u00f3 Desde un sector de las Pymes, salieron a cuestionar la estrategia del\u2026","rel":"","context":"En \u00abEconom\u00eda\u00bb","block_context":{"text":"Econom\u00eda","link":"https:\/\/www.24baires.com\/?cat=45"},"img":{"alt_text":"","src":"https:\/\/i0.wp.com\/www.24baires.com\/wp-content\/uploads\/2014\/08\/pyme-mesa-institucional-la-plata-300x199.jpg?resize=350%2C200","width":350,"height":200},"classes":[]}],"jetpack_sharing_enabled":true,"jetpack_likes_enabled":true,"_links":{"self":[{"href":"https:\/\/www.24baires.com\/index.php?rest_route=\/wp\/v2\/posts\/112210","targetHints":{"allow":["GET"]}}],"collection":[{"href":"https:\/\/www.24baires.com\/index.php?rest_route=\/wp\/v2\/posts"}],"about":[{"href":"https:\/\/www.24baires.com\/index.php?rest_route=\/wp\/v2\/types\/post"}],"author":[{"embeddable":true,"href":"https:\/\/www.24baires.com\/index.php?rest_route=\/wp\/v2\/users\/8"}],"replies":[{"embeddable":true,"href":"https:\/\/www.24baires.com\/index.php?rest_route=%2Fwp%2Fv2%2Fcomments&post=112210"}],"version-history":[{"count":1,"href":"https:\/\/www.24baires.com\/index.php?rest_route=\/wp\/v2\/posts\/112210\/revisions"}],"predecessor-version":[{"id":112212,"href":"https:\/\/www.24baires.com\/index.php?rest_route=\/wp\/v2\/posts\/112210\/revisions\/112212"}],"wp:attachment":[{"href":"https:\/\/www.24baires.com\/index.php?rest_route=%2Fwp%2Fv2%2Fmedia&parent=112210"}],"wp:term":[{"taxonomy":"category","embeddable":true,"href":"https:\/\/www.24baires.com\/index.php?rest_route=%2Fwp%2Fv2%2Fcategories&post=112210"},{"taxonomy":"post_tag","embeddable":true,"href":"https:\/\/www.24baires.com\/index.php?rest_route=%2Fwp%2Fv2%2Ftags&post=112210"}],"curies":[{"name":"wp","href":"https:\/\/api.w.org\/{rel}","templated":true}]}}