{"id":1122,"date":"2012-10-05T09:38:37","date_gmt":"2012-10-05T12:38:37","guid":{"rendered":"http:\/\/www.24baires.com\/?p=1122"},"modified":"2012-10-06T12:07:08","modified_gmt":"2012-10-06T15:07:08","slug":"mariotto-y-concejales-juntos-para-ampliar-la-participacion-ciudadana","status":"publish","type":"post","link":"https:\/\/www.24baires.com\/?p=1122","title":{"rendered":"Mariotto y Concejales juntos para ampliar la participaci\u00f3n ciudadana"},"content":{"rendered":"<p><img data-recalc-dims=\"1\" loading=\"lazy\" decoding=\"async\" class=\"alignleft size-medium wp-image-1127\" title=\"mariotto\" src=\"https:\/\/i0.wp.com\/www.24baires.com\/wp-content\/uploads\/2012\/10\/mariotto1.jpg?resize=300%2C222\" alt=\"\" width=\"300\" height=\"222\" srcset=\"https:\/\/i0.wp.com\/www.24baires.com\/wp-content\/uploads\/2012\/10\/mariotto1.jpg?resize=300%2C222&amp;ssl=1 300w, https:\/\/i0.wp.com\/www.24baires.com\/wp-content\/uploads\/2012\/10\/mariotto1.jpg?w=560&amp;ssl=1 560w\" sizes=\"auto, (max-width: 300px) 100vw, 300px\" \/>Con la participaron de un centenar de ediles, el vicegobernador Gabriel Mariotto avanz\u00f3 en la construcci\u00f3n de una agenda que apunta a fortalecer la calidad institucional en los distritos. \u201cEnriquecer el debate nos permite votar las mejores leyes\u201d, dijo al abrir la jornada.<!--more--><\/p>\n<p>El vicegobernador bonaerense, Gabriel Mariotto, lanz\u00f3 hoy el \u201cPrograma de Fortalecimiento Institucional: Un Senado que aporta a la gesti\u00f3n local\u201d, en el marco de la iniciativa pol\u00edtica \u00abLa Legislatura sale a la calle\u201d.<\/p>\n<p>La propuesta esta destinada a concejales y organizaciones sociales, pol\u00edticas y culturales que se encuentren alineados detr\u00e1s del proyecto pol\u00edtico que encabeza la presidenta Cristina Fern\u00e1ndez de Kirchner.<\/p>\n<p>Durante una asamblea extraordinaria que se realiz\u00f3 en el recinto de la C\u00e1mara de Senadores y de la que participaron cerca de un centenar de ediles y militantes de base de todo el territorio bonarerense, Mariotto reiter\u00f3 su \u201corgullo\u201d por \u201cel cambio institucional producido en la Legislatura\u201d y destac\u00f3 la aprobaci\u00f3n un\u00e1nime del Cuerpo de Investigaciones Judiciales.<\/p>\n<p>El proyecto de la llamada \u201cPolic\u00eda Judicial\u201d obtuvo median sanci\u00f3n ayer luego de ser debatido en los Foros para una Seguridad Democr\u00e1tica, que recorrieron toda la Provincia recogiendo los aportes de la ciudadan\u00eda.<\/p>\n<p>\u201cEs imprescindible la participaci\u00f3n de la ciudadan\u00eda para enriquecer el debate porque nos permite votar las mejores leyes\u201d, explic\u00f3 el vicegobernador durante la apertura de la jornada.<\/p>\n<p>El programa de Fortalecimiento Institucional tiene como objetivo el apuntalamiento de los aspectos pol\u00edticos, institucionales, comunitarios y de gesti\u00f3n desde la formaci\u00f3n de la ciudadan\u00eda de la provincia de Buenos Aires hasta sus representantes en los Concejos Deliberantes.<\/p>\n<p>\u201cSe busca incentivar la capacitaci\u00f3n continua de los integrantes de los concejos deliberantes de todo el territorio provincial, con el fin de construir una agenda legislativa local que refleje las necesidades y expectativas de los diferentes sectores sociales que forman parte del municipio\u201d, explicaron desde el Senado.<\/p>\n<p>Adem\u00e1s, \u201cbusca trasladar al territorio las pol\u00edticas de inclusi\u00f3n social, ampliaci\u00f3n de ciudadan\u00eda y respeto a los derechos que se impulsan como m\u00e1xima desde el Gobierno nacional desde 2003\u201d.<\/p>\n<p>La iniciativa es impulsada desde la Secretar\u00eda de Relaciones Institucionales, a cargo de Marcelo Torres, y la Secretar\u00eda Legislativa, que conduce Luis Calderaro.<\/p>\n<p>Lo ediles, destacaron y ponderaron el trabajo del Senado provincial por su auspicio al debate generado a partir de los foros de participaci\u00f3n ciudadana, donde se analizaron en profundidad temas sensibles a los habitantes bonaerenses como fue la formaci\u00f3n del Cuerpo de Investigadores Judiciales y el destino de los recursos del juego en la provincia.<\/p>\n<p>El senador Jorge Ruesga, en su car\u00e1cter de Presidente de la Comisi\u00f3n de Seguimiento y Acompa\u00f1amiento del asesinato de Candela Sol Rodr\u00edguez, expuso durante el encuentro sobre los principales lineamientos de la investigaci\u00f3n y sobre el informe final conocido recientemente.<\/p>\n<p>Posteriormente, el senador Emilio L\u00f3pez Muntaner, hizo referencia al trabajo del cuerpo legislativo en lo que hace a la permanente defensa de los derechos humanos en los diferentes distritos de la provincia de Buenos.<\/p>\n<p>L\u00f3pez Muntaner puso como ejemplo el plenario de las comisiones de Derechos Humanos y Salud P\u00fablica realizado en la localidad de Malvinas Argentinas, donde diputados y senadores recibieron \u201cdenuncias y testimonios desgarradores por mala praxis y corrupci\u00f3n de funcionarios municipales en el manejo de los fondos del Hospital Claudio Zin\u201d.<\/p>\n","protected":false},"excerpt":{"rendered":"<p>Con la participaron de un centenar de ediles, el vicegobernador Gabriel Mariotto avanz\u00f3 en la construcci\u00f3n de una agenda que apunta a fortalecer la calidad institucional en los distritos. \u201cEnriquecer el debate nos permite votar las mejores leyes\u201d, dijo al abrir la jornada.<\/p>\n","protected":false},"author":4,"featured_media":0,"comment_status":"open","ping_status":"open","sticky":false,"template":"","format":"standard","meta":{"_jetpack_newsletter_access":"","_jetpack_dont_email_post_to_subs":false,"_jetpack_newsletter_tier_id":0,"_jetpack_memberships_contains_paywalled_content":false,"_jetpack_memberships_contains_paid_content":false,"footnotes":""},"categories":[1],"tags":[],"class_list":["post-1122","post","type-post","status-publish","format-standard","hentry","category-sociedad"],"jetpack_featured_media_url":"","jetpack_shortlink":"https:\/\/wp.me\/p2JWE0-i6","jetpack-related-posts":[{"id":46251,"url":"https:\/\/www.24baires.com\/?p=46251","url_meta":{"origin":1122,"position":0},"title":"Mariotto sorprendi\u00f3 al participar de un acto massista en Olavarr\u00eda","author":"AF","date":"18\/05\/2014","format":false,"excerpt":"Este s\u00e1bado se realizaron dos encuentros de militantes pol\u00edticos en Olavarr\u00eda. Uno de ellos el del FPV, que se realiz\u00f3 en el parque Mitre, recibi\u00f3 la visita del vicegobernador Gabriel Mariotto y el otro en la Casa del Deporte con un encuentro de m\u00e1s de 250 mujeres del massismo denominado\u2026","rel":"","context":"En \u00abPol\u00edtica\u00bb","block_context":{"text":"Pol\u00edtica","link":"https:\/\/www.24baires.com\/?cat=51"},"img":{"alt_text":"mariotto olava","src":"https:\/\/i0.wp.com\/www.24baires.com\/wp-content\/uploads\/2014\/05\/mariotto-olava.jpg?resize=350%2C200","width":350,"height":200,"srcset":"https:\/\/i0.wp.com\/www.24baires.com\/wp-content\/uploads\/2014\/05\/mariotto-olava.jpg?resize=350%2C200 1x, https:\/\/i0.wp.com\/www.24baires.com\/wp-content\/uploads\/2014\/05\/mariotto-olava.jpg?resize=525%2C300 1.5x"},"classes":[]},{"id":45158,"url":"https:\/\/www.24baires.com\/?p=45158","url_meta":{"origin":1122,"position":1},"title":"Buscan que los puertos bonaerenses sean estatizados","author":"Grupo Sierra","date":"02\/05\/2014","format":false,"excerpt":"El vicegobernador, Gabriel Mariotto impulsa el proyecto por el que se revisar\u00edan las concesiones de Bah\u00eda, Quequ\u00e9n y Ramallo. Con la medida buscan recaudar 2.400 millones de d\u00f3lares. Si la Provincia recuperara el control de sus puertos, que actualmente est\u00e1n operados por compa\u00f1\u00edas multinacionales, podr\u00eda recaudar unos 2.400 millones de\u2026","rel":"","context":"En \u00abProvincia\u00bb","block_context":{"text":"Provincia","link":"https:\/\/www.24baires.com\/?cat=40"},"img":{"alt_text":"puerto","src":"https:\/\/i0.wp.com\/www.24baires.com\/wp-content\/uploads\/2013\/05\/puerto.jpg?resize=350%2C200","width":350,"height":200,"srcset":"https:\/\/i0.wp.com\/www.24baires.com\/wp-content\/uploads\/2013\/05\/puerto.jpg?resize=350%2C200 1x, https:\/\/i0.wp.com\/www.24baires.com\/wp-content\/uploads\/2013\/05\/puerto.jpg?resize=525%2C300 1.5x"},"classes":[]},{"id":47531,"url":"https:\/\/www.24baires.com\/?p=47531","url_meta":{"origin":1122,"position":2},"title":"Mariotto adelant\u00f3 que se debatir\u00e1 en el Senado la autonom\u00eda de Quequ\u00e9n","author":"AF","date":"06\/06\/2014","format":false,"excerpt":"En una reuni\u00f3n con los integrantes del Concejo Deliberante de Necochea, el vicegobernador de la provincia de Buenos Aires, Gabriel Mariotto, adelant\u00f3 que \u201cvamos a recibir la inquietud y vamos a analizarla en el Senado, vamos a aportar reflexi\u00f3n\u201d, al pedido de autonom\u00eda de la localidad de Quequ\u00e9n. \u201cHay que\u2026","rel":"","context":"En \u00abLocales\u00bb","block_context":{"text":"Locales","link":"https:\/\/www.24baires.com\/?cat=38"},"img":{"alt_text":"quequen automistas","src":"https:\/\/i0.wp.com\/www.24baires.com\/wp-content\/uploads\/2012\/11\/quequen-automistas.jpg?resize=350%2C200","width":350,"height":200,"srcset":"https:\/\/i0.wp.com\/www.24baires.com\/wp-content\/uploads\/2012\/11\/quequen-automistas.jpg?resize=350%2C200 1x, https:\/\/i0.wp.com\/www.24baires.com\/wp-content\/uploads\/2012\/11\/quequen-automistas.jpg?resize=525%2C300 1.5x"},"classes":[]},{"id":5175,"url":"https:\/\/www.24baires.com\/?p=5175","url_meta":{"origin":1122,"position":3},"title":"Concejales platenses pidieron a Mariotto la creaci\u00f3n de Fiscal\u00eda de Antidrogas","author":"AF","date":"12\/11\/2012","format":false,"excerpt":"El vicegobernador bonaerense, Gabriel Mariotto, se reuni\u00f3 con ediles de diferentes fuerzas pol\u00edticas del Concejo Deliberante platense que pidieron el tratamiento en la Legislatura de la creaci\u00f3n de una Fiscal\u00eda de Drogas Il\u00edcitas y Estupefacientes en La Plata. Estuvieron presentes la presidenta de la Comisi\u00f3n de Seguridad, Valeria Amendolara (FpV),\u2026","rel":"","context":"En \u00abPol\u00edtica\u00bb","block_context":{"text":"Pol\u00edtica","link":"https:\/\/www.24baires.com\/?cat=51"},"img":{"alt_text":"","src":"","width":0,"height":0},"classes":[]},{"id":22948,"url":"https:\/\/www.24baires.com\/?p=22948","url_meta":{"origin":1122,"position":4},"title":"Mariotto pidi\u00f3 \u00abmilitancia y compromiso\u00bb para defender el modelo","author":"Grupo Sierra","date":"07\/05\/2013","format":false,"excerpt":"Durante un plenario del espacio pol\u00edtico Proyecto Nacional que se realiz\u00f3 en el partido de Ensanada, el vicegobernador bonaerense pidi\u00f3 \u201cmayor militancia y compromiso\u201d. Adem\u00e1s, se refiri\u00f3 a la presidenta Cristina Fern\u00e1ndez de Kirchner y sostuvo que \u201cintentan castigarla, con golpes bajos, con infamias, con blasfemia, con operaciones\u201d. El vicegobernador\u2026","rel":"","context":"En \u00abPol\u00edtica\u00bb","block_context":{"text":"Pol\u00edtica","link":"https:\/\/www.24baires.com\/?cat=51"},"img":{"alt_text":"mariottounlp","src":"https:\/\/i0.wp.com\/www.24baires.com\/wp-content\/uploads\/2012\/10\/mariottounlp.jpg?resize=350%2C200","width":350,"height":200,"srcset":"https:\/\/i0.wp.com\/www.24baires.com\/wp-content\/uploads\/2012\/10\/mariottounlp.jpg?resize=350%2C200 1x, https:\/\/i0.wp.com\/www.24baires.com\/wp-content\/uploads\/2012\/10\/mariottounlp.jpg?resize=525%2C300 1.5x"},"classes":[]},{"id":40533,"url":"https:\/\/www.24baires.com\/?p=40533","url_meta":{"origin":1122,"position":5},"title":"Azul: Mariotto prometi\u00f3 devolverle tierras a una comunidad originaria","author":"GB","date":"16\/02\/2014","format":false,"excerpt":"AZUL-En el marco de una visita a la ciudad, el vicegobernador bonaerense mantuvo un encuentro con los descendientes del Cacique Catriel, quienes reclaman por la recuperaci\u00f3n de terrenos usurpados por un coronel retirado, donde actualmente se prev\u00e9n negocios inmobiliarios. El funcionario comprometi\u00f3 su ayuda para lograr solucionar este hist\u00f3rico reclamo.\u2026","rel":"","context":"En \u00abLocales\u00bb","block_context":{"text":"Locales","link":"https:\/\/www.24baires.com\/?cat=38"},"img":{"alt_text":"mariotto en azul","src":"https:\/\/i0.wp.com\/www.24baires.com\/wp-content\/uploads\/2014\/02\/mariotto-en-azul.jpg?resize=350%2C200","width":350,"height":200,"srcset":"https:\/\/i0.wp.com\/www.24baires.com\/wp-content\/uploads\/2014\/02\/mariotto-en-azul.jpg?resize=350%2C200 1x, https:\/\/i0.wp.com\/www.24baires.com\/wp-content\/uploads\/2014\/02\/mariotto-en-azul.jpg?resize=525%2C300 1.5x"},"classes":[]}],"jetpack_sharing_enabled":true,"jetpack_likes_enabled":true,"_links":{"self":[{"href":"https:\/\/www.24baires.com\/index.php?rest_route=\/wp\/v2\/posts\/1122","targetHints":{"allow":["GET"]}}],"collection":[{"href":"https:\/\/www.24baires.com\/index.php?rest_route=\/wp\/v2\/posts"}],"about":[{"href":"https:\/\/www.24baires.com\/index.php?rest_route=\/wp\/v2\/types\/post"}],"author":[{"embeddable":true,"href":"https:\/\/www.24baires.com\/index.php?rest_route=\/wp\/v2\/users\/4"}],"replies":[{"embeddable":true,"href":"https:\/\/www.24baires.com\/index.php?rest_route=%2Fwp%2Fv2%2Fcomments&post=1122"}],"version-history":[{"count":0,"href":"https:\/\/www.24baires.com\/index.php?rest_route=\/wp\/v2\/posts\/1122\/revisions"}],"wp:attachment":[{"href":"https:\/\/www.24baires.com\/index.php?rest_route=%2Fwp%2Fv2%2Fmedia&parent=1122"}],"wp:term":[{"taxonomy":"category","embeddable":true,"href":"https:\/\/www.24baires.com\/index.php?rest_route=%2Fwp%2Fv2%2Fcategories&post=1122"},{"taxonomy":"post_tag","embeddable":true,"href":"https:\/\/www.24baires.com\/index.php?rest_route=%2Fwp%2Fv2%2Ftags&post=1122"}],"curies":[{"name":"wp","href":"https:\/\/api.w.org\/{rel}","templated":true}]}}