{"id":112183,"date":"2019-09-23T12:00:17","date_gmt":"2019-09-23T15:00:17","guid":{"rendered":"http:\/\/www.24baires.com\/?p=112183"},"modified":"2019-09-23T11:21:04","modified_gmt":"2019-09-23T14:21:04","slug":"los-alarmantes-indices-economicos-de-la-gestion-de-maria-eugenia-vidal-en-lo-que-va-del-2019","status":"publish","type":"post","link":"https:\/\/www.24baires.com\/?p=112183","title":{"rendered":"Los alarmantes \u00edndices econ\u00f3micos de la gesti\u00f3n de Mar\u00eda Eugenia Vidal en lo que va del 2019"},"content":{"rendered":"<p><img data-recalc-dims=\"1\" loading=\"lazy\" decoding=\"async\" src=\"https:\/\/i0.wp.com\/www.24baires.com\/wp-content\/uploads\/2019\/09\/gobernacion.jpg?resize=560%2C315\" alt=\"\" width=\"560\" height=\"315\" class=\"aligncenter size-full wp-image-112184\" srcset=\"https:\/\/i0.wp.com\/www.24baires.com\/wp-content\/uploads\/2019\/09\/gobernacion.jpg?w=560&amp;ssl=1 560w, https:\/\/i0.wp.com\/www.24baires.com\/wp-content\/uploads\/2019\/09\/gobernacion.jpg?resize=300%2C169&amp;ssl=1 300w\" sizes=\"auto, (max-width: 560px) 100vw, 560px\" \/>Un estudio de una consultora privada repas\u00f3 las cifras de la actividad industrial, desocupaci\u00f3n, salarios y recaudaci\u00f3n, y arroj\u00f3 n\u00fameros preocupantes.<!--more--><\/p>\n<p>La consultora Analog\u00edas realiz\u00f3 un informe de coyuntura econ\u00f3mica de la provincia de Buenos Aires correspondiente a septiembre de 2019. En el an\u00e1lisis eval\u00faan el impacto de la crisis y deja al desnudo los escuetos alcances de las pol\u00edticas implementadas por la gobernadora Mar\u00eda Eugenia Vidal. Los alarmantes \u00edndices profundizan un panorama incierto para el futuro de los bonaerenses.<\/p>\n<p>En ese sentido, el estudio revel\u00f3 que la actividad industrial anot\u00f3 en los primeros cinco meses de 2019 una ca\u00edda de 8,8% respecto de igual per\u00edodo de 2018 y asegur\u00f3 que \u201ctodos los rubros han ca\u00eddo y en algunos casos la contracci\u00f3n es estrepitosa\u201d. Entonces, describi\u00f3 que \u201ctextiles y automotores se llevan la peor parte (-31,3% y 23%), mientras que metales comunes, caucho y pl\u00e1stico y papel y cart\u00f3n registran ca\u00eddas del orden del 15-20% en el acumulado\u201d.<\/p>\n<p>En cuanto a las ventas en supermercados, se observ\u00f3 \u201cun panorama muy contractivo y preocupante\u201d. Es que en el primer semestre del a\u00f1o la ca\u00edda es de 15% interanual para el Gran Buenos Aires y de 10% para el resto de la provincia. Para el sector automotor, al mes de agosto hubo ca\u00eddas del orden del 42-48% en el acumulado interanual. Los usados se sostienen gracias las motos (19,4% mayor que en 2018).<\/p>\n<p>En torno a la situaci\u00f3n del empleo, la desocupaci\u00f3n pas\u00f3 del 11,1% en el cuarto trimestre de 2018 al 11,9% en lo que va del a\u00f1o. Si la comparaci\u00f3n se hace con igual per\u00edodo de 2018, trep\u00f3 un 10,2%. El subempleo creci\u00f3 del 10,5% al 12,9%. Asimismo, en 2019 en San Nicol\u00e1s-Villa Constituci\u00f3n llega a 10,8%, La Plata 10,8%, Gran Buenos Aires 12,3% y Mar del Plata 10%.<\/p>\n<p>Para el empleo privado, existe una ca\u00edda de 3,1% en relaci\u00f3n a igual mes de 2018 y acumula este primer semestre un 2,7%. La consultora, estim\u00f3 que el \u201cdato que empeorar\u00e1 con el correr del a\u00f1o, a causa de la profundizaci\u00f3n de la actual crisis\u201d.<\/p>\n<p>Por su parte, el salario privado registrado bonaerense experiment\u00f3 una ca\u00edda interanual, al mes de marzo, de 9,8% en relaci\u00f3n a igual mes de 2018. Si se mira la ca\u00edda acumulada en el primer trimestre, la misma es pr\u00e1cticamente similar (9,7%). \u201cPor lo tanto, la reducci\u00f3n de salarios, empleo y producci\u00f3n dibujan el peor escenario para la provincia desde la salida de la crisis en 2003\u201d, sentenci\u00f3 el informe.<\/p>\n<p>Empleo privado registrado en el Gran Buenos Aires, al mes de julio la ca\u00edda fue de 2,4% en relaci\u00f3n a igual mes de 2018 y 2,7% en el acumulado interanual.<\/p>\n<p>Sobre la recaudaci\u00f3n provincial, seg\u00fan Analog\u00edas \u201cen los primeros 7 meses del a\u00f1o un 15% en t\u00e9rminos reales (descontando la inaci\u00f3n)\u201d. El consumo sigui\u00f3 a la baja, lo que redunda en un peor comportamiento de Ingresos Brutos (-12,6%). El impuesto sobre sellos \u201ces el de peor desempe\u00f1o\u201d con -26,9%, en el marco del parate del sector inmobiliario, sumamente afectado por los vaivenes cambiarios. Automotores disminuy\u00f3 un 13,2% e inmobiliario un 16,2%.<\/p>\n<p>Sobre la deuda p\u00fablica, en el segundo trimestre de 2019 \u201cpr\u00e1cticamente se cay\u00f3 por primera vez desde que gobierna Vidal\u201d. La misma se redujo un 14,2% en t\u00e9rminos reales, con un 20,5% en pesos y un 12,1% en moneda extranjera. En este sentido, \u201cm\u00e1s all\u00e1 de la cancelaci\u00f3n de pr\u00e9stamos ha jugado un papel importante la cotizaci\u00f3n del d\u00f3lar, que permanece relativamente estable en los \u00faltimos meses\u201d.<\/p>\n<p>Las exportaciones, en los primeros cinco meses de 2019 anotaron un 8,3% m\u00e1s, en d\u00f3lares, que en igual per\u00edodo de 2018, mejorando la performance registrada hasta abril. Esto explica centralmente por productos primarios, que aumentaron un 25,3%, mientras que las manufacturas de origen agropecuario lo hicieron un 3,2%. Combustibles y energ\u00eda creci\u00f3 un 60,4% y las manufacturas industriales registraron su peor registro en varios meses, al acumular una ca\u00edda de 4,2%.<\/p>\n","protected":false},"excerpt":{"rendered":"<p>Un estudio de una consultora privada repas\u00f3 las cifras de la actividad industrial, desocupaci\u00f3n, salarios y recaudaci\u00f3n, y arroj\u00f3 n\u00fameros preocupantes.<\/p>\n","protected":false},"author":8,"featured_media":0,"comment_status":"open","ping_status":"open","sticky":false,"template":"","format":"standard","meta":{"_jetpack_newsletter_access":"","_jetpack_dont_email_post_to_subs":false,"_jetpack_newsletter_tier_id":0,"_jetpack_memberships_contains_paywalled_content":false,"_jetpack_memberships_contains_paid_content":false,"footnotes":""},"categories":[45],"tags":[],"class_list":["post-112183","post","type-post","status-publish","format-standard","hentry","category-economia"],"jetpack_featured_media_url":"","jetpack_shortlink":"https:\/\/wp.me\/p2JWE0-tbp","jetpack-related-posts":[{"id":104746,"url":"https:\/\/www.24baires.com\/?p=104746","url_meta":{"origin":112183,"position":0},"title":"Aseguran que la desocupaci\u00f3n en la Provincia creci\u00f3 un 55% desde que asumi\u00f3 Cambiemos","author":"GB","date":"03\/10\/2018","format":false,"excerpt":"El trabajo de Analog\u00edas revela tambi\u00e9n que la recesi\u00f3n a nivel nacional impacta sobre los indicadores provinciales como la actividad industrial, los ingresos fiscales y desempleo, que se consolida encima de los dos d\u00edgitos. Un estudio realizado por la consultora Analog\u00edas revela que en junio se registr\u00f3 la marca m\u00e1s\u2026","rel":"","context":"En \u00abProvincia\u00bb","block_context":{"text":"Provincia","link":"https:\/\/www.24baires.com\/?cat=40"},"img":{"alt_text":"","src":"https:\/\/i0.wp.com\/www.24baires.com\/wp-content\/uploads\/2018\/06\/jovenes-desempleados.jpg?resize=350%2C200","width":350,"height":200,"srcset":"https:\/\/i0.wp.com\/www.24baires.com\/wp-content\/uploads\/2018\/06\/jovenes-desempleados.jpg?resize=350%2C200 1x, https:\/\/i0.wp.com\/www.24baires.com\/wp-content\/uploads\/2018\/06\/jovenes-desempleados.jpg?resize=525%2C300 1.5x"},"classes":[]},{"id":104618,"url":"https:\/\/www.24baires.com\/?p=104618","url_meta":{"origin":112183,"position":1},"title":"La crisis golpea a la obra p\u00fablica: se licitan un 33% menos de obras que en 2017","author":"GB","date":"24\/09\/2018","format":false,"excerpt":"La obra p\u00fablica ha sido uno de los principales sostenes de Cambiemos: desde su asunci\u00f3n a fines de 2015, tanto Mauricio Macri como Mar\u00eda Eugenia Vidal hicieron de ello su principal bandera de gesti\u00f3n, y en los primeros dos a\u00f1os de Gobierno eso se tradujo en \u00edndices que le sonre\u00edan\u2026","rel":"","context":"En \u00abSociedad\u00bb","block_context":{"text":"Sociedad","link":"https:\/\/www.24baires.com\/?cat=1"},"img":{"alt_text":"","src":"https:\/\/i0.wp.com\/www.24baires.com\/wp-content\/uploads\/2014\/02\/construccion-300x241.jpg?resize=350%2C200","width":350,"height":200},"classes":[]},{"id":102480,"url":"https:\/\/www.24baires.com\/?p=102480","url_meta":{"origin":112183,"position":2},"title":"Aseguran que la obra p\u00fablica cay\u00f3 un 76,1% respecto del a\u00f1o pasado","author":"GB","date":"01\/06\/2018","format":false,"excerpt":"Seg\u00fan el estudio existe una merma en las licitaciones a nivel provincial y nacional que se profundizar\u00e1 teniendo en cuenta recortes en el \u00e1rea, la corrida cambiaria y el acuerdo con el FMI. La Consultora Analog\u00edas realiz\u00f3 un an\u00e1lisis de coyuntura econ\u00f3mica donde compar\u00f3 las licitaciones de obra p\u00fablica impulsados\u2026","rel":"","context":"En \u00abProvincia\u00bb","block_context":{"text":"Provincia","link":"https:\/\/www.24baires.com\/?cat=40"},"img":{"alt_text":"","src":"https:\/\/i0.wp.com\/www.24baires.com\/wp-content\/uploads\/2016\/04\/vidal-constructura.jpg?resize=350%2C200","width":350,"height":200,"srcset":"https:\/\/i0.wp.com\/www.24baires.com\/wp-content\/uploads\/2016\/04\/vidal-constructura.jpg?resize=350%2C200 1x, https:\/\/i0.wp.com\/www.24baires.com\/wp-content\/uploads\/2016\/04\/vidal-constructura.jpg?resize=525%2C300 1.5x"},"classes":[]},{"id":107507,"url":"https:\/\/www.24baires.com\/?p=107507","url_meta":{"origin":112183,"position":3},"title":"El mercado proyecta un 36% de inflaci\u00f3n para 2019","author":"AF","date":"03\/04\/2019","format":false,"excerpt":"Las consultoras que participan del Relevamiento de Expectativas de Mercado subieron cuatro puntos porcentuales el \u00edndice de precios para fin de a\u00f1o. Asimismo, estimaron una ca\u00edda del 1,2% en la actividad. Las consultoras y economistas relevados por el Banco Central elevaron del 32 al 36 por ciento la inflaci\u00f3n proyectada\u2026","rel":"","context":"En \u00abEconom\u00eda\u00bb","block_context":{"text":"Econom\u00eda","link":"https:\/\/www.24baires.com\/?cat=45"},"img":{"alt_text":"","src":"https:\/\/i0.wp.com\/www.24baires.com\/wp-content\/uploads\/2018\/09\/precios-cuidados.jpg?resize=350%2C200","width":350,"height":200,"srcset":"https:\/\/i0.wp.com\/www.24baires.com\/wp-content\/uploads\/2018\/09\/precios-cuidados.jpg?resize=350%2C200 1x, https:\/\/i0.wp.com\/www.24baires.com\/wp-content\/uploads\/2018\/09\/precios-cuidados.jpg?resize=525%2C300 1.5x"},"classes":[]},{"id":108285,"url":"https:\/\/www.24baires.com\/?p=108285","url_meta":{"origin":112183,"position":4},"title":"Desde que asumi\u00f3 Cambiemos se perdieron 137 mil empleos industriales","author":"AF","date":"20\/05\/2019","format":false,"excerpt":"Seg\u00fan los datos del informe elaborado por la UNDAV, el sector perdi\u00f3 3.500 puestos por mes desde diciembre de 2015. La crisis que atraviesa el sector industrial parece no tener techo. Un nuevo estudio revela que se destruyeron 3.500 empleos industriales por mes desde diciembre desde 2015, lo que representa\u2026","rel":"","context":"En \u00abEconom\u00eda\u00bb","block_context":{"text":"Econom\u00eda","link":"https:\/\/www.24baires.com\/?cat=45"},"img":{"alt_text":"","src":"https:\/\/i0.wp.com\/www.24baires.com\/wp-content\/uploads\/2018\/11\/industria.jpg?resize=350%2C200","width":350,"height":200,"srcset":"https:\/\/i0.wp.com\/www.24baires.com\/wp-content\/uploads\/2018\/11\/industria.jpg?resize=350%2C200 1x, https:\/\/i0.wp.com\/www.24baires.com\/wp-content\/uploads\/2018\/11\/industria.jpg?resize=525%2C300 1.5x"},"classes":[]},{"id":112338,"url":"https:\/\/www.24baires.com\/?p=112338","url_meta":{"origin":112183,"position":5},"title":"Estiman que la inflaci\u00f3n de septiembre fue de 5,8%","author":"GB","date":"03\/10\/2019","format":false,"excerpt":"El Banco Central de la Rep\u00fablica Argentina realiz\u00f3 el Relevamiento de Expectativas de Mercado. El BCRA difundi\u00f3 el Relevamiento de Expectativas de Mercado (REM) que realiz\u00f3 entre los d\u00edas 26 y 30 de septiembre entre 45 participantes, entre los cuales se cuentan 27 consultoras y centros de investigaci\u00f3n locales, 13\u2026","rel":"","context":"En \u00abEconom\u00eda\u00bb","block_context":{"text":"Econom\u00eda","link":"https:\/\/www.24baires.com\/?cat=45"},"img":{"alt_text":"","src":"https:\/\/i0.wp.com\/www.24baires.com\/wp-content\/uploads\/2018\/08\/supermercado.jpg?resize=350%2C200","width":350,"height":200,"srcset":"https:\/\/i0.wp.com\/www.24baires.com\/wp-content\/uploads\/2018\/08\/supermercado.jpg?resize=350%2C200 1x, https:\/\/i0.wp.com\/www.24baires.com\/wp-content\/uploads\/2018\/08\/supermercado.jpg?resize=525%2C300 1.5x"},"classes":[]}],"jetpack_sharing_enabled":true,"jetpack_likes_enabled":true,"_links":{"self":[{"href":"https:\/\/www.24baires.com\/index.php?rest_route=\/wp\/v2\/posts\/112183","targetHints":{"allow":["GET"]}}],"collection":[{"href":"https:\/\/www.24baires.com\/index.php?rest_route=\/wp\/v2\/posts"}],"about":[{"href":"https:\/\/www.24baires.com\/index.php?rest_route=\/wp\/v2\/types\/post"}],"author":[{"embeddable":true,"href":"https:\/\/www.24baires.com\/index.php?rest_route=\/wp\/v2\/users\/8"}],"replies":[{"embeddable":true,"href":"https:\/\/www.24baires.com\/index.php?rest_route=%2Fwp%2Fv2%2Fcomments&post=112183"}],"version-history":[{"count":1,"href":"https:\/\/www.24baires.com\/index.php?rest_route=\/wp\/v2\/posts\/112183\/revisions"}],"predecessor-version":[{"id":112185,"href":"https:\/\/www.24baires.com\/index.php?rest_route=\/wp\/v2\/posts\/112183\/revisions\/112185"}],"wp:attachment":[{"href":"https:\/\/www.24baires.com\/index.php?rest_route=%2Fwp%2Fv2%2Fmedia&parent=112183"}],"wp:term":[{"taxonomy":"category","embeddable":true,"href":"https:\/\/www.24baires.com\/index.php?rest_route=%2Fwp%2Fv2%2Fcategories&post=112183"},{"taxonomy":"post_tag","embeddable":true,"href":"https:\/\/www.24baires.com\/index.php?rest_route=%2Fwp%2Fv2%2Ftags&post=112183"}],"curies":[{"name":"wp","href":"https:\/\/api.w.org\/{rel}","templated":true}]}}