{"id":112154,"date":"2019-09-19T19:32:06","date_gmt":"2019-09-19T22:32:06","guid":{"rendered":"http:\/\/www.24baires.com\/?p=112154"},"modified":"2019-09-19T19:32:06","modified_gmt":"2019-09-19T22:32:06","slug":"se-fugaron-10-mil-millones-de-dolares-en-apenas-un-mes","status":"publish","type":"post","link":"https:\/\/www.24baires.com\/?p=112154","title":{"rendered":"Se fugaron 10 mil millones de d\u00f3lares en apenas un mes"},"content":{"rendered":"<p><img data-recalc-dims=\"1\" loading=\"lazy\" decoding=\"async\" src=\"https:\/\/i0.wp.com\/www.24baires.com\/wp-content\/uploads\/2019\/08\/d%C3%B3lar.jpg?resize=560%2C314\" alt=\"\" width=\"560\" height=\"314\" class=\"aligncenter size-full wp-image-111462\" srcset=\"https:\/\/i0.wp.com\/www.24baires.com\/wp-content\/uploads\/2019\/08\/d%C3%B3lar.jpg?w=560&amp;ssl=1 560w, https:\/\/i0.wp.com\/www.24baires.com\/wp-content\/uploads\/2019\/08\/d%C3%B3lar.jpg?resize=300%2C168&amp;ssl=1 300w\" sizes=\"auto, (max-width: 560px) 100vw, 560px\" \/>La falta de confianza de los inversionistas y ahorristas en la debacle socioecon\u00f3mica propiciada por Cambiemos desat\u00f3 una impresionante salida de capitales de las arcas de los bancos.<!--more--><\/p>\n<p>Cuando se huele la inoperancia en el aire, aumenta la desconfianza y el conservadurismo del sistema. Por ello, unos 9.975 millones de d\u00f3lares fueron literalmente fugados del sistema financiero en apenas un mes en medio, a causa de la corrida cambiaria que se desat\u00f3 despu\u00e9s de las Primarias.<\/p>\n<p>Desde aquel fat\u00eddico lunes en que Mauricio Macri decidi\u00f3 \u00abcastigar\u00bb a la poblaci\u00f3n argentina luego de haber perdido estrepitosamente en las elecciones PASO, el 30,7% de todos los dep\u00f3sitos en moneda dura que el sector privado argentino (ahorristas individuales y empresas) ten\u00edan en los bancos p\u00fablicos y privados del pa\u00eds el viernes 9 de agosto, dos d\u00edas despu\u00e9s comenz\u00f3 a ser retirado.<\/p>\n<p>La fuga primero fue cambiaria, con un salto del 32% en el precio del d\u00f3lar, situaci\u00f3n que el gobierno de Macri dej\u00f3 escalar como \u00abcastigo\u00bb a la poblaci\u00f3n por no haber votado a la f\u00f3rmula oficialista, hecho que se encuentra bajo investigaci\u00f3n por parte de la Justicia.<\/p>\n<p>Luego se convirti\u00f3 en fuga bancaria. Este 12 de septiembre, fecha en que se registr\u00f3 el \u00faltimo dato oficial disponible de ca\u00edda, el stock marc\u00f3 22.525 millones de d\u00f3lares, cuando antes de las PASO sumaba 32.500.<\/p>\n<p>Se trata del nivel m\u00e1s bajo desde el 2 de enero de 2017, cuando el nivel era de 22.509 millones de d\u00f3lares.<\/p>\n<p>En tanto, el total de dep\u00f3sitos en moneda dura en el sistema financiero -es decir, d\u00f3lares de las provincias, municipios y otras dependencias del Estado- cayeron desde los 35.243 millones el 9 de agosto hasta los 25.204.<\/p>\n<p>Esa baja fue del 10.039 millones de d\u00f3lares, equivalente al 28,5% del stock total. La tendencia de ca\u00edda se quebr\u00f3 el 13 de septiembre con un aumento de 19 millones de d\u00f3lares en los dep\u00f3sitos del sector privado debido al cobro de una Letra del Tesoro que pag\u00f3 el ministerio de Hacienda a tenedores particulares.<\/p>\n<p>Por contrapartida, los dep\u00f3sitos totales que contemplan tambi\u00e9n los d\u00f3lares del sector p\u00fablico bajaron ese d\u00eda unos 218 millones de d\u00f3lares, desde los 25.204 millones hasta los 24.986 millones.<\/p>\n","protected":false},"excerpt":{"rendered":"<p>La falta de confianza de los inversionistas y ahorristas en la debacle socioecon\u00f3mica propiciada por Cambiemos desat\u00f3 una impresionante salida de capitales de las arcas de los bancos.<\/p>\n","protected":false},"author":4,"featured_media":0,"comment_status":"open","ping_status":"open","sticky":false,"template":"","format":"standard","meta":{"_jetpack_newsletter_access":"","_jetpack_dont_email_post_to_subs":false,"_jetpack_newsletter_tier_id":0,"_jetpack_memberships_contains_paywalled_content":false,"_jetpack_memberships_contains_paid_content":false,"footnotes":""},"categories":[45],"tags":[],"class_list":["post-112154","post","type-post","status-publish","format-standard","hentry","category-economia"],"jetpack_featured_media_url":"","jetpack_shortlink":"https:\/\/wp.me\/p2JWE0-taW","jetpack-related-posts":[{"id":115961,"url":"https:\/\/www.24baires.com\/?p=115961","url_meta":{"origin":112154,"position":0},"title":"Aclaran que no habr\u00e1 cambios en la venta oficial de d\u00f3lares","author":"GB","date":"16\/08\/2020","format":false,"excerpt":"El presidente apunt\u00f3 a la compra de d\u00f3lares por parte de peque\u00f1os ahorristas y se\u00f1al\u00f3 que es \"un problema\". Desde el Ministerio de Econom\u00eda salieron a tranquilizar. El presidente Alberto Fern\u00e1ndez hab\u00eda sembrado dudas en el mercado de divisas cuando esta tarde se\u00f1al\u00f3 que estudiaban endurecer el cepo y no\u2026","rel":"","context":"En \u00abEconom\u00eda\u00bb","block_context":{"text":"Econom\u00eda","link":"https:\/\/www.24baires.com\/?cat=45"},"img":{"alt_text":"","src":"https:\/\/i0.wp.com\/www.24baires.com\/wp-content\/uploads\/2020\/08\/alberto-guzman.jpg?resize=350%2C200","width":350,"height":200,"srcset":"https:\/\/i0.wp.com\/www.24baires.com\/wp-content\/uploads\/2020\/08\/alberto-guzman.jpg?resize=350%2C200 1x, https:\/\/i0.wp.com\/www.24baires.com\/wp-content\/uploads\/2020\/08\/alberto-guzman.jpg?resize=525%2C300 1.5x"},"classes":[]},{"id":111952,"url":"https:\/\/www.24baires.com\/?p=111952","url_meta":{"origin":112154,"position":1},"title":"Desde el inicio del gobierno de Macri se fugaron del sistema 40 mil d\u00f3lares por minuto","author":"AF","date":"05\/09\/2019","format":false,"excerpt":"En lo que va del gobierno de Mauricio Macri ya se fugaron del sistema financiero formal m\u00e1s de 73 mil millones de d\u00f3lares, seg\u00fan datos relevados por la Undav. Las medidas adoptadas por el gobierno de Mauricio Macri a partir de la profundizaci\u00f3n de la crisis econ\u00f3mica luego de las\u2026","rel":"","context":"En \u00abEconom\u00eda\u00bb","block_context":{"text":"Econom\u00eda","link":"https:\/\/www.24baires.com\/?cat=45"},"img":{"alt_text":"","src":"https:\/\/i0.wp.com\/www.24baires.com\/wp-content\/uploads\/2019\/08\/macri.png?resize=350%2C200","width":350,"height":200,"srcset":"https:\/\/i0.wp.com\/www.24baires.com\/wp-content\/uploads\/2019\/08\/macri.png?resize=350%2C200 1x, https:\/\/i0.wp.com\/www.24baires.com\/wp-content\/uploads\/2019\/08\/macri.png?resize=525%2C300 1.5x"},"classes":[]},{"id":96557,"url":"https:\/\/www.24baires.com\/?p=96557","url_meta":{"origin":112154,"position":2},"title":"Volvi\u00f3 a aumentar la fuga de capitales: 28% en el primer semestre","author":"GB","date":"08\/08\/2017","format":false,"excerpt":"Los argentinos sacaron del sistema casi U$S 7.700 millones en la primera mitad del a\u00f1o. Con la salida del cepo se dispar\u00f3 la fuga de capitales en 2015, tal como pod\u00eda esperarse. Pero pese a los intentos oficiales de atraer inversiones, la tendencia no fren\u00f3, sino que se aceler\u00f3. En\u2026","rel":"","context":"En \u00abEconom\u00eda\u00bb","block_context":{"text":"Econom\u00eda","link":"https:\/\/www.24baires.com\/?cat=45"},"img":{"alt_text":"","src":"https:\/\/i0.wp.com\/www.24baires.com\/wp-content\/uploads\/2017\/02\/macri-conferencia.jpg?resize=350%2C200","width":350,"height":200,"srcset":"https:\/\/i0.wp.com\/www.24baires.com\/wp-content\/uploads\/2017\/02\/macri-conferencia.jpg?resize=350%2C200 1x, https:\/\/i0.wp.com\/www.24baires.com\/wp-content\/uploads\/2017\/02\/macri-conferencia.jpg?resize=525%2C300 1.5x"},"classes":[]},{"id":111871,"url":"https:\/\/www.24baires.com\/?p=111871","url_meta":{"origin":112154,"position":3},"title":"En agosto las reservas del Banco Central cayeron casi 14 mil millones de d\u00f3lares","author":"AF","date":"30\/08\/2019","format":false,"excerpt":"Solo este viernes el Central perdi\u00f3 reservas por 1.904 millones de d\u00f3lares. Un demoledor informe del BNP Paribas anticipa que al gobierno de Macri no le quedar\u00e1 otra opci\u00f3n m\u00e1s que imponer un cepo. El gobierno de Mauricio Macri no logra encontrar la manera de frenar la sangr\u00eda de reservas\u2026","rel":"","context":"En \u00abEconom\u00eda\u00bb","block_context":{"text":"Econom\u00eda","link":"https:\/\/www.24baires.com\/?cat=45"},"img":{"alt_text":"","src":"https:\/\/i0.wp.com\/www.24baires.com\/wp-content\/uploads\/2013\/12\/banco-central.jpg?resize=350%2C200","width":350,"height":200,"srcset":"https:\/\/i0.wp.com\/www.24baires.com\/wp-content\/uploads\/2013\/12\/banco-central.jpg?resize=350%2C200 1x, https:\/\/i0.wp.com\/www.24baires.com\/wp-content\/uploads\/2013\/12\/banco-central.jpg?resize=525%2C300 1.5x"},"classes":[]},{"id":112849,"url":"https:\/\/www.24baires.com\/?p=112849","url_meta":{"origin":112154,"position":4},"title":"Alberto adelant\u00f3 que seguir\u00e1 el cepo y revisar\u00e1 las tarifas energ\u00e9ticas","author":"AF","date":"04\/11\/2019","format":false,"excerpt":"El presidente electo brind\u00f3 una conferencia en M\u00e9xico hasta donde lleg\u00f3 para mantener su primera relaci\u00f3n bilateral. \"Se fugaron miles de millones de d\u00f3lares y eso no se revierte porque el presidente cambie\", se\u00f1al\u00f3 e insisti\u00f3: \"El 10 de diciembre no es una fecha m\u00e1gica\". El presidente electo Alberto Fern\u00e1ndez\u2026","rel":"","context":"En \u00abPol\u00edtica\u00bb","block_context":{"text":"Pol\u00edtica","link":"https:\/\/www.24baires.com\/?cat=51"},"img":{"alt_text":"","src":"https:\/\/i0.wp.com\/www.24baires.com\/wp-content\/uploads\/2019\/10\/alberto.jpg?resize=350%2C200","width":350,"height":200,"srcset":"https:\/\/i0.wp.com\/www.24baires.com\/wp-content\/uploads\/2019\/10\/alberto.jpg?resize=350%2C200 1x, https:\/\/i0.wp.com\/www.24baires.com\/wp-content\/uploads\/2019\/10\/alberto.jpg?resize=525%2C300 1.5x"},"classes":[]},{"id":102604,"url":"https:\/\/www.24baires.com\/?p=102604","url_meta":{"origin":112154,"position":5},"title":"El massismo advirti\u00f3 que \u201cse viene un flor de ajuste\u201d tras el acuerdo con el FMI","author":"GB","date":"08\/06\/2018","format":false,"excerpt":"Aldo Pignanelli se\u00f1al\u00f3 que \u201cel gobierno tiene que recurrir al Fondo dada su aberrante gesti\u00f3n econ\u00f3mica y eso es como quemar las naves\u201d. Luego de que el ministro de Hacienda y el presidente del Banco Central anunciar\u00e1n el resultado de la reuni\u00f3n del Directorio del FMI, que representa a los\u2026","rel":"","context":"En \u00abPol\u00edtica\u00bb","block_context":{"text":"Pol\u00edtica","link":"https:\/\/www.24baires.com\/?cat=51"},"img":{"alt_text":"","src":"https:\/\/i0.wp.com\/www.24baires.com\/wp-content\/uploads\/2018\/06\/pignanelli.jpg?resize=350%2C200","width":350,"height":200,"srcset":"https:\/\/i0.wp.com\/www.24baires.com\/wp-content\/uploads\/2018\/06\/pignanelli.jpg?resize=350%2C200 1x, https:\/\/i0.wp.com\/www.24baires.com\/wp-content\/uploads\/2018\/06\/pignanelli.jpg?resize=525%2C300 1.5x"},"classes":[]}],"jetpack_sharing_enabled":true,"jetpack_likes_enabled":true,"_links":{"self":[{"href":"https:\/\/www.24baires.com\/index.php?rest_route=\/wp\/v2\/posts\/112154","targetHints":{"allow":["GET"]}}],"collection":[{"href":"https:\/\/www.24baires.com\/index.php?rest_route=\/wp\/v2\/posts"}],"about":[{"href":"https:\/\/www.24baires.com\/index.php?rest_route=\/wp\/v2\/types\/post"}],"author":[{"embeddable":true,"href":"https:\/\/www.24baires.com\/index.php?rest_route=\/wp\/v2\/users\/4"}],"replies":[{"embeddable":true,"href":"https:\/\/www.24baires.com\/index.php?rest_route=%2Fwp%2Fv2%2Fcomments&post=112154"}],"version-history":[{"count":1,"href":"https:\/\/www.24baires.com\/index.php?rest_route=\/wp\/v2\/posts\/112154\/revisions"}],"predecessor-version":[{"id":112155,"href":"https:\/\/www.24baires.com\/index.php?rest_route=\/wp\/v2\/posts\/112154\/revisions\/112155"}],"wp:attachment":[{"href":"https:\/\/www.24baires.com\/index.php?rest_route=%2Fwp%2Fv2%2Fmedia&parent=112154"}],"wp:term":[{"taxonomy":"category","embeddable":true,"href":"https:\/\/www.24baires.com\/index.php?rest_route=%2Fwp%2Fv2%2Fcategories&post=112154"},{"taxonomy":"post_tag","embeddable":true,"href":"https:\/\/www.24baires.com\/index.php?rest_route=%2Fwp%2Fv2%2Ftags&post=112154"}],"curies":[{"name":"wp","href":"https:\/\/api.w.org\/{rel}","templated":true}]}}