{"id":112121,"date":"2019-09-17T18:00:42","date_gmt":"2019-09-17T21:00:42","guid":{"rendered":"http:\/\/www.24baires.com\/?p=112121"},"modified":"2019-09-17T17:05:43","modified_gmt":"2019-09-17T20:05:43","slug":"los-precios-mayoristas-subieron-112-en-un-solo-mes","status":"publish","type":"post","link":"https:\/\/www.24baires.com\/?p=112121","title":{"rendered":"Los precios mayoristas subieron 11,2% en un solo mes"},"content":{"rendered":"<p><img data-recalc-dims=\"1\" loading=\"lazy\" decoding=\"async\" src=\"https:\/\/i0.wp.com\/www.24baires.com\/wp-content\/uploads\/2019\/09\/mayorista.jpg?resize=560%2C314\" alt=\"\" width=\"560\" height=\"314\" class=\"aligncenter size-full wp-image-112122\" srcset=\"https:\/\/i0.wp.com\/www.24baires.com\/wp-content\/uploads\/2019\/09\/mayorista.jpg?w=560&amp;ssl=1 560w, https:\/\/i0.wp.com\/www.24baires.com\/wp-content\/uploads\/2019\/09\/mayorista.jpg?resize=300%2C168&amp;ssl=1 300w\" sizes=\"auto, (max-width: 560px) 100vw, 560px\" \/>En agosto los precios mayoristas aceleraron su suba y acumulan, en la comparaci\u00f3n interanual, un incremento del 62,9%.<!--more--><\/p>\n<p>Los precios mayoristas se aceleraron con fuerza en agosto luego de la fuerte devaluaci\u00f3n del peso experimentada tras las PASO y saltaron un 11,2% con respecto a julio. En la comparaci\u00f3n interanual, agosto contra agosto, el \u00cdndice de Precios Internos al por Mayor (IPIM) lleg\u00f3 al 62,9%.<\/p>\n<p>La fuerte aceleraci\u00f3n de los precios mayoristas queda en evidencia al compararlo con el dato de julio pasado cuando hab\u00eda subido apenas un 1%.<\/p>\n","protected":false},"excerpt":{"rendered":"<p>En agosto los precios mayoristas aceleraron su suba y acumulan, en la comparaci\u00f3n interanual, un incremento del 62,9%.<\/p>\n","protected":false},"author":4,"featured_media":0,"comment_status":"open","ping_status":"open","sticky":false,"template":"","format":"standard","meta":{"_jetpack_newsletter_access":"","_jetpack_dont_email_post_to_subs":false,"_jetpack_newsletter_tier_id":0,"_jetpack_memberships_contains_paywalled_content":false,"_jetpack_memberships_contains_paid_content":false,"footnotes":""},"categories":[45],"tags":[],"class_list":["post-112121","post","type-post","status-publish","format-standard","hentry","category-economia"],"jetpack_featured_media_url":"","jetpack_shortlink":"https:\/\/wp.me\/p2JWE0-tap","jetpack-related-posts":[{"id":112627,"url":"https:\/\/www.24baires.com\/?p=112627","url_meta":{"origin":112121,"position":0},"title":"Las ventas en supermercados cayeron 7,3% y en shoppings 6,7% en agosto","author":"GB","date":"24\/10\/2019","format":false,"excerpt":"Las ventas en supermercados cayeron 7,3% en agosto \u00faltimo y en los centros de compras o shoppings bajaron 6,7% en forma interanual, y acumulan 14 meses de continua ca\u00edda, inform\u00f3 este el INDEC. Por otra parte, las ventas en autoservicios mayoristas tambi\u00e9n bajaron en agosto un 10% y arrastran 14\u2026","rel":"","context":"En \u00abEconom\u00eda\u00bb","block_context":{"text":"Econom\u00eda","link":"https:\/\/www.24baires.com\/?cat=45"},"img":{"alt_text":"","src":"https:\/\/i0.wp.com\/www.24baires.com\/wp-content\/uploads\/2018\/08\/supermercado.jpg?resize=350%2C200","width":350,"height":200,"srcset":"https:\/\/i0.wp.com\/www.24baires.com\/wp-content\/uploads\/2018\/08\/supermercado.jpg?resize=350%2C200 1x, https:\/\/i0.wp.com\/www.24baires.com\/wp-content\/uploads\/2018\/08\/supermercado.jpg?resize=525%2C300 1.5x"},"classes":[]},{"id":120466,"url":"https:\/\/www.24baires.com\/?p=120466","url_meta":{"origin":112121,"position":1},"title":"La inflaci\u00f3n de agosto fue del 12,4%","author":"AF","date":"13\/09\/2023","format":false,"excerpt":"El IPC del INDEC fue el m\u00e1s alto en 30 a\u00f1os, con Alimentos y Bebidas con suba de 15,6. La carne tuvo un alza de m\u00e1s de 25 puntos. Prepagas y regulados tambi\u00e9n empujaron. La inflaci\u00f3n del mes de agosto quebr\u00f3 la barrera psicol\u00f3gica y salt\u00f3 a dos digitos en\u2026","rel":"","context":"En \u00abEconom\u00eda\u00bb","block_context":{"text":"Econom\u00eda","link":"https:\/\/www.24baires.com\/?cat=45"},"img":{"alt_text":"","src":"https:\/\/i0.wp.com\/www.24baires.com\/wp-content\/uploads\/2023\/06\/supermercado.jpg?resize=350%2C200","width":350,"height":200,"srcset":"https:\/\/i0.wp.com\/www.24baires.com\/wp-content\/uploads\/2023\/06\/supermercado.jpg?resize=350%2C200 1x, https:\/\/i0.wp.com\/www.24baires.com\/wp-content\/uploads\/2023\/06\/supermercado.jpg?resize=525%2C300 1.5x, https:\/\/i0.wp.com\/www.24baires.com\/wp-content\/uploads\/2023\/06\/supermercado.jpg?resize=700%2C400 2x"},"classes":[]},{"id":97133,"url":"https:\/\/www.24baires.com\/?p=97133","url_meta":{"origin":112121,"position":2},"title":"Durante agosto creci\u00f3 un 44,6% la recaudaci\u00f3n bonaerense","author":"AF","date":"01\/09\/2017","format":false,"excerpt":"A lo largo de agosto la recaudaci\u00f3n de la provincia de Buenos Aires alcanz\u00f3 $18.172 millones, monto que representa una suba del 44,6% en comparaci\u00f3n con igual mes de 2016, se inform\u00f3 oficialmente. Gast\u00f3n Fossati, director de ARBA, explic\u00f3 que \u201cese incremento refleja el impulso de la econom\u00eda, con datos\u2026","rel":"","context":"En \u00abProvincia\u00bb","block_context":{"text":"Provincia","link":"https:\/\/www.24baires.com\/?cat=40"},"img":{"alt_text":"","src":"https:\/\/i0.wp.com\/www.24baires.com\/wp-content\/uploads\/2014\/08\/Brandsen-arba.jpg?resize=350%2C200","width":350,"height":200,"srcset":"https:\/\/i0.wp.com\/www.24baires.com\/wp-content\/uploads\/2014\/08\/Brandsen-arba.jpg?resize=350%2C200 1x, https:\/\/i0.wp.com\/www.24baires.com\/wp-content\/uploads\/2014\/08\/Brandsen-arba.jpg?resize=525%2C300 1.5x"},"classes":[]},{"id":105207,"url":"https:\/\/www.24baires.com\/?p=105207","url_meta":{"origin":112121,"position":3},"title":"Aseguran que los aumentos salariales no alcanzan a vencer la inflaci\u00f3n","author":"AF","date":"31\/10\/2018","format":false,"excerpt":"La situaci\u00f3n m\u00e1s delicada la enfrentan los informales que tuvieron una mejora de apenas 18 puntos, poco m\u00e1s de la mitad de la inflaci\u00f3n. Se espera que cuando se conozcan los datos de septiembre y octubre el poder adquisitivo empeore todav\u00eda m\u00e1s. Los salarios aumentaron 2,8 por ciento en agosto\u2026","rel":"","context":"En \u00abSociedad\u00bb","block_context":{"text":"Sociedad","link":"https:\/\/www.24baires.com\/?cat=1"},"img":{"alt_text":"","src":"https:\/\/i0.wp.com\/www.24baires.com\/wp-content\/uploads\/2016\/12\/supermercado.jpg?resize=350%2C200","width":350,"height":200,"srcset":"https:\/\/i0.wp.com\/www.24baires.com\/wp-content\/uploads\/2016\/12\/supermercado.jpg?resize=350%2C200 1x, https:\/\/i0.wp.com\/www.24baires.com\/wp-content\/uploads\/2016\/12\/supermercado.jpg?resize=525%2C300 1.5x"},"classes":[]},{"id":118257,"url":"https:\/\/www.24baires.com\/?p=118257","url_meta":{"origin":112121,"position":4},"title":"Las ventas en supermercados crecieron 6,4% en septiembre","author":"AF","date":"25\/11\/2021","format":false,"excerpt":"La mejora en el consumo es en comparaci\u00f3n al mismo mes de 2020. En los comercios y cadenas mayoristas, el incremento fue del 8% interanual, inform\u00f3 el Instituto Nacional de Estad\u00edstica y Censos (Indec). Las ventas en los supermercados crecieron en septiembre 6,4% en relaci\u00f3n a igual mes del a\u00f1o\u2026","rel":"","context":"En \u00abEconom\u00eda\u00bb","block_context":{"text":"Econom\u00eda","link":"https:\/\/www.24baires.com\/?cat=45"},"img":{"alt_text":"","src":"https:\/\/i0.wp.com\/www.24baires.com\/wp-content\/uploads\/2021\/11\/616fe214c0853_900.jpg?resize=350%2C200","width":350,"height":200,"srcset":"https:\/\/i0.wp.com\/www.24baires.com\/wp-content\/uploads\/2021\/11\/616fe214c0853_900.jpg?resize=350%2C200 1x, https:\/\/i0.wp.com\/www.24baires.com\/wp-content\/uploads\/2021\/11\/616fe214c0853_900.jpg?resize=525%2C300 1.5x"},"classes":[]},{"id":112062,"url":"https:\/\/www.24baires.com\/?p=112062","url_meta":{"origin":112121,"position":5},"title":"La inflaci\u00f3n de agosto fue del 4% y acumula 30% en ocho meses","author":"AF","date":"12\/09\/2019","format":false,"excerpt":"En agosto se comenz\u00f3 a sentir en los precios el efecto de la megadevaluaci\u00f3n del peso y se espera que en septiembre la inflaci\u00f3n sea a\u00fan mayor. \"Alimentos y bebidas\" acumulan subas del 58,8% en los \u00faltimos 12 meses. Tal como se esperaba la inflaci\u00f3n de agosto volvi\u00f3 a dispararse\u2026","rel":"","context":"En \u00abEconom\u00eda\u00bb","block_context":{"text":"Econom\u00eda","link":"https:\/\/www.24baires.com\/?cat=45"},"img":{"alt_text":"","src":"https:\/\/i0.wp.com\/www.24baires.com\/wp-content\/uploads\/2016\/05\/supermercado-vac%C3%ADo.jpg?resize=350%2C200","width":350,"height":200,"srcset":"https:\/\/i0.wp.com\/www.24baires.com\/wp-content\/uploads\/2016\/05\/supermercado-vac%C3%ADo.jpg?resize=350%2C200 1x, https:\/\/i0.wp.com\/www.24baires.com\/wp-content\/uploads\/2016\/05\/supermercado-vac%C3%ADo.jpg?resize=525%2C300 1.5x"},"classes":[]}],"jetpack_sharing_enabled":true,"jetpack_likes_enabled":true,"_links":{"self":[{"href":"https:\/\/www.24baires.com\/index.php?rest_route=\/wp\/v2\/posts\/112121","targetHints":{"allow":["GET"]}}],"collection":[{"href":"https:\/\/www.24baires.com\/index.php?rest_route=\/wp\/v2\/posts"}],"about":[{"href":"https:\/\/www.24baires.com\/index.php?rest_route=\/wp\/v2\/types\/post"}],"author":[{"embeddable":true,"href":"https:\/\/www.24baires.com\/index.php?rest_route=\/wp\/v2\/users\/4"}],"replies":[{"embeddable":true,"href":"https:\/\/www.24baires.com\/index.php?rest_route=%2Fwp%2Fv2%2Fcomments&post=112121"}],"version-history":[{"count":1,"href":"https:\/\/www.24baires.com\/index.php?rest_route=\/wp\/v2\/posts\/112121\/revisions"}],"predecessor-version":[{"id":112123,"href":"https:\/\/www.24baires.com\/index.php?rest_route=\/wp\/v2\/posts\/112121\/revisions\/112123"}],"wp:attachment":[{"href":"https:\/\/www.24baires.com\/index.php?rest_route=%2Fwp%2Fv2%2Fmedia&parent=112121"}],"wp:term":[{"taxonomy":"category","embeddable":true,"href":"https:\/\/www.24baires.com\/index.php?rest_route=%2Fwp%2Fv2%2Fcategories&post=112121"},{"taxonomy":"post_tag","embeddable":true,"href":"https:\/\/www.24baires.com\/index.php?rest_route=%2Fwp%2Fv2%2Ftags&post=112121"}],"curies":[{"name":"wp","href":"https:\/\/api.w.org\/{rel}","templated":true}]}}