{"id":112114,"date":"2019-09-17T12:00:17","date_gmt":"2019-09-17T15:00:17","guid":{"rendered":"http:\/\/www.24baires.com\/?p=112114"},"modified":"2019-09-17T11:04:43","modified_gmt":"2019-09-17T14:04:43","slug":"advierten-que-los-combustibles-tienen-un-atraso-del-38-en-su-precio-y-peligra-el-abastecimiento","status":"publish","type":"post","link":"https:\/\/www.24baires.com\/?p=112114","title":{"rendered":"Advierten que los combustibles tienen un atraso del 38% en su precio y peligra el abastecimiento"},"content":{"rendered":"<p><img data-recalc-dims=\"1\" loading=\"lazy\" decoding=\"async\" src=\"https:\/\/i0.wp.com\/www.24baires.com\/wp-content\/uploads\/2013\/02\/surtidor-nafta.jpg?resize=560%2C420\" alt=\"\" width=\"560\" height=\"420\" class=\"aligncenter size-full wp-image-16384\" srcset=\"https:\/\/i0.wp.com\/www.24baires.com\/wp-content\/uploads\/2013\/02\/surtidor-nafta.jpg?w=560&amp;ssl=1 560w, https:\/\/i0.wp.com\/www.24baires.com\/wp-content\/uploads\/2013\/02\/surtidor-nafta.jpg?resize=300%2C225&amp;ssl=1 300w\" sizes=\"auto, (max-width: 560px) 100vw, 560px\" \/>La decisi\u00f3n de Mauricio Macri de congelar el precio de los combustibles por 90 d\u00edas est\u00e1 ocasionando grandes problemas seg\u00fan relataron desde la Federaci\u00f3n de Expendedores de Combustible. El atraso en los precios llega casi al 40% y advierten que \u00abhay estaciones de servicio sin bandera que no tienen combustible desde hace cuatro d\u00edas\u00bb.<!--more--><\/p>\n<p>Desde la Federaci\u00f3n de Expendedores de Combustibles del Centro de la Rep\u00fablica Argentina (Fecac) advirtieron sobre el atraso en el precio de los combustibles a partir de la decisi\u00f3n del Gobierno de congelar los precios por 90 d\u00edas hasta que pasen las elecciones de octubre. Adem\u00e1s se\u00f1alaron que en algunos casos ya hay desabastecimiento.<\/p>\n<p>\u00abHay estaciones de servicio sin bandera que no tienen combustible desde hace cuatro d\u00edas. Son miles de estaciones de bandera blanca que est\u00e1n desabastecidas y son las que est\u00e1n en los pueblos, en localidades peque\u00f1as, que le dan combustibles a la ciudadan\u00eda, a las ambulancias, a la polic\u00eda a los bomberos\u00bb, dijo el presidente de la Fecac, Gabriel Bornoroni, en una entrevista con Radio La Red.<\/p>\n<p>Cuando el Gobierno de Macri anunci\u00f3 el congelamiento estimaban que el atraso en el valor del combustible ser\u00eda entre un 20 y 25% pero seg\u00fan relat\u00f3 el dirigente empresario cordob\u00e9s \u00abhoy tenemos una desactualizaci\u00f3n del 38%, seg\u00fan el c\u00e1lculo que hacemos teniendo en cuenta el precio del d\u00f3lar, de los biocombustibles (con los que cortan las naftas y el gasoil) y el valor del crudo\u00bb. \u00abHoy deber\u00eda aumentar el precio de cartel en un 38%\u00bb, agreg\u00f3.<\/p>\n<p>En cuanto al desabastecimiento Bornoroni advirti\u00f3 que realizaron la denuncia respectiva ante la secretar\u00eda de Energ\u00eda que conduce Gustavo Lopetegui para que \u00abse empiece con las multas por el desabastecimiento para que de una vez por toda aparezca el combustible que tienen y no lo est\u00e1n entregando\u00bb.<\/p>\n","protected":false},"excerpt":{"rendered":"<p>La decisi\u00f3n de Mauricio Macri de congelar el precio de los combustibles por 90 d\u00edas est\u00e1 ocasionando grandes problemas seg\u00fan relataron desde la Federaci\u00f3n de Expendedores de Combustible. El atraso en los precios llega casi al 40% y advierten que \u00abhay estaciones de servicio sin bandera que no tienen combustible desde hace cuatro d\u00edas\u00bb.<\/p>\n","protected":false},"author":8,"featured_media":0,"comment_status":"open","ping_status":"open","sticky":false,"template":"","format":"standard","meta":{"_jetpack_newsletter_access":"","_jetpack_dont_email_post_to_subs":false,"_jetpack_newsletter_tier_id":0,"_jetpack_memberships_contains_paywalled_content":false,"_jetpack_memberships_contains_paid_content":false,"footnotes":""},"categories":[45],"tags":[],"class_list":["post-112114","post","type-post","status-publish","format-standard","hentry","category-economia"],"jetpack_featured_media_url":"","jetpack_shortlink":"https:\/\/wp.me\/p2JWE0-tai","jetpack-related-posts":[{"id":112139,"url":"https:\/\/www.24baires.com\/?p=112139","url_meta":{"origin":112114,"position":0},"title":"El gobierno dej\u00f3 sin efecto el congelamiento del precio y vuelve a aumentar la nafta","author":"GB","date":"19\/09\/2019","format":false,"excerpt":"El congelamiento dur\u00f3 un mes y tres d\u00edas y ahora el gobierno decidi\u00f3 dar marcha atr\u00e1s con la medida. Apenas un mes y tres d\u00edas despu\u00e9s del anuncio del congelamiento del precio de las naftas, el gobierno de Mauricio Macri decidi\u00f3 dar marcha atr\u00e1s con la medida. As\u00ed las cosas,\u2026","rel":"","context":"En \u00abEconom\u00eda\u00bb","block_context":{"text":"Econom\u00eda","link":"https:\/\/www.24baires.com\/?cat=45"},"img":{"alt_text":"","src":"https:\/\/i0.wp.com\/www.24baires.com\/wp-content\/uploads\/2019\/02\/shel-nafta.jpg?resize=350%2C200","width":350,"height":200,"srcset":"https:\/\/i0.wp.com\/www.24baires.com\/wp-content\/uploads\/2019\/02\/shel-nafta.jpg?resize=350%2C200 1x, https:\/\/i0.wp.com\/www.24baires.com\/wp-content\/uploads\/2019\/02\/shel-nafta.jpg?resize=525%2C300 1.5x"},"classes":[]},{"id":115919,"url":"https:\/\/www.24baires.com\/?p=115919","url_meta":{"origin":112114,"position":1},"title":"Analizan el aumento de combustibles como parte de \u00abun plan integral\u00bb con YPF","author":"GB","date":"12\/08\/2020","format":false,"excerpt":"El ministro de Econom\u00eda, Mart\u00edn Guzm\u00e1n, se refiri\u00f3 al incremento del precio de naftas y gasoil. Desde el Gobierno nacional analizan todas las posibilidades de implementaci\u00f3n de un aumento de combustibles en todo el pa\u00eds mientras los sectores privados presionan para que se concrete. De esta manera, el Ejecutivo adelant\u00f3\u2026","rel":"","context":"En \u00abEconom\u00eda\u00bb","block_context":{"text":"Econom\u00eda","link":"https:\/\/www.24baires.com\/?cat=45"},"img":{"alt_text":"","src":"https:\/\/i0.wp.com\/www.24baires.com\/wp-content\/uploads\/2013\/02\/surtidor-nafta.jpg?resize=350%2C200","width":350,"height":200,"srcset":"https:\/\/i0.wp.com\/www.24baires.com\/wp-content\/uploads\/2013\/02\/surtidor-nafta.jpg?resize=350%2C200 1x, https:\/\/i0.wp.com\/www.24baires.com\/wp-content\/uploads\/2013\/02\/surtidor-nafta.jpg?resize=525%2C300 1.5x"},"classes":[]},{"id":105286,"url":"https:\/\/www.24baires.com\/?p=105286","url_meta":{"origin":112114,"position":2},"title":"La venta de combustible cay\u00f3 un 8% y hay 800 estaciones en peligro de cierre","author":"AF","date":"05\/11\/2018","format":false,"excerpt":"En lo que va del a\u00f1o, la hiperinflaci\u00f3n del precio de los combustibles hizo que suba catorce veces, y acumula un alza del 70% promedio. Se esperan m\u00e1s incrementos fuertes. El presidente de la Federaci\u00f3n de Expendedores de Combustibles, Gabriel Bornoroni, dijo que el rubro vive \"una situaci\u00f3n complicada, con\u2026","rel":"","context":"En \u00abSociedad\u00bb","block_context":{"text":"Sociedad","link":"https:\/\/www.24baires.com\/?cat=1"},"img":{"alt_text":"","src":"https:\/\/i0.wp.com\/www.24baires.com\/wp-content\/uploads\/2013\/02\/surtidor-nafta.jpg?resize=350%2C200","width":350,"height":200,"srcset":"https:\/\/i0.wp.com\/www.24baires.com\/wp-content\/uploads\/2013\/02\/surtidor-nafta.jpg?resize=350%2C200 1x, https:\/\/i0.wp.com\/www.24baires.com\/wp-content\/uploads\/2013\/02\/surtidor-nafta.jpg?resize=525%2C300 1.5x"},"classes":[]},{"id":104706,"url":"https:\/\/www.24baires.com\/?p=104706","url_meta":{"origin":112114,"position":3},"title":"Axion ya aument\u00f3 hasta un 8,9% sus naftas","author":"GB","date":"30\/09\/2018","format":false,"excerpt":"La petrolera implement\u00f3 este s\u00e1bado un nuevo incremento y se espera que en los pr\u00f3ximos d\u00edas YPF tambi\u00e9n lo haga. Desde este s\u00e1bado la petrolera Pan American Energy (PAE) aument\u00f3 hasta 8,9% el precio de los combustibles en sus estaciones de servicio Axion. El mes de septiembre acumula una suba\u2026","rel":"","context":"En \u00abConsumidores\u00bb","block_context":{"text":"Consumidores","link":"https:\/\/www.24baires.com\/?cat=78"},"img":{"alt_text":"","src":"https:\/\/i0.wp.com\/www.24baires.com\/wp-content\/uploads\/2013\/02\/surtidor-nafta.jpg?resize=350%2C200","width":350,"height":200,"srcset":"https:\/\/i0.wp.com\/www.24baires.com\/wp-content\/uploads\/2013\/02\/surtidor-nafta.jpg?resize=350%2C200 1x, https:\/\/i0.wp.com\/www.24baires.com\/wp-content\/uploads\/2013\/02\/surtidor-nafta.jpg?resize=525%2C300 1.5x"},"classes":[]},{"id":95618,"url":"https:\/\/www.24baires.com\/?p=95618","url_meta":{"origin":112114,"position":4},"title":"Aseguran que en octubre volver\u00e1 a subir el precio del combustible","author":"GB","date":"03\/07\/2017","format":false,"excerpt":"Lo confirm\u00f3 el presidente de la Federaci\u00f3n de Expendedores de Combustibles, Ra\u00fal Castellanos. Este fin de semana, la nafta aument\u00f3 un 7,2 por ciento y el gasoil un 6 por ciento. Tan solo 24 horas despu\u00e9s de que se registraran subas en el precio del combustible, el presidente de la\u2026","rel":"","context":"En \u00abEconom\u00eda\u00bb","block_context":{"text":"Econom\u00eda","link":"https:\/\/www.24baires.com\/?cat=45"},"img":{"alt_text":"","src":"https:\/\/i0.wp.com\/www.24baires.com\/wp-content\/uploads\/2013\/02\/surtidor-nafta-300x225.jpg?resize=350%2C200","width":350,"height":200},"classes":[]},{"id":59436,"url":"https:\/\/www.24baires.com\/?p=59436","url_meta":{"origin":112114,"position":5},"title":"Ya rige la baja del 5% en el precio de todos los combustibles","author":"Grupo Sierra","date":"01\/01\/2015","format":false,"excerpt":"La RESOLUCI\u00d3N esta vigente en todo el pa\u00eds a partir de la 0 hora de este jueves, en cumplimiento de los anuncios efectuados por el gobierno nacional, a trav\u00e9s del ministro de Econom\u00eda, Axel Kicillof, y el titular de la cartera de Planificaci\u00f3n Federal, Julio De Vido. El anuncio fue\u2026","rel":"","context":"En \u00abEconom\u00eda\u00bb","block_context":{"text":"Econom\u00eda","link":"https:\/\/www.24baires.com\/?cat=45"},"img":{"alt_text":"surtidor nafta","src":"https:\/\/i0.wp.com\/www.24baires.com\/wp-content\/uploads\/2013\/02\/surtidor-nafta.jpg?resize=350%2C200","width":350,"height":200,"srcset":"https:\/\/i0.wp.com\/www.24baires.com\/wp-content\/uploads\/2013\/02\/surtidor-nafta.jpg?resize=350%2C200 1x, https:\/\/i0.wp.com\/www.24baires.com\/wp-content\/uploads\/2013\/02\/surtidor-nafta.jpg?resize=525%2C300 1.5x"},"classes":[]}],"jetpack_sharing_enabled":true,"jetpack_likes_enabled":true,"_links":{"self":[{"href":"https:\/\/www.24baires.com\/index.php?rest_route=\/wp\/v2\/posts\/112114","targetHints":{"allow":["GET"]}}],"collection":[{"href":"https:\/\/www.24baires.com\/index.php?rest_route=\/wp\/v2\/posts"}],"about":[{"href":"https:\/\/www.24baires.com\/index.php?rest_route=\/wp\/v2\/types\/post"}],"author":[{"embeddable":true,"href":"https:\/\/www.24baires.com\/index.php?rest_route=\/wp\/v2\/users\/8"}],"replies":[{"embeddable":true,"href":"https:\/\/www.24baires.com\/index.php?rest_route=%2Fwp%2Fv2%2Fcomments&post=112114"}],"version-history":[{"count":1,"href":"https:\/\/www.24baires.com\/index.php?rest_route=\/wp\/v2\/posts\/112114\/revisions"}],"predecessor-version":[{"id":112115,"href":"https:\/\/www.24baires.com\/index.php?rest_route=\/wp\/v2\/posts\/112114\/revisions\/112115"}],"wp:attachment":[{"href":"https:\/\/www.24baires.com\/index.php?rest_route=%2Fwp%2Fv2%2Fmedia&parent=112114"}],"wp:term":[{"taxonomy":"category","embeddable":true,"href":"https:\/\/www.24baires.com\/index.php?rest_route=%2Fwp%2Fv2%2Fcategories&post=112114"},{"taxonomy":"post_tag","embeddable":true,"href":"https:\/\/www.24baires.com\/index.php?rest_route=%2Fwp%2Fv2%2Ftags&post=112114"}],"curies":[{"name":"wp","href":"https:\/\/api.w.org\/{rel}","templated":true}]}}