{"id":112107,"date":"2019-09-16T22:07:41","date_gmt":"2019-09-17T01:07:41","guid":{"rendered":"http:\/\/www.24baires.com\/?p=112107"},"modified":"2019-09-16T22:07:41","modified_gmt":"2019-09-17T01:07:41","slug":"lacunza-reconocio-inconsistencias-en-el-programa-economico","status":"publish","type":"post","link":"https:\/\/www.24baires.com\/?p=112107","title":{"rendered":"Lacunza reconoci\u00f3 \u00abinconsistencias en el programa econ\u00f3mico\u00bb"},"content":{"rendered":"<p><img data-recalc-dims=\"1\" loading=\"lazy\" decoding=\"async\" src=\"https:\/\/i0.wp.com\/www.24baires.com\/wp-content\/uploads\/2019\/08\/Lacunza.jpg?resize=560%2C314\" alt=\"\" width=\"560\" height=\"314\" class=\"aligncenter size-full wp-image-111694\" srcset=\"https:\/\/i0.wp.com\/www.24baires.com\/wp-content\/uploads\/2019\/08\/Lacunza.jpg?w=560&amp;ssl=1 560w, https:\/\/i0.wp.com\/www.24baires.com\/wp-content\/uploads\/2019\/08\/Lacunza.jpg?resize=300%2C168&amp;ssl=1 300w\" sizes=\"auto, (max-width: 560px) 100vw, 560px\" \/>El proyecto oficial prev\u00e9 un crecimiento de un punto para el Producto Bruto Interno, un d\u00f3lar de 67 pesos promedio y de 75 pesos para diciembre y una inflaci\u00f3n del 34 por ciento. <!--more--><\/p>\n<p>El ministro de Hacienda, Hern\u00e1n Lacunza, present\u00f3 este lunes el proyecto de ley de Presupuesto para el a\u00f1o pr\u00f3ximo, el cual comenzar\u00e1 a tratarse despu\u00e9s de las elecciones presidenciales de octubre. En el texto de la ley de administraci\u00f3n nacional se establece un crecimiento de un punto porcentual para el Producto, un precio del d\u00f3lar de 67 pesos promedio y de 75 pesos para diciembre y una inflaci\u00f3n del 34 por ciento. Para este a\u00f1o anticipa una inflaci\u00f3n de 52,8 por ciento. \u201cLos resultados en pobreza y crecimiento fueron inferiores a los que esper\u00e1bamos\u201d, afirm\u00f3 Lacunza, quien reemplaz\u00f3 a Nicol\u00e1s Dujovne cuando present\u00f3 su renuncia a los pocos d\u00edas de la derrota contundente que sufri\u00f3 el oficialismo en las PASO. Lacunza insisti\u00f3 en que \u201chubo inconsistencias en el programa econ\u00f3mico (macrista)\u201d, pero hizo referencia a mejoras en los \u00faltimos a\u00f1os, aunque no aliviaron la pobreza ni hicieron crecer a la econom\u00eda. \u201cA fin de este a\u00f1o vamos a estar en el punto de origen (cuando asumi\u00f3 Cambiemos, pero esta vez con mejores perspectivas\u201d, afirm\u00f3.<\/p>\n<p>Lacunza fue secundado por el presidente de la C\u00e1mara de Diputados, Emilio Monz\u00f3, y el de la Comisi\u00f3n de Presupuesto, Luciano Laspina, ambos con una expresi\u00f3n seria e inmutable durante los pocos minutos que dur\u00f3 la presentaci\u00f3n. Dado que el proyecto comenzar\u00e1 a tratarse luego de las elecciones, las cuales \u2013de repetirse el resultado de las PASO\u2014implicar\u00e1 un cambio de administraci\u00f3n, la presentaci\u00f3n del Presupuesto es m\u00e1s una formalidad para cumplir con los plazos legales requeridos por el Congreso. Sus n\u00fameros muestran as\u00ed una promesa de campa\u00f1a m\u00e1s que un plan de administraci\u00f3n.<\/p>\n<p>\u201cEs el \u00faltimo trimestre de este mandato de Mauricio Macri y estamos en v\u00edsperas de una elecci\u00f3n presidencial, con lo cual es una buena oportunidad para dar una mirada m\u00e1s panor\u00e1mica de la evoluci\u00f3n de los \u00faltimos cuatro a\u00f1os y las perspectivas para los pr\u00f3ximos\u201d, comenz\u00f3 Lacunza. \u201cCoincidimos en que hubo una combinaci\u00f3n de herencia, de inconsistencias en el programa econ\u00f3mico y factores externos\u201d, reiter\u00f3 el ministro. Seg\u00fan la explicaci\u00f3n del ministro, en 2017 se hab\u00eda conseguido un c\u00edrculo virtuoso que se vio interrumpido por \u201cdetonantes de \u00edndole externo\u201d.<\/p>\n<p>Pese a que el gobierno zaf\u00f3 del default en junio de 2018 pidiendo una l\u00ednea de salvataje al Fondo Monetario y hace quince d\u00edas reestructur\u00f3 su deuda en pesos de corto plazo (letes), afirm\u00f3 que \u201cno existe un problema de solvencia sino de liquidez, motivado por la incertidumbre electoral\u201d. \u201cFalta de certeza a la trayectoria fiscal futura y por eso no hay canales de financiamiento\u201d, dijo Lacunza, aunque el problema de financiamiento ya cumpla casi dos a\u00f1os, plazo desde que el mercado externo le cort\u00f3 el cr\u00e9dito al pa\u00eds.<\/p>\n<p>Respecto del d\u00f3lar, sostuvo que fue necesario aplicar \u201cun r\u00e9gimen de control de capitales y cambiario, que alcanza al 2 por ciento de las operaciones\u201d. \u201cNo hay necesidad de un tipo de cambio m\u00e1s alto que el actual. Superada la tensi\u00f3n electoral y las dudas sobre el financiamiento de la deuda, estaremos a resguardo de shocks cambiarios que tanto trauma han generado en la historia reciente\u201d, pronostic\u00f3 Lacunza. <\/p>\n<p>De acuerdo con el texto del proyecto, en 2020 el super\u00e1vit fiscal estimado del 1 por ciento del PIB contribuir\u00e1 a reducir las necesidades de financiamiento. \u201cDel lado de las fuentes, se proyecta el desembolso de 3900 millones de d\u00f3lares del programa con el FMI y la refinanciaci\u00f3n de los 3000 millones de d\u00f3lares en vencimientos de otros Organismos Internacionales. Durante 2020 no hay vencimientos de capital con el FMI. La deuda soberana Argentina no presenta un problema de solvencia, especialmente si se mantiene el actual sendero de consolidaci\u00f3n fiscal\u201d, se\u00f1ala el documento. El pago de los intereses de deuda ser\u00e1 un 42,5 por ciento por encima de este a\u00f1o (1,03 billones de pesos), sin contar deuda intra-sector p\u00fablico.<\/p>\n<p>En materia de precios, el proyecto de Presupuesto estima \u201cuna desaceleraci\u00f3n de la inflaci\u00f3n hasta 34,2 por ciento interanual en diciembre de 2020, luego de una inflaci\u00f3n proyectada para diciembre de 2019 de 52,8 por ciento\u201d. \u201cEsta proyecci\u00f3n asume un tipo de cambio real multilateral con una leve apreciaci\u00f3n punta contra punta, de alrededor del 2 por ciento interanual. Sin embargo, al momento de calcular el crecimiento del Producto Interno, el proyecto asume una alza de precios impl\u00edcita del 43,5 por ciento. El casi \u00fanico driver del crecimiento que espera el macrismo vendr\u00eda de la exportaci\u00f3n de commodities. \u201cEn 2020 se proyecta un super\u00e1vit de cuenta corriente de 1896 millones de d\u00f3lares, que se compara con un d\u00e9ficit de 3946 millones proyectado para 2019\u201d, advierte el proyecto.<\/p>\n","protected":false},"excerpt":{"rendered":"<p>El proyecto oficial prev\u00e9 un crecimiento de un punto para el Producto Bruto Interno, un d\u00f3lar de 67 pesos promedio y de 75 pesos para diciembre y una inflaci\u00f3n del 34 por ciento.<\/p>\n","protected":false},"author":4,"featured_media":0,"comment_status":"open","ping_status":"open","sticky":false,"template":"","format":"standard","meta":{"_jetpack_newsletter_access":"","_jetpack_dont_email_post_to_subs":false,"_jetpack_newsletter_tier_id":0,"_jetpack_memberships_contains_paywalled_content":false,"_jetpack_memberships_contains_paid_content":false,"footnotes":""},"categories":[45],"tags":[],"class_list":["post-112107","post","type-post","status-publish","format-standard","hentry","category-economia"],"jetpack_featured_media_url":"","jetpack_shortlink":"https:\/\/wp.me\/p2JWE0-tab","jetpack-related-posts":[{"id":112089,"url":"https:\/\/www.24baires.com\/?p=112089","url_meta":{"origin":112107,"position":0},"title":"Lacunza va al Congreso a presentar el proyecto del Presupuesto 2020","author":"GB","date":"16\/09\/2019","format":false,"excerpt":"La iniciativa, que ser\u00e1 presentada por el Ministro de Hacienda en Diputados, adem\u00e1s prev\u00e9 un crecimiento del 1% del PBI. El ministro de Hacienda de la Naci\u00f3n, Hern\u00e1n Lacunza, se presentar\u00e1 a las 15 en la Comisi\u00f3n de Presupuesto de la C\u00e1mara Dipuados y expondr\u00e1 los lineamientos econ\u00f3micos principales del\u2026","rel":"","context":"En \u00abEconom\u00eda\u00bb","block_context":{"text":"Econom\u00eda","link":"https:\/\/www.24baires.com\/?cat=45"},"img":{"alt_text":"","src":"https:\/\/i0.wp.com\/www.24baires.com\/wp-content\/uploads\/2019\/08\/Lacunza.jpg?resize=350%2C200","width":350,"height":200,"srcset":"https:\/\/i0.wp.com\/www.24baires.com\/wp-content\/uploads\/2019\/08\/Lacunza.jpg?resize=350%2C200 1x, https:\/\/i0.wp.com\/www.24baires.com\/wp-content\/uploads\/2019\/08\/Lacunza.jpg?resize=525%2C300 1.5x"},"classes":[]},{"id":112045,"url":"https:\/\/www.24baires.com\/?p=112045","url_meta":{"origin":112107,"position":1},"title":"Lacunza presentar\u00e1 el presupuesto para 2020 con una inflaci\u00f3n estimada de 34%","author":"AF","date":"11\/09\/2019","format":false,"excerpt":"El ministro de Hacienda presentar\u00e1 su plan en el Congreso para obtener la aprobaci\u00f3n de ambas c\u00e1maras. Se prev\u00e9 una ca\u00edda del 2,6% del PBI para este a\u00f1o. El ministro de Hacienda, Hern\u00e1n Lacunza, presentar\u00e1 el pr\u00f3ximo lunes el proyecto de Ley de Presupuesto para 2020 en el se contemplar\u00e1\u2026","rel":"","context":"En \u00abEconom\u00eda\u00bb","block_context":{"text":"Econom\u00eda","link":"https:\/\/www.24baires.com\/?cat=45"},"img":{"alt_text":"","src":"https:\/\/i0.wp.com\/www.24baires.com\/wp-content\/uploads\/2019\/08\/Lacunza.jpg?resize=350%2C200","width":350,"height":200,"srcset":"https:\/\/i0.wp.com\/www.24baires.com\/wp-content\/uploads\/2019\/08\/Lacunza.jpg?resize=350%2C200 1x, https:\/\/i0.wp.com\/www.24baires.com\/wp-content\/uploads\/2019\/08\/Lacunza.jpg?resize=525%2C300 1.5x"},"classes":[]},{"id":87612,"url":"https:\/\/www.24baires.com\/?p=87612","url_meta":{"origin":112107,"position":2},"title":"En dos semanas presentar\u00e1n el Presupuesto 2017 provincial","author":"AF","date":"16\/09\/2016","format":false,"excerpt":"El ministro de Econom\u00eda bonaerense, Hern\u00e1n Lacunza, confirm\u00f3 este jueves que el presupuesto provincial para el a\u00f1o pr\u00f3ximo ser\u00e1 presentado a principios de octubre y tambi\u00e9n que propondr\u00e1 un aumento del 50 por ciento en los fondos para obra p\u00fablica respecto de lo destinado a ese fin este a\u00f1o. Luego\u2026","rel":"","context":"En \u00abEconom\u00eda\u00bb","block_context":{"text":"Econom\u00eda","link":"https:\/\/www.24baires.com\/?cat=45"},"img":{"alt_text":"lacunza","src":"https:\/\/i0.wp.com\/www.24baires.com\/wp-content\/uploads\/2015\/11\/lacunza.jpg?resize=350%2C200","width":350,"height":200,"srcset":"https:\/\/i0.wp.com\/www.24baires.com\/wp-content\/uploads\/2015\/11\/lacunza.jpg?resize=350%2C200 1x, https:\/\/i0.wp.com\/www.24baires.com\/wp-content\/uploads\/2015\/11\/lacunza.jpg?resize=525%2C300 1.5x"},"classes":[]},{"id":119988,"url":"https:\/\/www.24baires.com\/?p=119988","url_meta":{"origin":112107,"position":3},"title":"Prev\u00e9n inflaci\u00f3n del 7% en marzo y 110% en el a\u00f1o","author":"AF","date":"07\/04\/2023","format":false,"excerpt":"La encuesta del Banco Central entre analistas de mercado recogi\u00f3 pron\u00f3sticos mucho m\u00e1s pesimistas que los de un mes atr\u00e1s. Suba de 10 puntos en la inflaci\u00f3n esperada 7 fuerte ca\u00edda en el nivel del PIB. En el tercer relevamiento del a\u00f1o que realiza el Banco Central entre analistas y\u2026","rel":"","context":"En \u00abEconom\u00eda\u00bb","block_context":{"text":"Econom\u00eda","link":"https:\/\/www.24baires.com\/?cat=45"},"img":{"alt_text":"","src":"https:\/\/i0.wp.com\/www.24baires.com\/wp-content\/uploads\/2023\/03\/inflacion-aceite-precios-super-gondolas-consumo.jpg?resize=350%2C200","width":350,"height":200,"srcset":"https:\/\/i0.wp.com\/www.24baires.com\/wp-content\/uploads\/2023\/03\/inflacion-aceite-precios-super-gondolas-consumo.jpg?resize=350%2C200 1x, https:\/\/i0.wp.com\/www.24baires.com\/wp-content\/uploads\/2023\/03\/inflacion-aceite-precios-super-gondolas-consumo.jpg?resize=525%2C300 1.5x, https:\/\/i0.wp.com\/www.24baires.com\/wp-content\/uploads\/2023\/03\/inflacion-aceite-precios-super-gondolas-consumo.jpg?resize=700%2C400 2x"},"classes":[]},{"id":73304,"url":"https:\/\/www.24baires.com\/?p=73304","url_meta":{"origin":112107,"position":4},"title":"Diputados ya aprob\u00f3 el proyecto de presupuesto 2016","author":"AF","date":"08\/10\/2015","format":false,"excerpt":"La C\u00e1mara de Diputados aprob\u00f3 anoche y gir\u00f3 al Senado el proyecto de Presupuesto para 2016, con el apoyo de la bancada oficialista y pese al reclamo de la oposici\u00f3n para que el debate se postergara hasta la elecci\u00f3n del nuevo presidente. La iniciativa fue aprobada por 137 votos afirmativos\u2026","rel":"","context":"En \u00abEconom\u00eda\u00bb","block_context":{"text":"Econom\u00eda","link":"https:\/\/www.24baires.com\/?cat=45"},"img":{"alt_text":"","src":"","width":0,"height":0},"classes":[]},{"id":107447,"url":"https:\/\/www.24baires.com\/?p=107447","url_meta":{"origin":112107,"position":5},"title":"Hipotecados UVA protestaron contra la incesante suba de los cr\u00e9ditos","author":"GB","date":"31\/03\/2019","format":false,"excerpt":"Afectados por la devaluaci\u00f3n y el consecuente incremento de la inflaci\u00f3n, los cr\u00e9ditos UVA se convirtieron en impagables para las familias. Desde su creaci\u00f3n en 2016 la suba del UVA acumula 143%, ya que la cuota que en mayo era de 2016 era de 6153 pesos, costar\u00e1 en abril 14556\u2026","rel":"","context":"En \u00abPol\u00edtica\u00bb","block_context":{"text":"Pol\u00edtica","link":"https:\/\/www.24baires.com\/?cat=51"},"img":{"alt_text":"","src":"https:\/\/i0.wp.com\/www.24baires.com\/wp-content\/uploads\/2019\/03\/protesta-creditos-uva.jpg?resize=350%2C200","width":350,"height":200,"srcset":"https:\/\/i0.wp.com\/www.24baires.com\/wp-content\/uploads\/2019\/03\/protesta-creditos-uva.jpg?resize=350%2C200 1x, https:\/\/i0.wp.com\/www.24baires.com\/wp-content\/uploads\/2019\/03\/protesta-creditos-uva.jpg?resize=525%2C300 1.5x"},"classes":[]}],"jetpack_sharing_enabled":true,"jetpack_likes_enabled":true,"_links":{"self":[{"href":"https:\/\/www.24baires.com\/index.php?rest_route=\/wp\/v2\/posts\/112107","targetHints":{"allow":["GET"]}}],"collection":[{"href":"https:\/\/www.24baires.com\/index.php?rest_route=\/wp\/v2\/posts"}],"about":[{"href":"https:\/\/www.24baires.com\/index.php?rest_route=\/wp\/v2\/types\/post"}],"author":[{"embeddable":true,"href":"https:\/\/www.24baires.com\/index.php?rest_route=\/wp\/v2\/users\/4"}],"replies":[{"embeddable":true,"href":"https:\/\/www.24baires.com\/index.php?rest_route=%2Fwp%2Fv2%2Fcomments&post=112107"}],"version-history":[{"count":1,"href":"https:\/\/www.24baires.com\/index.php?rest_route=\/wp\/v2\/posts\/112107\/revisions"}],"predecessor-version":[{"id":112108,"href":"https:\/\/www.24baires.com\/index.php?rest_route=\/wp\/v2\/posts\/112107\/revisions\/112108"}],"wp:attachment":[{"href":"https:\/\/www.24baires.com\/index.php?rest_route=%2Fwp%2Fv2%2Fmedia&parent=112107"}],"wp:term":[{"taxonomy":"category","embeddable":true,"href":"https:\/\/www.24baires.com\/index.php?rest_route=%2Fwp%2Fv2%2Fcategories&post=112107"},{"taxonomy":"post_tag","embeddable":true,"href":"https:\/\/www.24baires.com\/index.php?rest_route=%2Fwp%2Fv2%2Ftags&post=112107"}],"curies":[{"name":"wp","href":"https:\/\/api.w.org\/{rel}","templated":true}]}}