{"id":112105,"date":"2019-09-16T19:30:46","date_gmt":"2019-09-16T22:30:46","guid":{"rendered":"http:\/\/www.24baires.com\/?p=112105"},"modified":"2019-09-16T21:18:00","modified_gmt":"2019-09-17T00:18:00","slug":"la-industria-cayo-6-en-julio-y-suma-19-meses-de-perdida-de-empleo","status":"publish","type":"post","link":"https:\/\/www.24baires.com\/?p=112105","title":{"rendered":"La industria cay\u00f3 6% en julio y suma 19 meses de p\u00e9rdida de empleo"},"content":{"rendered":"<p><img data-recalc-dims=\"1\" loading=\"lazy\" decoding=\"async\" src=\"https:\/\/i0.wp.com\/www.24baires.com\/wp-content\/uploads\/2018\/11\/industria.jpg?resize=560%2C315\" alt=\"\" width=\"560\" height=\"315\" class=\"aligncenter size-full wp-image-105585\" srcset=\"https:\/\/i0.wp.com\/www.24baires.com\/wp-content\/uploads\/2018\/11\/industria.jpg?w=560&amp;ssl=1 560w, https:\/\/i0.wp.com\/www.24baires.com\/wp-content\/uploads\/2018\/11\/industria.jpg?resize=300%2C169&amp;ssl=1 300w\" sizes=\"auto, (max-width: 560px) 100vw, 560px\" \/>As\u00ed lo indic\u00f3 este lunes la UIA en un informe que detall\u00f3 la situaci\u00f3n sector por sector.<!--more--><\/p>\n<p>La actividad industrial cay\u00f3 6,1% a nivel interanual durante julio y sum\u00f3 7,6% a la baja en los primeros siete meses de 2019, seg\u00fan lo que notific\u00f3 este lunes la Uni\u00f3n Industrial Argentina (UIA).<\/p>\n<p>Respecto a la medici\u00f3n desestacionalizada, julio tuvo en comparaci\u00f3n con junio una peque\u00f1a recuperaci\u00f3n del 0,3%. Sin embargo, al comparar los mismos meses el empleo registrado en la industria se redujo 0,2% o 1.817 puestos de trabajo, con lo que lleva diecinueve meses seguidos de ca\u00edda.<\/p>\n<p>En t\u00e9rminos interanuales, 62.748 (5,4%) trabajadores formales se quedaron en la calle.<\/p>\n<p>Seg\u00fan el informe, cerca del 60% de los rubros del sector mostraron una ca\u00edda interanual en los niveles de actividad, donde el m\u00e1s afectado fue el automotriz (-47,8%). \u00abEl resto de los sectores se contrajo de manera m\u00e1s moderada. La industria de metales b\u00e1sicos cay\u00f3 8,5% interanual mientras que la metal\u00fargica disminuy\u00f3 un 7,7%\u00bb, indic\u00f3.<\/p>\n<p>Los sectores que amortiguaron la ca\u00edda del indicador fueron la refinaci\u00f3n de petr\u00f3leo (6,7%), la producci\u00f3n de alimentos y bebidas (6,1%) traccionada por la molienda de oleaginosas, que se expandi\u00f3 3,1%, productos del tabaco (2,9%) y el sector textil (1,7%).<\/p>\n<p>En cuanto al comercio exterior, en julio las exportaciones de manufacturas de origen industrial cayeron 17,8% tanto por menores precios (6,1%) como cantidades (12,5%).<\/p>\n","protected":false},"excerpt":{"rendered":"<p>As\u00ed lo indic\u00f3 este lunes la UIA en un informe que detall\u00f3 la situaci\u00f3n sector por sector.<\/p>\n","protected":false},"author":4,"featured_media":0,"comment_status":"open","ping_status":"open","sticky":false,"template":"","format":"standard","meta":{"_jetpack_newsletter_access":"","_jetpack_dont_email_post_to_subs":false,"_jetpack_newsletter_tier_id":0,"_jetpack_memberships_contains_paywalled_content":false,"_jetpack_memberships_contains_paid_content":false,"footnotes":""},"categories":[45],"tags":[],"class_list":["post-112105","post","type-post","status-publish","format-standard","hentry","category-economia"],"jetpack_featured_media_url":"","jetpack_shortlink":"https:\/\/wp.me\/p2JWE0-ta9","jetpack-related-posts":[{"id":33678,"url":"https:\/\/www.24baires.com\/?p=33678","url_meta":{"origin":112105,"position":0},"title":"La UIA asegura que la actividad creci\u00f3 un 1,8 % hasta agosto","author":"AF","date":"17\/10\/2013","format":false,"excerpt":"La actividad industrial creci\u00f3 1,8 por ciento en los primeros ocho meses del a\u00f1o, con un repunte en agosto de la producci\u00f3n de metales b\u00e1sicos y minerales. El crecimiento tambi\u00e9n se vio en otros sectores como las industrias metalmec\u00e1nica, textil, pl\u00e1stica, y en la industria de alimentos y bebidas. El\u2026","rel":"","context":"En \u00abEconom\u00eda\u00bb","block_context":{"text":"Econom\u00eda","link":"https:\/\/www.24baires.com\/?cat=45"},"img":{"alt_text":"","src":"","width":0,"height":0},"classes":[]},{"id":122556,"url":"https:\/\/www.24baires.com\/?p=122556","url_meta":{"origin":112105,"position":1},"title":"La producci\u00f3n industrial cay\u00f3 3%: preocupaci\u00f3n por la ca\u00edda del empleo","author":"GB","date":"24\/09\/2025","format":false,"excerpt":"El 36% de las empresas redujo producci\u00f3n, las ventas cayeron en 43% y los recortes de personal alcanzaron su nivel m\u00e1s alto. La actividad industrial volvi\u00f3 a mostrar se\u00f1ales de deterioro en agosto. De acuerdo con el \u00faltimo relevamiento del Centro de Estudios de la Uni\u00f3n Industrial Argentina (CEU-UIA), la\u2026","rel":"","context":"En \u00abEconom\u00eda\u00bb","block_context":{"text":"Econom\u00eda","link":"https:\/\/www.24baires.com\/?cat=45"},"img":{"alt_text":"","src":"https:\/\/i0.wp.com\/www.24baires.com\/wp-content\/uploads\/2025\/01\/indust-pyme.jpeg?resize=350%2C200","width":350,"height":200,"srcset":"https:\/\/i0.wp.com\/www.24baires.com\/wp-content\/uploads\/2025\/01\/indust-pyme.jpeg?resize=350%2C200 1x, https:\/\/i0.wp.com\/www.24baires.com\/wp-content\/uploads\/2025\/01\/indust-pyme.jpeg?resize=525%2C300 1.5x, https:\/\/i0.wp.com\/www.24baires.com\/wp-content\/uploads\/2025\/01\/indust-pyme.jpeg?resize=700%2C400 2x"},"classes":[]},{"id":119251,"url":"https:\/\/www.24baires.com\/?p=119251","url_meta":{"origin":112105,"position":2},"title":"La actividad econ\u00f3mica creci\u00f3 un 6,4% durante junio","author":"AF","date":"23\/08\/2022","format":false,"excerpt":"La actividad econ\u00f3mica creci\u00f3 durante junio 6,4% en t\u00e9rminos interanuales, y 1,1% en comparaci\u00f3n a mayo, inform\u00f3 este martes el Instituto Nacional de Estad\u00edstica y Censos (Indec). El informe del Instituto Nacional de Estad\u00edstica y Censos se\u00f1ala adem\u00e1s que en referencia al mes anterior la suba fue del 1,1%. El\u2026","rel":"","context":"En \u00abEconom\u00eda\u00bb","block_context":{"text":"Econom\u00eda","link":"https:\/\/www.24baires.com\/?cat=45"},"img":{"alt_text":"","src":"https:\/\/i0.wp.com\/www.24baires.com\/wp-content\/uploads\/2022\/04\/industria-soldador.jpg?resize=350%2C200","width":350,"height":200,"srcset":"https:\/\/i0.wp.com\/www.24baires.com\/wp-content\/uploads\/2022\/04\/industria-soldador.jpg?resize=350%2C200 1x, https:\/\/i0.wp.com\/www.24baires.com\/wp-content\/uploads\/2022\/04\/industria-soldador.jpg?resize=525%2C300 1.5x, https:\/\/i0.wp.com\/www.24baires.com\/wp-content\/uploads\/2022\/04\/industria-soldador.jpg?resize=700%2C400 2x"},"classes":[]},{"id":105654,"url":"https:\/\/www.24baires.com\/?p=105654","url_meta":{"origin":112105,"position":3},"title":"En septiembre se perdieron 9300 puestos fabriles","author":"AF","date":"28\/11\/2018","format":false,"excerpt":"La cifra representa el 8,5 por ciento de la dotaci\u00f3n de trabajadores manufactureros que exist\u00eda a fines de 2015. Sobre 34 meses de gesti\u00f3n Cambiemos, en 33 cay\u00f3 la ocupaci\u00f3n industrial. En septiembre tambi\u00e9n baj\u00f3 el resto del empleo privado. El legado de Jorge Triaca al frente de la cartera\u2026","rel":"","context":"En \u00abSociedad\u00bb","block_context":{"text":"Sociedad","link":"https:\/\/www.24baires.com\/?cat=1"},"img":{"alt_text":"","src":"https:\/\/i0.wp.com\/www.24baires.com\/wp-content\/uploads\/2018\/11\/industria.jpg?resize=350%2C200","width":350,"height":200,"srcset":"https:\/\/i0.wp.com\/www.24baires.com\/wp-content\/uploads\/2018\/11\/industria.jpg?resize=350%2C200 1x, https:\/\/i0.wp.com\/www.24baires.com\/wp-content\/uploads\/2018\/11\/industria.jpg?resize=525%2C300 1.5x"},"classes":[]},{"id":111861,"url":"https:\/\/www.24baires.com\/?p=111861","url_meta":{"origin":112105,"position":4},"title":"En junio hubo 172 mil trabajadores registrados menos con respecto al a\u00f1o pasado","author":"GB","date":"30\/08\/2019","format":false,"excerpt":"Un informe oficial difundi\u00f3 las preocupantes cifras que implic\u00f3 una ca\u00edda del 1,4% con respecto al mismo mes del 2018. El informe mensual del Ministerio de Producci\u00f3n y Trabajo dio a conocer que empleo registrado sum\u00f3 12.112.800 trabajadores en junio, 1,4% menos en la comparaci\u00f3n interanual, mientras que respecto a\u2026","rel":"","context":"En \u00abSociedad\u00bb","block_context":{"text":"Sociedad","link":"https:\/\/www.24baires.com\/?cat=1"},"img":{"alt_text":"","src":"https:\/\/i0.wp.com\/www.24baires.com\/wp-content\/uploads\/2018\/06\/jovenes-desempleados.jpg?resize=350%2C200","width":350,"height":200,"srcset":"https:\/\/i0.wp.com\/www.24baires.com\/wp-content\/uploads\/2018\/06\/jovenes-desempleados.jpg?resize=350%2C200 1x, https:\/\/i0.wp.com\/www.24baires.com\/wp-content\/uploads\/2018\/06\/jovenes-desempleados.jpg?resize=525%2C300 1.5x"},"classes":[]},{"id":117137,"url":"https:\/\/www.24baires.com\/?p=117137","url_meta":{"origin":112105,"position":5},"title":"Se registr\u00f3 una suba interanual en la industria y la construcci\u00f3n","author":"AF","date":"04\/02\/2021","format":false,"excerpt":"Reactivaci\u00f3n en puerta. Pese a que el acumulado de 2020 fue negativo, la buena noticia se registr\u00f3 en diciembre \u00faltimo respecto de mismo mes de 2019. La actividad de la industria registr\u00f3 en diciembre una suba interanual de 4,9%, y tuvo un retroceso en 2020 de 7,6%, mientas que el\u2026","rel":"","context":"En \u00abSociedad\u00bb","block_context":{"text":"Sociedad","link":"https:\/\/www.24baires.com\/?cat=1"},"img":{"alt_text":"","src":"https:\/\/i0.wp.com\/www.24baires.com\/wp-content\/uploads\/2018\/11\/industria.jpg?resize=350%2C200","width":350,"height":200,"srcset":"https:\/\/i0.wp.com\/www.24baires.com\/wp-content\/uploads\/2018\/11\/industria.jpg?resize=350%2C200 1x, https:\/\/i0.wp.com\/www.24baires.com\/wp-content\/uploads\/2018\/11\/industria.jpg?resize=525%2C300 1.5x"},"classes":[]}],"jetpack_sharing_enabled":true,"jetpack_likes_enabled":true,"_links":{"self":[{"href":"https:\/\/www.24baires.com\/index.php?rest_route=\/wp\/v2\/posts\/112105","targetHints":{"allow":["GET"]}}],"collection":[{"href":"https:\/\/www.24baires.com\/index.php?rest_route=\/wp\/v2\/posts"}],"about":[{"href":"https:\/\/www.24baires.com\/index.php?rest_route=\/wp\/v2\/types\/post"}],"author":[{"embeddable":true,"href":"https:\/\/www.24baires.com\/index.php?rest_route=\/wp\/v2\/users\/4"}],"replies":[{"embeddable":true,"href":"https:\/\/www.24baires.com\/index.php?rest_route=%2Fwp%2Fv2%2Fcomments&post=112105"}],"version-history":[{"count":1,"href":"https:\/\/www.24baires.com\/index.php?rest_route=\/wp\/v2\/posts\/112105\/revisions"}],"predecessor-version":[{"id":112106,"href":"https:\/\/www.24baires.com\/index.php?rest_route=\/wp\/v2\/posts\/112105\/revisions\/112106"}],"wp:attachment":[{"href":"https:\/\/www.24baires.com\/index.php?rest_route=%2Fwp%2Fv2%2Fmedia&parent=112105"}],"wp:term":[{"taxonomy":"category","embeddable":true,"href":"https:\/\/www.24baires.com\/index.php?rest_route=%2Fwp%2Fv2%2Fcategories&post=112105"},{"taxonomy":"post_tag","embeddable":true,"href":"https:\/\/www.24baires.com\/index.php?rest_route=%2Fwp%2Fv2%2Ftags&post=112105"}],"curies":[{"name":"wp","href":"https:\/\/api.w.org\/{rel}","templated":true}]}}