{"id":112078,"date":"2019-09-13T19:30:53","date_gmt":"2019-09-13T22:30:53","guid":{"rendered":"http:\/\/www.24baires.com\/?p=112078"},"modified":"2019-09-13T19:06:33","modified_gmt":"2019-09-13T22:06:33","slug":"la-venta-de-electronicos-cayo-hasta-71-en-el-primer-semestre","status":"publish","type":"post","link":"https:\/\/www.24baires.com\/?p=112078","title":{"rendered":"La venta de electr\u00f3nicos cay\u00f3 hasta 71% en el primer semestre"},"content":{"rendered":"<p><img data-recalc-dims=\"1\" loading=\"lazy\" decoding=\"async\" src=\"https:\/\/i0.wp.com\/www.24baires.com\/wp-content\/uploads\/2019\/02\/electrodomesticos.jpg?resize=560%2C337\" alt=\"\" width=\"560\" height=\"337\" class=\"aligncenter size-full wp-image-106835\" srcset=\"https:\/\/i0.wp.com\/www.24baires.com\/wp-content\/uploads\/2019\/02\/electrodomesticos.jpg?w=560&amp;ssl=1 560w, https:\/\/i0.wp.com\/www.24baires.com\/wp-content\/uploads\/2019\/02\/electrodomesticos.jpg?resize=300%2C181&amp;ssl=1 300w\" sizes=\"auto, (max-width: 560px) 100vw, 560px\" \/>Los n\u00fameros en rojo se explican por la suba de precios provocada por la devaluaci\u00f3n y la p\u00e9rdida creciente de poder adquisitivo de la poblaci\u00f3n.<!--more--><\/p>\n<p>La producci\u00f3n y el consumo de art\u00edculos electr\u00f3nicos se derrumb\u00f3 hasta 71 por ciento en el primer semestre de este a\u00f1o, seg\u00fan la Asociaci\u00f3n de F\u00e1bricas Argentinas Terminales de Electr\u00f3nica (Afarte), que nuclea a las principales empresas fabricantes de aires acondicionados, televisores, celulares, microondas y electr\u00f3nica para los autos. Los n\u00fameros en rojo se explican por la suba de precios provocada por la devaluaci\u00f3n y la p\u00e9rdida creciente de poder adquisitivo de la poblaci\u00f3n. Desde la asociaci\u00f3n esperan una nueva ca\u00edda en los indicadores para lo que queda del a\u00f1o, porque consideran que ante la volatilidad del d\u00f3lar y la inflaci\u00f3n, los consumidores tendr\u00e1n menor capacidad de compra. El repunte en la actividad llegar\u00eda reci\u00e9n a mediados del 2020. \u201cLa sensaci\u00f3n es que este a\u00f1o estamos jugados, estamos ansiosos esperando la reactivaci\u00f3n\u201d, asegur\u00f3 a P\u00e1gina\/12 Federico Hellemeyer, presidente de Afarte.<\/p>\n<p>En el primer semestre de este a\u00f1o, la fabricaci\u00f3n de celulares cay\u00f3 26 por ciento, y el consumo baj\u00f3 24 por ciento, respecto al mismo per\u00edodo del 2018. El a\u00f1o pasado se hab\u00edan vendido entre enero y junio 4,6 millones de celulares, mientras que este a\u00f1o se comercializaron 3,5 millones, lo que significa 1,1 mill\u00f3n menos de unidades. La demanda se concentr\u00f3 entre la gama baja (58 por ciento) y media (40 por ciento), mientras que la participaci\u00f3n de la gama alta fue tan s\u00f3lo del 2 por ciento. As\u00ed se desprende del informe titulado \u201cCelulares, televisores y acondicionadores de aire, tres segmentos en busca de ventas\u201d.<\/p>\n<p>El mercado de los televisores fue el m\u00e1s afectado. La producci\u00f3n se desplom\u00f3 71 por ciento y el consumo, 56 por ciento, teniendo en cuenta el primer semestre de este a\u00f1o con respecto al del a\u00f1o anterior. Si bien una de las causas de esta ca\u00edda fue la contracci\u00f3n del consumo, desde Afarte agregan que se acent\u00faa m\u00e1s porque se lo compara contra el 2018 cuando fue el mundial de f\u00fatbol. Las ca\u00eddas m\u00e1s fuertes se dieron en las categor\u00edas de mayor tama\u00f1o, que son las que tienen los precios m\u00e1s altos. Los led de 32 pulgadas mantuvieron su prevalencia en el mercado, y concentraron 4,7 de cada 10 televisores fabricados. Respecto a la calidad de la imagen, el segmento con mayor presencia fue el de menor resoluci\u00f3n (el HD de 1280&#215;720 pixels), que concentr\u00f3 el 47 por ciento de la demanda. Los Smart TV, que ten\u00edan un 91 por ciento de participaci\u00f3n en la producci\u00f3n, bajaron a 81 por ciento. \u201cTodas estas caracter\u00edsticas reflejan la adecuaci\u00f3n de la producci\u00f3n en un a\u00f1o no mundialista con restricciones econ\u00f3micas del mercado interno\u201d, dice el informe.<\/p>\n<p>En cuanto a los aires acondicionados, se observa una ca\u00edda de la producci\u00f3n del 37 por ciento, pero un aumento del 16 por ciento en el consumo. La explicaci\u00f3n es que se trata de un producto estacional, donde las ventas se concentran en el segundo semestre de cada a\u00f1o, pero como las ventas se frenaron a fines de 2018 por la megadevaluaci\u00f3n, se concretaron en los primeros meses de 2019. Adem\u00e1s, durante el verano se registr\u00f3 una baja en los precios de venta de 2,5 por ciento. Para fin de a\u00f1o se espera una producci\u00f3n de 850 mil unidades, cuando el a\u00f1o pasado fue de 1,2 millones. El pico de producci\u00f3n nacional se registr\u00f3 en 2015, cuando la producci\u00f3n fue de 1,8 millones de unidades.<\/p>\n<p>Ansiedad por la reactivaci\u00f3n<br \/>\nLas causas del desplome en la producci\u00f3n y el consumo de explican ante la falta de demanda registrada en el mercado interno. Por el relanzamiento del Ahora 12 se desaceler\u00f3 la ca\u00edda en en mayo y junio, pero no alcanz\u00f3 para generar una tendencia positiva. \u201cEl Ahora 12 ayuda, pero son correcciones en un contexto ya de por si muy adverso\u201d, explic\u00f3 Federico Hellemeyer, presidente de Afarte. Adem\u00e1s, la volatilidad del d\u00f3lar impacta en la demanda, por la inflaci\u00f3n y la p\u00e9rdida del poder adquisitivo de los consumidores. Pero tambi\u00e9n en la producci\u00f3n, por la estructura de costos dolarizada. Del precio de salida de f\u00e1brica, el 70 por ciento de los insumos son importados en el caso de los celulares, el 50 por ciento en aires acondicionados y el 55 por ciento en televisores. Sin embargo, las subas de precios no acompa\u00f1aron los saltos en el tipo de cambio. \u201cComo la demanda no responde, tenemos pass through rezagado, y no hay m\u00e1s margen para resignar rentabilidad\u201d, agreg\u00f3 Hellemeyer.<\/p>\n<p>La situaci\u00f3n actual llev\u00f3 a que las f\u00e1bricas trabajen con el 50 por ciento de la capacidad ociosa. \u201cTenemos un nivel de inversi\u00f3n para producir el doble de lo que hacemos hoy\u201d, explic\u00f3 Hellemeyer. En cuanto al empleo, se llevan a cabo suspensiones pero no despidos, por un acuerdo realizado con los sindicatos a fines de 2017.<\/p>\n<p>Con un 2018 con n\u00fameros negativos y un 2019 con expectativas tambi\u00e9n sombr\u00edas, desde la asociaci\u00f3n esperan que la reactivaci\u00f3n se de reci\u00e9n a mediados del 2020. \u201cLa sensaci\u00f3n es que este a\u00f1o estamos jugados. A la menor capacidad de compra se suma la incertidumbre electoral. Estamos ansiosos, pero el panorama es muy esquivo\u201d, opin\u00f3 Hellemeyer.<\/p>\n<p>Tampoco se muestra optimista por el hecho de que un tipo de cambio competitivo les permita exportar la producci\u00f3n. \u201cEl d\u00f3lar alto nos encarece nuestra estructura de costos\u201d, explic\u00f3. Al mismo tiempo, dijo que la industria electr\u00f3nica siempre mir\u00f3 el mercado interno porque el sector electr\u00f3nico mundial es \u201chiper competitiva\u201d con grandes jugadores como China, Corea y Vietnam. Y en la regi\u00f3n, Brasil es uno de los grandes jugadores, con una escala de producci\u00f3n casi 10 veces mayor a la argentina, seg\u00fan una estimaci\u00f3n de Hellemeyer.<\/p>\n","protected":false},"excerpt":{"rendered":"<p>Los n\u00fameros en rojo se explican por la suba de precios provocada por la devaluaci\u00f3n y la p\u00e9rdida creciente de poder adquisitivo de la poblaci\u00f3n.<\/p>\n","protected":false},"author":4,"featured_media":0,"comment_status":"open","ping_status":"open","sticky":false,"template":"","format":"standard","meta":{"_jetpack_newsletter_access":"","_jetpack_dont_email_post_to_subs":false,"_jetpack_newsletter_tier_id":0,"_jetpack_memberships_contains_paywalled_content":false,"_jetpack_memberships_contains_paid_content":false,"footnotes":""},"categories":[45],"tags":[],"class_list":["post-112078","post","type-post","status-publish","format-standard","hentry","category-economia"],"jetpack_featured_media_url":"","jetpack_shortlink":"https:\/\/wp.me\/p2JWE0-t9I","jetpack-related-posts":[{"id":104076,"url":"https:\/\/www.24baires.com\/?p=104076","url_meta":{"origin":112078,"position":0},"title":"Concesionarias de autos cerrar\u00e1n su peor a\u00f1o desde la crisis del 2002","author":"GB","date":"24\/08\/2018","format":false,"excerpt":"El sue\u00f1o de llegar al mill\u00f3n de autos vendidos se diluye much\u00edsimo antes del cierre de a\u00f1o y adelantan que el stock ya es mayor a la cantidad que se va a poder vender. Aseguran que los principales motivos son la perdida del poder adquisitivo, el aumento de la inflaci\u00f3n\u2026","rel":"","context":"En \u00abConsumidores\u00bb","block_context":{"text":"Consumidores","link":"https:\/\/www.24baires.com\/?cat=78"},"img":{"alt_text":"","src":"https:\/\/i0.wp.com\/www.24baires.com\/wp-content\/uploads\/2014\/06\/auto.jpg?resize=350%2C200","width":350,"height":200,"srcset":"https:\/\/i0.wp.com\/www.24baires.com\/wp-content\/uploads\/2014\/06\/auto.jpg?resize=350%2C200 1x, https:\/\/i0.wp.com\/www.24baires.com\/wp-content\/uploads\/2014\/06\/auto.jpg?resize=525%2C300 1.5x"},"classes":[]},{"id":104831,"url":"https:\/\/www.24baires.com\/?p=104831","url_meta":{"origin":112078,"position":1},"title":"Los salarios caer\u00e1n un 11% en promedio este a\u00f1o","author":"AF","date":"08\/10\/2018","format":false,"excerpt":"Mientras los consumidores deber\u00e1n compensar a las productoras de gas por la devaluaci\u00f3n del peso, el poder adquisitivo del salario caer\u00e1 un 11% en promedio (hasta un 17% seg\u00fan la provincia) a causa de la inflaci\u00f3n provocada por el aumento del d\u00f3lar. La p\u00e9rdida del poder adquisitivo ser\u00eda del 11%\u2026","rel":"","context":"En \u00abSociedad\u00bb","block_context":{"text":"Sociedad","link":"https:\/\/www.24baires.com\/?cat=1"},"img":{"alt_text":"","src":"https:\/\/i0.wp.com\/www.24baires.com\/wp-content\/uploads\/2018\/08\/supermercado.jpg?resize=350%2C200","width":350,"height":200,"srcset":"https:\/\/i0.wp.com\/www.24baires.com\/wp-content\/uploads\/2018\/08\/supermercado.jpg?resize=350%2C200 1x, https:\/\/i0.wp.com\/www.24baires.com\/wp-content\/uploads\/2018\/08\/supermercado.jpg?resize=525%2C300 1.5x"},"classes":[]},{"id":30414,"url":"https:\/\/www.24baires.com\/?p=30414","url_meta":{"origin":112078,"position":2},"title":"Crece la sustituci\u00f3n de importaciones con alzas de hasta el 200% en electr\u00f3nica","author":"Grupo Sierra","date":"18\/08\/2013","format":false,"excerpt":"La ministra de Industria, D\u00e9bora Giorgi, destac\u00f3 que la producci\u00f3n de electr\u00f3nicos en Tierra del Fuego se increment\u00f3 hasta un 200 por ciento en el primer semestre del a\u00f1o, en relaci\u00f3n con el mismo per\u00edodo de 2012. De acuerdo con un informe de la cartera de Industria, en el primer\u2026","rel":"","context":"En \u00abEconom\u00eda\u00bb","block_context":{"text":"Econom\u00eda","link":"https:\/\/www.24baires.com\/?cat=45"},"img":{"alt_text":"","src":"","width":0,"height":0},"classes":[]},{"id":104129,"url":"https:\/\/www.24baires.com\/?p=104129","url_meta":{"origin":112078,"position":3},"title":"Las petroleras preparan a\u00fan m\u00e1s aumentos del precio del combustible","author":"AF","date":"27\/08\/2018","format":false,"excerpt":"La intenci\u00f3n de las empresas es trasladar al p\u00fablico la mayor parte de la devaluaci\u00f3n. De acuerdo con estimaciones del sector, la nafta super debe ajustarse un 20 por ciento, la premium, 7 y el gasoil, 22. En septiembre llegar\u00e1 la pr\u00f3xima suba. La suba del d\u00f3lar sigue provocando presi\u00f3n\u2026","rel":"","context":"En \u00abEconom\u00eda\u00bb","block_context":{"text":"Econom\u00eda","link":"https:\/\/www.24baires.com\/?cat=45"},"img":{"alt_text":"","src":"https:\/\/i0.wp.com\/www.24baires.com\/wp-content\/uploads\/2013\/02\/surtidor-nafta.jpg?resize=350%2C200","width":350,"height":200,"srcset":"https:\/\/i0.wp.com\/www.24baires.com\/wp-content\/uploads\/2013\/02\/surtidor-nafta.jpg?resize=350%2C200 1x, https:\/\/i0.wp.com\/www.24baires.com\/wp-content\/uploads\/2013\/02\/surtidor-nafta.jpg?resize=525%2C300 1.5x"},"classes":[]},{"id":90904,"url":"https:\/\/www.24baires.com\/?p=90904","url_meta":{"origin":112078,"position":4},"title":"La actividad comercial en la Provincia cay\u00f3 un 7,8%","author":"AF","date":"20\/12\/2016","format":false,"excerpt":"Las cantidades vendidas por los comercios minoristas bonaerenses en noviembre sufrieron una contracci\u00f3n del 7,8 por ciento interanual, mientras que en el acumulado de los primeros once meses del a\u00f1o la baja fue del 6,1 por ciento, con respecto al mismo per\u00edodo del a\u00f1o pasado, seg\u00fan indic\u00f3 hoy la Federaci\u00f3n\u2026","rel":"","context":"En \u00abEconom\u00eda\u00bb","block_context":{"text":"Econom\u00eda","link":"https:\/\/www.24baires.com\/?cat=45"},"img":{"alt_text":"","src":"https:\/\/i0.wp.com\/www.24baires.com\/wp-content\/uploads\/2013\/05\/edificio-en-construcci%C3%B3n.jpg?resize=350%2C200","width":350,"height":200,"srcset":"https:\/\/i0.wp.com\/www.24baires.com\/wp-content\/uploads\/2013\/05\/edificio-en-construcci%C3%B3n.jpg?resize=350%2C200 1x, https:\/\/i0.wp.com\/www.24baires.com\/wp-content\/uploads\/2013\/05\/edificio-en-construcci%C3%B3n.jpg?resize=525%2C300 1.5x"},"classes":[]},{"id":48481,"url":"https:\/\/www.24baires.com\/?p=48481","url_meta":{"origin":112078,"position":5},"title":"Informe: aseguran que los salarios le ganaron a la inflaci\u00f3n durante el \u00faltimo a\u00f1o","author":"GB","date":"22\/06\/2014","format":false,"excerpt":"El ingreso medio de los trabajadores argentinos se mantuvo por encima de las variaciones de precios producidas en el \u00faltimo a\u00f1o y tambi\u00e9n logr\u00f3 recomponerse luego de la devaluaci\u00f3n del peso frente al d\u00f3lar, producida en enero pasado. Esta es la conclusi\u00f3n a la que arrib\u00f3 un an\u00e1lisis elaborado por\u2026","rel":"","context":"En \u00abEconom\u00eda\u00bb","block_context":{"text":"Econom\u00eda","link":"https:\/\/www.24baires.com\/?cat=45"},"img":{"alt_text":"","src":"","width":0,"height":0},"classes":[]}],"jetpack_sharing_enabled":true,"jetpack_likes_enabled":true,"_links":{"self":[{"href":"https:\/\/www.24baires.com\/index.php?rest_route=\/wp\/v2\/posts\/112078","targetHints":{"allow":["GET"]}}],"collection":[{"href":"https:\/\/www.24baires.com\/index.php?rest_route=\/wp\/v2\/posts"}],"about":[{"href":"https:\/\/www.24baires.com\/index.php?rest_route=\/wp\/v2\/types\/post"}],"author":[{"embeddable":true,"href":"https:\/\/www.24baires.com\/index.php?rest_route=\/wp\/v2\/users\/4"}],"replies":[{"embeddable":true,"href":"https:\/\/www.24baires.com\/index.php?rest_route=%2Fwp%2Fv2%2Fcomments&post=112078"}],"version-history":[{"count":1,"href":"https:\/\/www.24baires.com\/index.php?rest_route=\/wp\/v2\/posts\/112078\/revisions"}],"predecessor-version":[{"id":112079,"href":"https:\/\/www.24baires.com\/index.php?rest_route=\/wp\/v2\/posts\/112078\/revisions\/112079"}],"wp:attachment":[{"href":"https:\/\/www.24baires.com\/index.php?rest_route=%2Fwp%2Fv2%2Fmedia&parent=112078"}],"wp:term":[{"taxonomy":"category","embeddable":true,"href":"https:\/\/www.24baires.com\/index.php?rest_route=%2Fwp%2Fv2%2Fcategories&post=112078"},{"taxonomy":"post_tag","embeddable":true,"href":"https:\/\/www.24baires.com\/index.php?rest_route=%2Fwp%2Fv2%2Ftags&post=112078"}],"curies":[{"name":"wp","href":"https:\/\/api.w.org\/{rel}","templated":true}]}}