{"id":112062,"date":"2019-09-12T18:19:21","date_gmt":"2019-09-12T21:19:21","guid":{"rendered":"http:\/\/www.24baires.com\/?p=112062"},"modified":"2019-09-12T18:19:21","modified_gmt":"2019-09-12T21:19:21","slug":"la-inflacion-de-agosto-fue-del-4-y-acumula-30-en-ocho-meses","status":"publish","type":"post","link":"https:\/\/www.24baires.com\/?p=112062","title":{"rendered":"La inflaci\u00f3n de agosto fue del 4% y acumula 30% en ocho meses"},"content":{"rendered":"<p><img data-recalc-dims=\"1\" loading=\"lazy\" decoding=\"async\" src=\"https:\/\/i0.wp.com\/www.24baires.com\/wp-content\/uploads\/2016\/05\/supermercado-vac%C3%ADo.jpg?resize=560%2C333\" alt=\"\" width=\"560\" height=\"333\" class=\"aligncenter size-full wp-image-82565\" srcset=\"https:\/\/i0.wp.com\/www.24baires.com\/wp-content\/uploads\/2016\/05\/supermercado-vac%C3%ADo.jpg?w=560&amp;ssl=1 560w, https:\/\/i0.wp.com\/www.24baires.com\/wp-content\/uploads\/2016\/05\/supermercado-vac%C3%ADo.jpg?resize=300%2C178&amp;ssl=1 300w\" sizes=\"auto, (max-width: 560px) 100vw, 560px\" \/>En agosto se comenz\u00f3 a sentir en los precios el efecto de la megadevaluaci\u00f3n del peso y se espera que en septiembre la inflaci\u00f3n sea a\u00fan mayor. \u00abAlimentos y bebidas\u00bb acumulan subas del 58,8% en los \u00faltimos 12 meses.<!--more--><\/p>\n<p>Tal como se esperaba la inflaci\u00f3n de agosto volvi\u00f3 a dispararse y lleg\u00f3 al 4% seg\u00fan inform\u00f3 este jueves el Instituto Nacional de Estad\u00edsticas y Censo (Indec). De esta manera el avance del \u00edndice general de precios acumula un 30% en los primeros 8 meses del a\u00f1o.<\/p>\n<p>En la comparaci\u00f3n interanual, agosto 2019 contra agosto del a\u00f1o pasado la inflaci\u00f3n lleg\u00f3 al 54,5%.<\/p>\n<p>Agosto recogi\u00f3 algo del traslado a precios de la megadevaluaci\u00f3n del peso experimentada tras las Primarias Abiertas, Simult\u00e1neas y Obligatorias (PASO) y se espera que el grueso del pass though se de este mes por que lo que se anticipa que la inflaci\u00f3n de septiembre ser\u00e1 todav\u00eda m\u00e1s alta.<\/p>\n<p>De acuerdo con el \u00faltimo Relevamiento de Expectativas de Mercado (REM) difundido por el Banco Central d\u00edas atr\u00e1s los analistas privados anticipan que la inflaci\u00f3n llegar\u00e1 este a\u00f1o al 55%.<\/p>\n<p>Los rubros \u00abAlimentos y Bebidas no Alcoh\u00f3licas\u00bb (+4,5%), \u00abSalud\u00bb (+5,2%) y \u00abEquipamiento y Mantenimiento del hogar\u00bb (+6,1%) son los que m\u00e1s aumentaron en agosto pasado.<\/p>\n<p>En el mismo d\u00eda en que la C\u00e1mara de Diputados dio media sanci\u00f3n a la Ley que declara la Emergencia Alimentaria en todo el pa\u00eds el Indec inform\u00f3 que en lo que va del a\u00f1o \u00abAlimentos y Bebidas no Alcoh\u00f3licas\u00bb subi\u00f3 un 33,3% y acumula un 58,8% en el \u00faltimo a\u00f1o.<\/p>\n","protected":false},"excerpt":{"rendered":"<p>En agosto se comenz\u00f3 a sentir en los precios el efecto de la megadevaluaci\u00f3n del peso y se espera que en septiembre la inflaci\u00f3n sea a\u00fan mayor. \u00abAlimentos y bebidas\u00bb acumulan subas del 58,8% en los \u00faltimos 12 meses.<\/p>\n","protected":false},"author":4,"featured_media":0,"comment_status":"open","ping_status":"open","sticky":false,"template":"","format":"standard","meta":{"_jetpack_newsletter_access":"","_jetpack_dont_email_post_to_subs":false,"_jetpack_newsletter_tier_id":0,"_jetpack_memberships_contains_paywalled_content":false,"_jetpack_memberships_contains_paid_content":false,"footnotes":""},"categories":[45],"tags":[],"class_list":["post-112062","post","type-post","status-publish","format-standard","hentry","category-economia"],"jetpack_featured_media_url":"","jetpack_shortlink":"https:\/\/wp.me\/p2JWE0-t9s","jetpack-related-posts":[{"id":112103,"url":"https:\/\/www.24baires.com\/?p=112103","url_meta":{"origin":112062,"position":0},"title":"Durante la primera semana de septiembre los precios subieron un 6,5%","author":"AF","date":"16\/09\/2019","format":false,"excerpt":"El Centro de Estudios Scalabrini Ortiz midi\u00f3 una aceleraci\u00f3n de las remarcaciones en lo que va del mes. La consultura Elypsis advriti\u00f3 que los alimentos aumentaron 10,5 por ciento desde las PASO. El descalabro cambiario registrado tras las elecciones primarias comienza a reflejarse con mayor intensidad en las g\u00f3ndolas. Durante\u2026","rel":"","context":"En \u00abSociedad\u00bb","block_context":{"text":"Sociedad","link":"https:\/\/www.24baires.com\/?cat=1"},"img":{"alt_text":"","src":"https:\/\/i0.wp.com\/www.24baires.com\/wp-content\/uploads\/2013\/03\/supermercado2.jpg?resize=350%2C200","width":350,"height":200,"srcset":"https:\/\/i0.wp.com\/www.24baires.com\/wp-content\/uploads\/2013\/03\/supermercado2.jpg?resize=350%2C200 1x, https:\/\/i0.wp.com\/www.24baires.com\/wp-content\/uploads\/2013\/03\/supermercado2.jpg?resize=525%2C300 1.5x"},"classes":[]},{"id":104456,"url":"https:\/\/www.24baires.com\/?p=104456","url_meta":{"origin":112062,"position":1},"title":"La inflaci\u00f3n oficial de agosto fue del 3,9% y alcanza as\u00ed un 24,3% anual","author":"AF","date":"13\/09\/2018","format":false,"excerpt":"La inflaci\u00f3n de agosto fue del 3,9%, y el aumento del costo de vida ya acumula un 24,3% este a\u00f1o. Los datos fueron informados hace minutos por el Instituto Nacional de Estad\u00edstica y Censos (INDEC), que precis\u00f3 adem\u00e1s que en el Gran Buenos Aires la inflaci\u00f3n lleg\u00f3 al 4,1%. Seg\u00fan\u2026","rel":"","context":"En \u00abEconom\u00eda\u00bb","block_context":{"text":"Econom\u00eda","link":"https:\/\/www.24baires.com\/?cat=45"},"img":{"alt_text":"","src":"https:\/\/i0.wp.com\/www.24baires.com\/wp-content\/uploads\/2018\/08\/supermercado.jpg?resize=350%2C200","width":350,"height":200,"srcset":"https:\/\/i0.wp.com\/www.24baires.com\/wp-content\/uploads\/2018\/08\/supermercado.jpg?resize=350%2C200 1x, https:\/\/i0.wp.com\/www.24baires.com\/wp-content\/uploads\/2018\/08\/supermercado.jpg?resize=525%2C300 1.5x"},"classes":[]},{"id":106412,"url":"https:\/\/www.24baires.com\/?p=106412","url_meta":{"origin":112062,"position":2},"title":"La inflaci\u00f3n mayorista fue del 73,5% durante 2018","author":"AF","date":"17\/01\/2019","format":false,"excerpt":"Al comp\u00e1s de la megadevaluaci\u00f3n del a\u00f1o pasado, los precios mayoristas superaron el \u00edndice de inflaci\u00f3n minorista (47,6 por ciento). El petr\u00f3leo crudo y el gas aumentaron 105,5 por ciento, y los veh\u00edculos automotores, carrocer\u00edas y repuestos un 90,6 por ciento. Los precios de los productos importados se incrementaron un\u2026","rel":"","context":"En \u00abEconom\u00eda\u00bb","block_context":{"text":"Econom\u00eda","link":"https:\/\/www.24baires.com\/?cat=45"},"img":{"alt_text":"","src":"https:\/\/i0.wp.com\/www.24baires.com\/wp-content\/uploads\/2015\/12\/autos-0km.jpg?resize=350%2C200","width":350,"height":200,"srcset":"https:\/\/i0.wp.com\/www.24baires.com\/wp-content\/uploads\/2015\/12\/autos-0km.jpg?resize=350%2C200 1x, https:\/\/i0.wp.com\/www.24baires.com\/wp-content\/uploads\/2015\/12\/autos-0km.jpg?resize=525%2C300 1.5x"},"classes":[]},{"id":104933,"url":"https:\/\/www.24baires.com\/?p=104933","url_meta":{"origin":112062,"position":3},"title":"Seg\u00fan proyecciones privadas, la inflaci\u00f3n de septiembre oscilar\u00e1 entre 5,5% y 7,7%","author":"GB","date":"15\/10\/2018","format":false,"excerpt":"El pr\u00f3ximo mi\u00e9rcoles se difundir\u00e1 el \u00edndice elaborado por el Instituto Nacional de Estad\u00edsticas y Censos, pero como es habitual la consultoras privadas anticiparon el incremento para el mes de septiembre. La inflaci\u00f3n m\u00e1s alta de los \u00faltimos 2 a\u00f1os fue la registrada en el mes de agosto pasado cuando\u2026","rel":"","context":"En \u00abEconom\u00eda\u00bb","block_context":{"text":"Econom\u00eda","link":"https:\/\/www.24baires.com\/?cat=45"},"img":{"alt_text":"","src":"https:\/\/i0.wp.com\/www.24baires.com\/wp-content\/uploads\/2018\/08\/supermercado.jpg?resize=350%2C200","width":350,"height":200,"srcset":"https:\/\/i0.wp.com\/www.24baires.com\/wp-content\/uploads\/2018\/08\/supermercado.jpg?resize=350%2C200 1x, https:\/\/i0.wp.com\/www.24baires.com\/wp-content\/uploads\/2018\/08\/supermercado.jpg?resize=525%2C300 1.5x"},"classes":[]},{"id":105037,"url":"https:\/\/www.24baires.com\/?p=105037","url_meta":{"origin":112062,"position":4},"title":"El poder adquisitivo de los sueldos caer\u00e1 casi un 20% este a\u00f1o","author":"AF","date":"21\/10\/2018","format":false,"excerpt":"La inflaci\u00f3n acumulada en lo que del a\u00f1o lleg\u00f3 al 32,4% pero en los alimentos crece al 35,8%. Y en el desagregado producto por producto, los alimentos b\u00e1sicos sufrieron aumentos muy por encima de ese nivel. Las consultoras privadas coinciden en advertir que la inflaci\u00f3n este a\u00f1o se ubicar\u00e1 en\u2026","rel":"","context":"En \u00abSociedad\u00bb","block_context":{"text":"Sociedad","link":"https:\/\/www.24baires.com\/?cat=1"},"img":{"alt_text":"","src":"https:\/\/i0.wp.com\/www.24baires.com\/wp-content\/uploads\/2016\/12\/supermercado.jpg?resize=350%2C200","width":350,"height":200,"srcset":"https:\/\/i0.wp.com\/www.24baires.com\/wp-content\/uploads\/2016\/12\/supermercado.jpg?resize=350%2C200 1x, https:\/\/i0.wp.com\/www.24baires.com\/wp-content\/uploads\/2016\/12\/supermercado.jpg?resize=525%2C300 1.5x"},"classes":[]},{"id":105207,"url":"https:\/\/www.24baires.com\/?p=105207","url_meta":{"origin":112062,"position":5},"title":"Aseguran que los aumentos salariales no alcanzan a vencer la inflaci\u00f3n","author":"AF","date":"31\/10\/2018","format":false,"excerpt":"La situaci\u00f3n m\u00e1s delicada la enfrentan los informales que tuvieron una mejora de apenas 18 puntos, poco m\u00e1s de la mitad de la inflaci\u00f3n. Se espera que cuando se conozcan los datos de septiembre y octubre el poder adquisitivo empeore todav\u00eda m\u00e1s. Los salarios aumentaron 2,8 por ciento en agosto\u2026","rel":"","context":"En \u00abSociedad\u00bb","block_context":{"text":"Sociedad","link":"https:\/\/www.24baires.com\/?cat=1"},"img":{"alt_text":"","src":"https:\/\/i0.wp.com\/www.24baires.com\/wp-content\/uploads\/2016\/12\/supermercado.jpg?resize=350%2C200","width":350,"height":200,"srcset":"https:\/\/i0.wp.com\/www.24baires.com\/wp-content\/uploads\/2016\/12\/supermercado.jpg?resize=350%2C200 1x, https:\/\/i0.wp.com\/www.24baires.com\/wp-content\/uploads\/2016\/12\/supermercado.jpg?resize=525%2C300 1.5x"},"classes":[]}],"jetpack_sharing_enabled":true,"jetpack_likes_enabled":true,"_links":{"self":[{"href":"https:\/\/www.24baires.com\/index.php?rest_route=\/wp\/v2\/posts\/112062","targetHints":{"allow":["GET"]}}],"collection":[{"href":"https:\/\/www.24baires.com\/index.php?rest_route=\/wp\/v2\/posts"}],"about":[{"href":"https:\/\/www.24baires.com\/index.php?rest_route=\/wp\/v2\/types\/post"}],"author":[{"embeddable":true,"href":"https:\/\/www.24baires.com\/index.php?rest_route=\/wp\/v2\/users\/4"}],"replies":[{"embeddable":true,"href":"https:\/\/www.24baires.com\/index.php?rest_route=%2Fwp%2Fv2%2Fcomments&post=112062"}],"version-history":[{"count":1,"href":"https:\/\/www.24baires.com\/index.php?rest_route=\/wp\/v2\/posts\/112062\/revisions"}],"predecessor-version":[{"id":112063,"href":"https:\/\/www.24baires.com\/index.php?rest_route=\/wp\/v2\/posts\/112062\/revisions\/112063"}],"wp:attachment":[{"href":"https:\/\/www.24baires.com\/index.php?rest_route=%2Fwp%2Fv2%2Fmedia&parent=112062"}],"wp:term":[{"taxonomy":"category","embeddable":true,"href":"https:\/\/www.24baires.com\/index.php?rest_route=%2Fwp%2Fv2%2Fcategories&post=112062"},{"taxonomy":"post_tag","embeddable":true,"href":"https:\/\/www.24baires.com\/index.php?rest_route=%2Fwp%2Fv2%2Ftags&post=112062"}],"curies":[{"name":"wp","href":"https:\/\/api.w.org\/{rel}","templated":true}]}}