{"id":112045,"date":"2019-09-11T19:30:21","date_gmt":"2019-09-11T22:30:21","guid":{"rendered":"http:\/\/www.24baires.com\/?p=112045"},"modified":"2019-09-11T20:18:46","modified_gmt":"2019-09-11T23:18:46","slug":"lacunza-presentara-el-presupuesto-para-2020-con-una-inflacion-estimada-de-34","status":"publish","type":"post","link":"https:\/\/www.24baires.com\/?p=112045","title":{"rendered":"Lacunza presentar\u00e1 el presupuesto para 2020 con una inflaci\u00f3n estimada de 34%"},"content":{"rendered":"<p><img data-recalc-dims=\"1\" loading=\"lazy\" decoding=\"async\" src=\"https:\/\/i0.wp.com\/www.24baires.com\/wp-content\/uploads\/2019\/08\/Lacunza.jpg?resize=560%2C314\" alt=\"\" width=\"560\" height=\"314\" class=\"aligncenter size-full wp-image-111694\" srcset=\"https:\/\/i0.wp.com\/www.24baires.com\/wp-content\/uploads\/2019\/08\/Lacunza.jpg?w=560&amp;ssl=1 560w, https:\/\/i0.wp.com\/www.24baires.com\/wp-content\/uploads\/2019\/08\/Lacunza.jpg?resize=300%2C168&amp;ssl=1 300w\" sizes=\"auto, (max-width: 560px) 100vw, 560px\" \/>El ministro de Hacienda presentar\u00e1 su plan en el Congreso para obtener la aprobaci\u00f3n de ambas c\u00e1maras. Se prev\u00e9 una ca\u00edda del 2,6% del PBI para este a\u00f1o.<!--more--><\/p>\n<p>El ministro de Hacienda, Hern\u00e1n Lacunza, presentar\u00e1 el pr\u00f3ximo lunes el proyecto de Ley de Presupuesto para 2020 en el se contemplar\u00e1 un crecimiento del 1% y una inflaci\u00f3n que rondar\u00e1 el 34% en promedio.<\/p>\n<p>Desde el Palacio de Hacienda informaron que el a\u00f1o 2019 terminar\u00e1 con una ca\u00edda en torno a 2,6% del Producto Bruto Interno (PBI), lo que dejar\u00e1 \u00abun efecto de arrastre negativo\u00bb de 1% para el a\u00f1o pr\u00f3ximo.<\/p>\n<p>El proyecto de Lacunza ser\u00e1 presentado en el Congreso, donde ambas c\u00e1maras deber\u00e1n dar su aprobaci\u00f3n antes de poder implementarlo.<\/p>\n<p>Lacunza no incluy\u00f3 en el texto la reprogramaci\u00f3n de la deuda con el Fondo Monetario Internacional (FMI), una maniobra que tambi\u00e9n requerir\u00e1 la aprobaci\u00f3n del Congreso.<\/p>\n","protected":false},"excerpt":{"rendered":"<p>El ministro de Hacienda presentar\u00e1 su plan en el Congreso para obtener la aprobaci\u00f3n de ambas c\u00e1maras. Se prev\u00e9 una ca\u00edda del 2,6% del PBI para este a\u00f1o.<\/p>\n","protected":false},"author":4,"featured_media":0,"comment_status":"open","ping_status":"open","sticky":false,"template":"","format":"standard","meta":{"_jetpack_newsletter_access":"","_jetpack_dont_email_post_to_subs":false,"_jetpack_newsletter_tier_id":0,"_jetpack_memberships_contains_paywalled_content":false,"_jetpack_memberships_contains_paid_content":false,"footnotes":""},"categories":[45],"tags":[],"class_list":["post-112045","post","type-post","status-publish","format-standard","hentry","category-economia"],"jetpack_featured_media_url":"","jetpack_shortlink":"https:\/\/wp.me\/p2JWE0-t9b","jetpack-related-posts":[{"id":112089,"url":"https:\/\/www.24baires.com\/?p=112089","url_meta":{"origin":112045,"position":0},"title":"Lacunza va al Congreso a presentar el proyecto del Presupuesto 2020","author":"GB","date":"16\/09\/2019","format":false,"excerpt":"La iniciativa, que ser\u00e1 presentada por el Ministro de Hacienda en Diputados, adem\u00e1s prev\u00e9 un crecimiento del 1% del PBI. El ministro de Hacienda de la Naci\u00f3n, Hern\u00e1n Lacunza, se presentar\u00e1 a las 15 en la Comisi\u00f3n de Presupuesto de la C\u00e1mara Dipuados y expondr\u00e1 los lineamientos econ\u00f3micos principales del\u2026","rel":"","context":"En \u00abEconom\u00eda\u00bb","block_context":{"text":"Econom\u00eda","link":"https:\/\/www.24baires.com\/?cat=45"},"img":{"alt_text":"","src":"https:\/\/i0.wp.com\/www.24baires.com\/wp-content\/uploads\/2019\/08\/Lacunza.jpg?resize=350%2C200","width":350,"height":200,"srcset":"https:\/\/i0.wp.com\/www.24baires.com\/wp-content\/uploads\/2019\/08\/Lacunza.jpg?resize=350%2C200 1x, https:\/\/i0.wp.com\/www.24baires.com\/wp-content\/uploads\/2019\/08\/Lacunza.jpg?resize=525%2C300 1.5x"},"classes":[]},{"id":112107,"url":"https:\/\/www.24baires.com\/?p=112107","url_meta":{"origin":112045,"position":1},"title":"Lacunza reconoci\u00f3 \u00abinconsistencias en el programa econ\u00f3mico\u00bb","author":"AF","date":"16\/09\/2019","format":false,"excerpt":"El proyecto oficial prev\u00e9 un crecimiento de un punto para el Producto Bruto Interno, un d\u00f3lar de 67 pesos promedio y de 75 pesos para diciembre y una inflaci\u00f3n del 34 por ciento. El ministro de Hacienda, Hern\u00e1n Lacunza, present\u00f3 este lunes el proyecto de ley de Presupuesto para el\u2026","rel":"","context":"En \u00abEconom\u00eda\u00bb","block_context":{"text":"Econom\u00eda","link":"https:\/\/www.24baires.com\/?cat=45"},"img":{"alt_text":"","src":"https:\/\/i0.wp.com\/www.24baires.com\/wp-content\/uploads\/2019\/08\/Lacunza.jpg?resize=350%2C200","width":350,"height":200,"srcset":"https:\/\/i0.wp.com\/www.24baires.com\/wp-content\/uploads\/2019\/08\/Lacunza.jpg?resize=350%2C200 1x, https:\/\/i0.wp.com\/www.24baires.com\/wp-content\/uploads\/2019\/08\/Lacunza.jpg?resize=525%2C300 1.5x"},"classes":[]},{"id":89092,"url":"https:\/\/www.24baires.com\/?p=89092","url_meta":{"origin":112045,"position":2},"title":"Lacunza presenta el Presupuesto provincial para 2017","author":"AF","date":"25\/10\/2016","format":false,"excerpt":"El ministro de Econom\u00eda, Hern\u00e1n Lacunza, concurrir\u00e1 este martes a la Legislatura para intentar persuadir a los senadores del FpV-PJ de que acompa\u00f1en el proyecto de Presupuesto para 2017. Ante los legisladores los lineamientos principales de la ley de leyes, al participar a las 15 del plenario de las comisiones\u2026","rel":"","context":"En \u00abProvincia\u00bb","block_context":{"text":"Provincia","link":"https:\/\/www.24baires.com\/?cat=40"},"img":{"alt_text":"lacunza","src":"https:\/\/i0.wp.com\/www.24baires.com\/wp-content\/uploads\/2015\/11\/lacunza.jpg?resize=350%2C200","width":350,"height":200,"srcset":"https:\/\/i0.wp.com\/www.24baires.com\/wp-content\/uploads\/2015\/11\/lacunza.jpg?resize=350%2C200 1x, https:\/\/i0.wp.com\/www.24baires.com\/wp-content\/uploads\/2015\/11\/lacunza.jpg?resize=525%2C300 1.5x"},"classes":[]},{"id":87612,"url":"https:\/\/www.24baires.com\/?p=87612","url_meta":{"origin":112045,"position":3},"title":"En dos semanas presentar\u00e1n el Presupuesto 2017 provincial","author":"AF","date":"16\/09\/2016","format":false,"excerpt":"El ministro de Econom\u00eda bonaerense, Hern\u00e1n Lacunza, confirm\u00f3 este jueves que el presupuesto provincial para el a\u00f1o pr\u00f3ximo ser\u00e1 presentado a principios de octubre y tambi\u00e9n que propondr\u00e1 un aumento del 50 por ciento en los fondos para obra p\u00fablica respecto de lo destinado a ese fin este a\u00f1o. Luego\u2026","rel":"","context":"En \u00abEconom\u00eda\u00bb","block_context":{"text":"Econom\u00eda","link":"https:\/\/www.24baires.com\/?cat=45"},"img":{"alt_text":"lacunza","src":"https:\/\/i0.wp.com\/www.24baires.com\/wp-content\/uploads\/2015\/11\/lacunza.jpg?resize=350%2C200","width":350,"height":200,"srcset":"https:\/\/i0.wp.com\/www.24baires.com\/wp-content\/uploads\/2015\/11\/lacunza.jpg?resize=350%2C200 1x, https:\/\/i0.wp.com\/www.24baires.com\/wp-content\/uploads\/2015\/11\/lacunza.jpg?resize=525%2C300 1.5x"},"classes":[]},{"id":112338,"url":"https:\/\/www.24baires.com\/?p=112338","url_meta":{"origin":112045,"position":4},"title":"Estiman que la inflaci\u00f3n de septiembre fue de 5,8%","author":"GB","date":"03\/10\/2019","format":false,"excerpt":"El Banco Central de la Rep\u00fablica Argentina realiz\u00f3 el Relevamiento de Expectativas de Mercado. El BCRA difundi\u00f3 el Relevamiento de Expectativas de Mercado (REM) que realiz\u00f3 entre los d\u00edas 26 y 30 de septiembre entre 45 participantes, entre los cuales se cuentan 27 consultoras y centros de investigaci\u00f3n locales, 13\u2026","rel":"","context":"En \u00abEconom\u00eda\u00bb","block_context":{"text":"Econom\u00eda","link":"https:\/\/www.24baires.com\/?cat=45"},"img":{"alt_text":"","src":"https:\/\/i0.wp.com\/www.24baires.com\/wp-content\/uploads\/2018\/08\/supermercado.jpg?resize=350%2C200","width":350,"height":200,"srcset":"https:\/\/i0.wp.com\/www.24baires.com\/wp-content\/uploads\/2018\/08\/supermercado.jpg?resize=350%2C200 1x, https:\/\/i0.wp.com\/www.24baires.com\/wp-content\/uploads\/2018\/08\/supermercado.jpg?resize=525%2C300 1.5x"},"classes":[]},{"id":76506,"url":"https:\/\/www.24baires.com\/?p=76506","url_meta":{"origin":112045,"position":5},"title":"Lacunza dijo que pedir\u00e1 un endeudamiento: El massismo advirti\u00f3 su rechazo","author":"GB","date":"16\/12\/2015","format":false,"excerpt":"El ministro de Hacienda bonaerense se reuni\u00f3 con los diputados y senadores bonaerenses de la oposici\u00f3n para informarles que pedir\u00e1 a la Legislatura provincial el endeudamiento. Lacunza, junto al vicegobernador Daniel Salvador, se reuni\u00f3 esta tarde con todos los legisladores (primero con los del Frente Renovador, luego con los del\u2026","rel":"","context":"En \u00abEconom\u00eda\u00bb","block_context":{"text":"Econom\u00eda","link":"https:\/\/www.24baires.com\/?cat=45"},"img":{"alt_text":"","src":"","width":0,"height":0},"classes":[]}],"jetpack_sharing_enabled":true,"jetpack_likes_enabled":true,"_links":{"self":[{"href":"https:\/\/www.24baires.com\/index.php?rest_route=\/wp\/v2\/posts\/112045","targetHints":{"allow":["GET"]}}],"collection":[{"href":"https:\/\/www.24baires.com\/index.php?rest_route=\/wp\/v2\/posts"}],"about":[{"href":"https:\/\/www.24baires.com\/index.php?rest_route=\/wp\/v2\/types\/post"}],"author":[{"embeddable":true,"href":"https:\/\/www.24baires.com\/index.php?rest_route=\/wp\/v2\/users\/4"}],"replies":[{"embeddable":true,"href":"https:\/\/www.24baires.com\/index.php?rest_route=%2Fwp%2Fv2%2Fcomments&post=112045"}],"version-history":[{"count":1,"href":"https:\/\/www.24baires.com\/index.php?rest_route=\/wp\/v2\/posts\/112045\/revisions"}],"predecessor-version":[{"id":112046,"href":"https:\/\/www.24baires.com\/index.php?rest_route=\/wp\/v2\/posts\/112045\/revisions\/112046"}],"wp:attachment":[{"href":"https:\/\/www.24baires.com\/index.php?rest_route=%2Fwp%2Fv2%2Fmedia&parent=112045"}],"wp:term":[{"taxonomy":"category","embeddable":true,"href":"https:\/\/www.24baires.com\/index.php?rest_route=%2Fwp%2Fv2%2Fcategories&post=112045"},{"taxonomy":"post_tag","embeddable":true,"href":"https:\/\/www.24baires.com\/index.php?rest_route=%2Fwp%2Fv2%2Ftags&post=112045"}],"curies":[{"name":"wp","href":"https:\/\/api.w.org\/{rel}","templated":true}]}}